{"id":50275,"date":"2025-08-25T11:13:12","date_gmt":"2025-08-25T14:13:12","guid":{"rendered":"https:\/\/atecordoba.org\/?p=50275"},"modified":"2025-08-25T11:15:41","modified_gmt":"2025-08-25T14:15:41","slug":"el-desguace-del-estado-argentino-mas-de-50-000-despidos-y-su-impacto-en-la-sociedad","status":"publish","type":"post","link":"https:\/\/atecordoba.org\/?p=50275","title":{"rendered":"El desguace del Estado argentino: M\u00e1s de 50.000 despidos y su impacto en la sociedad"},"content":{"rendered":"<p><img loading=\"lazy\" decoding=\"async\" class=\"aligncenter wp-image-50277 \" src=\"https:\/\/atecordoba.org\/wp-content\/uploads\/2025\/08\/fede-radio.jpeg\" alt=\"\" width=\"619\" height=\"465\" \/>En una entrevista en Radio La Ranchada, el secretario General de ATE C\u00f3rdoba, Federico Giuliani, denunci\u00f3 la pol\u00edtica de ajuste del gobierno de Javier Milei. &#8220;Desde diciembre de 2023, ha resultado en despidos masivos y el vaciamiento de organismos p\u00fablicos, dejando a miles de trabajadores marginados y a la poblaci\u00f3n desamparada ante la falta de pol\u00edticas p\u00fablicas esenciales&#8221;, sentenci\u00f3 el dirigente.<\/p>\n<p><img loading=\"lazy\" decoding=\"async\" class=\"alignleft wp-image-50278 size-full\" src=\"https:\/\/atecordoba.org\/wp-content\/uploads\/2025\/08\/IMG-20250820-WA0066-1-225x300-1.jpg\" alt=\"\" width=\"225\" height=\"300\" \/>Desde su asunci\u00f3n en diciembre de 2023, la administraci\u00f3n de Javier Milei ha\u00a0enfocado a los trabajadores del Estado como enemigos directos. Bajo el pretexto de pol\u00edticas de ajuste y desmonte estatal, se ha iniciado una\u00a0pol\u00edtica de despidos masivos, afectando a m\u00e1s de 50.000 trabajadores y trabajadoras en Argentina.<\/p>\n<p>Estos empleados, muchos con m\u00e1s de 25 a\u00f1os de antig\u00fcedad y conocimientos especializados, afirm\u00f3 Giuliani \u201chan quedado totalmente marginados del sistema laboral debido a su edad, en un contexto socioecon\u00f3mico extremadamente dif\u00edcil\u201d. El referente gremial se\u00f1al\u00f3 que se les ha descalificado p\u00fablicamente con motes como \u201c\u00f1oquis\u201d, \u201corcos\u201d, \u201cvagos\u201d o \u201cgrasa militante\u201d, lo que gener\u00f3 un consenso social inicial que lamentablemente aplaude esos despidos.<\/p>\n<p>El impacto de este desguace estatal se siente directamente en la provisi\u00f3n de servicios p\u00fablicos fundamentales. En C\u00f3rdoba, se ha documentado el cierre de organismos nacionales como ENACOM, INADI, el Ministerio de las Mujeres, Desarrollo Social y la SENAF Nacional, as\u00ed como la Subsecretar\u00eda de Agricultura Familiar, que apoyaba a peque\u00f1os y medianos productores rurales. Esto ha dejado a la sociedad sin apoyo en \u00e1reas cr\u00edticas como la prevenci\u00f3n de la trata de personas, la atenci\u00f3n a v\u00edctimas de violencia o la asistencia a personas con discapacidad.<img loading=\"lazy\" decoding=\"async\" class=\"alignright wp-image-50280 size-full\" src=\"https:\/\/atecordoba.org\/wp-content\/uploads\/2025\/08\/IMG-20250820-WA0063-225x300-1.jpg\" alt=\"\" width=\"225\" height=\"300\" \/><\/p>\n<p>La\u00a0visi\u00f3n \u201ccentralista y porte\u00f1a\u201d del gobierno\u00a0retira al Estado del territorio federal, concentrando servicios en el AMBA y reemplazando el trabajo mano a mano y en territorio por aplicaciones o 0800, lo que provoca la p\u00e9rdida de la cercan\u00eda con la comunidad.<\/p>\n<p>Giuliani sostuvo que \u201cel relato oficial sobre el d\u00e9ficit cero es todo humo, ya que los recursos del Estado se destinan a pagar una deuda ileg\u00edtima, inmoral y fraudulenta a la FMI y a financiar un tremendo aparato represivo que act\u00faa contra manifestantes y jubilados. La situaci\u00f3n tambi\u00e9n se replica a nivel provincial y municipal en C\u00f3rdoba, con salarios de miseria y precarizaci\u00f3n laboral\u201d.<\/p>\n<p>Frente a este panorama, Giuliani hizo un llamado a la organizaci\u00f3n de la clase trabajadora y a la recuperaci\u00f3n de la conciencia de clase.<\/p>\n<p>\u201cA pesar de las divisiones y sectarismos en la dirigencia sindical y pol\u00edtica, hay que profundizar en la necesidad de superar diferencias y unirse en la lucha para frenar el ajuste de Milei y el del cordobesismo. La esperanza, radica en que el pueblo recupere el protagonismo desde abajo para arriba para que alg\u00fan d\u00eda la felicidad de nuestro pueblo vuelva\u201d concluy\u00f3 el referente de ATE y secretario General de la CTA-A C\u00f3rdoba.<\/p>\n","protected":false},"excerpt":{"rendered":"<p>En una entrevista en Radio La Ranchada, el secretario General de ATE C\u00f3rdoba, Federico Giuliani, denunci\u00f3 la pol\u00edtica de ajuste del gobierno de Javier Milei. &#8220;Desde diciembre de 2023, ha resultado en despidos masivos y el vaciamiento de organismos p\u00fablicos, dejando a miles de trabajadores marginados y a la poblaci\u00f3n desamparada ante la falta de [&hellip;]<\/p>\n","protected":false},"author":7,"featured_media":50277,"comment_status":"open","ping_status":"open","sticky":false,"template":"","format":"standard","meta":{"_exactmetrics_skip_tracking":false,"_exactmetrics_sitenote_active":false,"_exactmetrics_sitenote_note":"","_exactmetrics_sitenote_category":0,"jnews-multi-image_gallery":[],"jnews_single_post":{"format":"standard","override":[{"template":"1","parallax":"1","fullscreen":"1","layout":"no-sidebar-narrow","sidebar":"default-sidebar","second_sidebar":"default-sidebar","sticky_sidebar":"1","share_position":"bottom","share_float_style":"share-monocrhome","show_share_counter":"1","show_view_counter":"1","show_post_meta":"1","show_post_author_image":"1","show_post_date":"1","post_date_format":"default","post_date_format_custom":"Y\/m\/d","show_post_category":"1","show_post_reading_time":"0","post_reading_time_wpm":"300","post_calculate_word_method":"str_word_count","show_zoom_button":"0","zoom_button_out_step":"2","zoom_button_in_step":"3","show_post_tag":"1","number_popup_post":"1","show_post_related":"1","show_inline_post_related":"0"}],"image_override":[{"single_post_thumbnail_size":"crop-500","single_post_gallery_size":"crop-500"}],"trending_post_position":"meta","trending_post_label":"Trending","sponsored_post_label":"Sponsored by","disable_ad":"0"},"jnews_primary_category":[],"jnews_social_meta":[],"jnews_review":[],"enable_review":"","type":"percentage","name":"","summary":"","brand":"","sku":"","good":[],"bad":[],"score_override":"","override_value":"","rating":[],"price":[],"jnews_override_counter":{"view_counter_number":"0","share_counter_number":"0","like_counter_number":"0","dislike_counter_number":"0"},"jnews_post_split":{"post_split":[{"template":"1","tag":"h2","numbering":"asc","mode":"normal","first":"0","enable_toc":"0","toc_type":"normal"}]},"footnotes":""},"categories":[10],"tags":[],"class_list":["post-50275","post","type-post","status-publish","format-standard","has-post-thumbnail","hentry","category-accion-politica"],"jetpack_featured_media_url":"https:\/\/atecordoba.org\/wp-content\/uploads\/2025\/08\/fede-radio-e1756131334942.jpeg","_links":{"self":[{"href":"https:\/\/atecordoba.org\/index.php?rest_route=\/wp\/v2\/posts\/50275","targetHints":{"allow":["GET"]}}],"collection":[{"href":"https:\/\/atecordoba.org\/index.php?rest_route=\/wp\/v2\/posts"}],"about":[{"href":"https:\/\/atecordoba.org\/index.php?rest_route=\/wp\/v2\/types\/post"}],"author":[{"embeddable":true,"href":"https:\/\/atecordoba.org\/index.php?rest_route=\/wp\/v2\/users\/7"}],"replies":[{"embeddable":true,"href":"https:\/\/atecordoba.org\/index.php?rest_route=%2Fwp%2Fv2%2Fcomments&post=50275"}],"version-history":[{"count":3,"href":"https:\/\/atecordoba.org\/index.php?rest_route=\/wp\/v2\/posts\/50275\/revisions"}],"predecessor-version":[{"id":50281,"href":"https:\/\/atecordoba.org\/index.php?rest_route=\/wp\/v2\/posts\/50275\/revisions\/50281"}],"wp:featuredmedia":[{"embeddable":true,"href":"https:\/\/atecordoba.org\/index.php?rest_route=\/wp\/v2\/media\/50277"}],"wp:attachment":[{"href":"https:\/\/atecordoba.org\/index.php?rest_route=%2Fwp%2Fv2%2Fmedia&parent=50275"}],"wp:term":[{"taxonomy":"category","embeddable":true,"href":"https:\/\/atecordoba.org\/index.php?rest_route=%2Fwp%2Fv2%2Fcategories&post=50275"},{"taxonomy":"post_tag","embeddable":true,"href":"https:\/\/atecordoba.org\/index.php?rest_route=%2Fwp%2Fv2%2Ftags&post=50275"}],"curies":[{"name":"wp","href":"https:\/\/api.w.org\/{rel}","templated":true}]}}