{"id":50271,"date":"2025-08-22T15:04:58","date_gmt":"2025-08-22T18:04:58","guid":{"rendered":"https:\/\/atecordoba.org\/?p=50271"},"modified":"2025-08-22T15:04:58","modified_gmt":"2025-08-22T18:04:58","slug":"la-mesa-sindical-de-cyt-repudia-los-despidos-ilegales-en-inta-el-inase-y-el-inv","status":"publish","type":"post","link":"https:\/\/atecordoba.org\/?p=50271","title":{"rendered":"La Mesa Sindical de CyT repudia los despidos ilegales en INTA, el INASE y el INV"},"content":{"rendered":"<p><img loading=\"lazy\" decoding=\"async\" class=\"aligncenter wp-image-49458 size-full\" src=\"https:\/\/atecordoba.org\/wp-content\/uploads\/2025\/07\/mesa-ciencia-y-tecnica.jpeg\" alt=\"\" width=\"576\" height=\"302\" srcset=\"https:\/\/atecordoba.org\/wp-content\/uploads\/2025\/07\/mesa-ciencia-y-tecnica.jpeg 576w, https:\/\/atecordoba.org\/wp-content\/uploads\/2025\/07\/mesa-ciencia-y-tecnica-300x157.jpeg 300w\" sizes=\"auto, (max-width: 576px) 100vw, 576px\" \/>Tras las conocerse las resoluciones N\u00b0 1240\/2025 y 1217\/2025 <a href=\"https:\/\/atecordoba.org\/?p=50260\">aplicando el pase a disponibilidad por 6 y 9 meses a casi 400 compa\u00f1eras\/os del INTA<\/a> (Inst. Nac. de Tecnolog\u00eda Agropecuaria), el INASE (Inst. Nac. de las Semillas) y el INV (Inst. Nac. de Vitivinicultura), siendo el paso previo al despido definitivo, publicadas ayer 21 de agosto por el gobierno nacional, la Mesa Sindical de Ciencia y Tecnolog\u00eda de C\u00f3rdoba expres\u00f3 su repudio al Gobierno de Javier Milei.<\/p>\n<p>El espacio agrupa organismos estatales dedicamos a producir, generar y ense\u00f1ar en la materia cient\u00edfico- tecnol\u00f3gica y apunt\u00f3 que Milei y sus aliados (UCR-PRO disueltos ahora en las filas de La Libertad Avanza) reiteran as\u00ed su car\u00e1cter autoritario y antidemocr\u00e1tico desoyendo las decisiones del poder judicial y del Congreso de la Naci\u00f3n.<\/p>\n<p>Las resoluciones se emitieron apenas unas horas despu\u00e9s de que la <a href=\"https:\/\/atecordoba.org\/?p=50250\">C\u00e1mara de Senadores confirmara<\/a> por amplia mayor\u00eda el rechazo a los decretos N\u00b0 461\/2025 y 462\/2025, los cuales pretend\u00edan disolver y degradar los institutos mencionados junto a otros organismos de ciencia y tecnolog\u00eda nacionales.<\/p>\n<p>&#8220;Esta nueva avanzada de despidos encubiertos se da en el marco del reciente esc\u00e1ndalo de corrupci\u00f3n que implica de manera directa al c\u00edrculo presidencial en la malversaci\u00f3n de fondos de la Agencia Nacional de Discapacidad&#8221;, se\u00f1al\u00f3 el espacio.<\/p>\n<p>&#8220;Asimismo, expresamos nuestro m\u00e1s firme rechazo a los posibles vetos del Poder Ejecutivo sobre iniciativas legislativas como la Ley de Financiamiento Universitario, o aquellas dirigidas a garantizar derechos y recursos vinculados a la discapacidad y a la recomposici\u00f3n de los aportes jubilatorios. Actitudes como aquellas desoyen el mandato del Congreso a la vez que afectan el principio democr\u00e1tico de equilibrio entre poderes&#8221;, concluye..<\/p>\n<p>&nbsp;<\/p>\n","protected":false},"excerpt":{"rendered":"<p>Tras las conocerse las resoluciones N\u00b0 1240\/2025 y 1217\/2025 aplicando el pase a disponibilidad por 6 y 9 meses a casi 400 compa\u00f1eras\/os del INTA (Inst. Nac. de Tecnolog\u00eda Agropecuaria), el INASE (Inst. Nac. de las Semillas) y el INV (Inst. Nac. de Vitivinicultura), siendo el paso previo al despido definitivo, publicadas ayer 21 de [&hellip;]<\/p>\n","protected":false},"author":7,"featured_media":49458,"comment_status":"open","ping_status":"open","sticky":false,"template":"","format":"standard","meta":{"_exactmetrics_skip_tracking":false,"_exactmetrics_sitenote_active":false,"_exactmetrics_sitenote_note":"","_exactmetrics_sitenote_category":0,"jnews-multi-image_gallery":[],"jnews_single_post":[],"jnews_primary_category":[],"jnews_social_meta":[],"jnews_review":[],"enable_review":"","type":"","name":"","summary":"","brand":"","sku":"","good":[],"bad":[],"score_override":"","override_value":"","rating":[],"price":[],"jnews_override_counter":[],"jnews_post_split":[],"footnotes":""},"categories":[18],"tags":[],"class_list":["post-50271","post","type-post","status-publish","format-standard","has-post-thumbnail","hentry","category-nacionales"],"jetpack_featured_media_url":"https:\/\/atecordoba.org\/wp-content\/uploads\/2025\/07\/mesa-ciencia-y-tecnica.jpeg","_links":{"self":[{"href":"https:\/\/atecordoba.org\/index.php?rest_route=\/wp\/v2\/posts\/50271","targetHints":{"allow":["GET"]}}],"collection":[{"href":"https:\/\/atecordoba.org\/index.php?rest_route=\/wp\/v2\/posts"}],"about":[{"href":"https:\/\/atecordoba.org\/index.php?rest_route=\/wp\/v2\/types\/post"}],"author":[{"embeddable":true,"href":"https:\/\/atecordoba.org\/index.php?rest_route=\/wp\/v2\/users\/7"}],"replies":[{"embeddable":true,"href":"https:\/\/atecordoba.org\/index.php?rest_route=%2Fwp%2Fv2%2Fcomments&post=50271"}],"version-history":[{"count":1,"href":"https:\/\/atecordoba.org\/index.php?rest_route=\/wp\/v2\/posts\/50271\/revisions"}],"predecessor-version":[{"id":50272,"href":"https:\/\/atecordoba.org\/index.php?rest_route=\/wp\/v2\/posts\/50271\/revisions\/50272"}],"wp:featuredmedia":[{"embeddable":true,"href":"https:\/\/atecordoba.org\/index.php?rest_route=\/wp\/v2\/media\/49458"}],"wp:attachment":[{"href":"https:\/\/atecordoba.org\/index.php?rest_route=%2Fwp%2Fv2%2Fmedia&parent=50271"}],"wp:term":[{"taxonomy":"category","embeddable":true,"href":"https:\/\/atecordoba.org\/index.php?rest_route=%2Fwp%2Fv2%2Fcategories&post=50271"},{"taxonomy":"post_tag","embeddable":true,"href":"https:\/\/atecordoba.org\/index.php?rest_route=%2Fwp%2Fv2%2Ftags&post=50271"}],"curies":[{"name":"wp","href":"https:\/\/api.w.org\/{rel}","templated":true}]}}