{"id":50260,"date":"2025-08-22T11:20:38","date_gmt":"2025-08-22T14:20:38","guid":{"rendered":"https:\/\/atecordoba.org\/?p=50260"},"modified":"2025-08-22T11:20:38","modified_gmt":"2025-08-22T14:20:38","slug":"fractura-del-estado-de-derecho-300-trabajadores-as-despedidos-por-decreto-en-inta","status":"publish","type":"post","link":"https:\/\/atecordoba.org\/?p=50260","title":{"rendered":"Fractura del estado de derecho: 300 trabajadores\/as despedidos por decreto en INTA"},"content":{"rendered":"<p><img loading=\"lazy\" decoding=\"async\" class=\"aligncenter wp-image-50257 \" src=\"https:\/\/atecordoba.org\/wp-content\/uploads\/2025\/08\/banderola-stuzenegger-1024x682.jpeg\" alt=\"\" width=\"609\" height=\"406\" \/>Apenas una hora despu\u00e9s que el Congreso rechace definitivamente el Decreto 462\/25 que pretend\u00eda desguazar al Instituto Nacional de Tecnolog\u00eda Agropecuaria (INTA), el Gobierno desoy\u00f3 el resultado parlamentario y pas\u00f3 a disponibilidad a casi 300 trabajadores del organismo y para ATE se \u201cfractura el Estado de Derecho\u201d.<\/p>\n<p>\u201cEsta decisi\u00f3n del Gobierno es muy grave. Desaf\u00eda a dos poderes del Estado. Se desobedece una sentencia judicial y se incumple con lo decidido por el Congreso de la Naci\u00f3n. El Gobierno act\u00faa al margen de la ley y fractura el Estado de Derecho. Es una medida que aumenta el deterioro democr\u00e1tico de nuestro pa\u00eds\u201d, manifest\u00f3 Rodolfo Aguiar, Secretario General de ATE Nacional. El equipo jur\u00eddico del sindicato ya se encuentra trabajando para realizar una presentaci\u00f3n judicial que frene de inmediato esta medida.<\/p>\n<p>Cabe recordar que adem\u00e1s, la Justicia Federal hab\u00eda dictado este mi\u00e9rcoles una medida cautelar ordenando al Gobierno a que se abstenga de ejecutar cualquier acto administrativo que derive de la aplicaci\u00f3n del DNU, incluyendo los pases a disponibilidad.<\/p>\n<p>En este sentido, el dirigente explic\u00f3: \u201cAdem\u00e1s se trata de una grave persecuci\u00f3n sindical porque el listado de los agentes pasados a disponibilidad son casualmente los delegados sindicales y aquellos que participaron de los reclamos y se movilizaron al Congreso\u201d.<\/p>\n<p>\u201cLo que hizo el Gobierno minutos despu\u00e9s que se votara el rechazo al Decreto, es un acto administrativo viciado, es inaplicable porque se dict\u00f3 violando la ley. Es evidente que hay mala fe y que el Gobierno actu\u00f3 con malicia. Vamos a hacer una r\u00e1pida presentaci\u00f3n judicial y no descartamos definir nuevas medidas de fuerza\u201d, concluy\u00f3 Rodolfo Aguiar.<\/p>\n<p>A pesar que el Senado vot\u00f3 el rechazo al decreto a las 18:05 del jueves, a las 19:28 el Ministerio de Econom\u00eda firmaba la Resoluci\u00f3n 1240\/25 que dispon\u00eda el pase el pase a disponibilidad de 367 trabajadores de la planta permanente, siendo 286 del INTA, 49 del Instituto Nacional de Vitivinicultura (INV) y 8 del Instituto Nacional de Semillas (INASE). A eso se le suma otros 97 pases a disponibilidad en la Agencia de Seguridad Vial.<\/p>\n<p>Por su parte, el Secretario de Convenios Colectivos de Trabajo de ATE Nacional, Flavio Vergara, indic\u00f3: \u00abEl autoritarismo del Gobierno de Milei no tiene l\u00edmites. Existiendo una cautelar de parte la Justicia sobre los decretos del INTA el mi\u00e9rcoles, y el jueves a las 18 horas resolviendo que el Senado derogar los decretos en cuesti\u00f3n, a las 19:30 el Gobierno circula el listado de despidos de los organismos que est\u00e1n incluidos en el decreto 462. Esto es ilegal, es ileg\u00edtimo y en realidad deber\u00eda el Congreso pensar en pedir el Juicio Pol\u00edtico a Caputo por incumplimiento de deberes del funcionario p\u00fablico y violar la divisi\u00f3n de poderes\u00bb.<\/p>\n<p>Entre los trabajadores afectados se encuentran delegados de ATE, lo que representa una grave afectaci\u00f3n de la Ley 23.551 de Asociaciones Sindicales, la cual en su art\u00edculo 48 establece que los representantes gremiales no podr\u00e1n ser suspendidos, modificadas sus condiciones de trabajo, ni despedidos.<\/p>\n","protected":false},"excerpt":{"rendered":"<p>Apenas una hora despu\u00e9s que el Congreso rechace definitivamente el Decreto 462\/25 que pretend\u00eda desguazar al Instituto Nacional de Tecnolog\u00eda Agropecuaria (INTA), el Gobierno desoy\u00f3 el resultado parlamentario y pas\u00f3 a disponibilidad a casi 300 trabajadores del organismo y para ATE se \u201cfractura el Estado de Derecho\u201d. \u201cEsta decisi\u00f3n del Gobierno es muy grave. Desaf\u00eda [&hellip;]<\/p>\n","protected":false},"author":7,"featured_media":50257,"comment_status":"open","ping_status":"open","sticky":false,"template":"","format":"standard","meta":{"_exactmetrics_skip_tracking":false,"_exactmetrics_sitenote_active":false,"_exactmetrics_sitenote_note":"","_exactmetrics_sitenote_category":0,"jnews-multi-image_gallery":[],"jnews_single_post":[],"jnews_primary_category":[],"jnews_social_meta":[],"jnews_review":[],"enable_review":"","type":"","name":"","summary":"","brand":"","sku":"","good":[],"bad":[],"score_override":"","override_value":"","rating":[],"price":[],"jnews_override_counter":[],"jnews_post_split":[],"footnotes":""},"categories":[18],"tags":[],"class_list":["post-50260","post","type-post","status-publish","format-standard","has-post-thumbnail","hentry","category-nacionales"],"jetpack_featured_media_url":"https:\/\/atecordoba.org\/wp-content\/uploads\/2025\/08\/banderola-stuzenegger-e1755872255382.jpeg","_links":{"self":[{"href":"https:\/\/atecordoba.org\/index.php?rest_route=\/wp\/v2\/posts\/50260","targetHints":{"allow":["GET"]}}],"collection":[{"href":"https:\/\/atecordoba.org\/index.php?rest_route=\/wp\/v2\/posts"}],"about":[{"href":"https:\/\/atecordoba.org\/index.php?rest_route=\/wp\/v2\/types\/post"}],"author":[{"embeddable":true,"href":"https:\/\/atecordoba.org\/index.php?rest_route=\/wp\/v2\/users\/7"}],"replies":[{"embeddable":true,"href":"https:\/\/atecordoba.org\/index.php?rest_route=%2Fwp%2Fv2%2Fcomments&post=50260"}],"version-history":[{"count":1,"href":"https:\/\/atecordoba.org\/index.php?rest_route=\/wp\/v2\/posts\/50260\/revisions"}],"predecessor-version":[{"id":50262,"href":"https:\/\/atecordoba.org\/index.php?rest_route=\/wp\/v2\/posts\/50260\/revisions\/50262"}],"wp:featuredmedia":[{"embeddable":true,"href":"https:\/\/atecordoba.org\/index.php?rest_route=\/wp\/v2\/media\/50257"}],"wp:attachment":[{"href":"https:\/\/atecordoba.org\/index.php?rest_route=%2Fwp%2Fv2%2Fmedia&parent=50260"}],"wp:term":[{"taxonomy":"category","embeddable":true,"href":"https:\/\/atecordoba.org\/index.php?rest_route=%2Fwp%2Fv2%2Fcategories&post=50260"},{"taxonomy":"post_tag","embeddable":true,"href":"https:\/\/atecordoba.org\/index.php?rest_route=%2Fwp%2Fv2%2Ftags&post=50260"}],"curies":[{"name":"wp","href":"https:\/\/api.w.org\/{rel}","templated":true}]}}