{"id":50250,"date":"2025-08-22T11:13:42","date_gmt":"2025-08-22T14:13:42","guid":{"rendered":"https:\/\/atecordoba.org\/?p=50250"},"modified":"2025-08-22T12:05:20","modified_gmt":"2025-08-22T15:05:20","slug":"ate-celebro-el-rechazo-del-congreso-a-los-decretos-de-desregulacion-de-sturzenegger-los-estatales-ganamos-una-batalla-crucial-en-la-guerra-contra-el-gobierno","status":"publish","type":"post","link":"https:\/\/atecordoba.org\/?p=50250","title":{"rendered":"ATE celebr\u00f3 el rechazo del Congreso a los decretos de desregulaci\u00f3n de Sturzenegger: \u201cLos estatales ganamos una batalla crucial\u201d"},"content":{"rendered":"<p><img loading=\"lazy\" decoding=\"async\" class=\"wp-image-50251 aligncenter\" src=\"https:\/\/atecordoba.org\/wp-content\/uploads\/2025\/08\/votacion-congreso-dnus-1024x522.jpg\" alt=\"\" width=\"620\" height=\"316\" srcset=\"https:\/\/atecordoba.org\/wp-content\/uploads\/2025\/08\/votacion-congreso-dnus-1024x522.jpg 1024w, https:\/\/atecordoba.org\/wp-content\/uploads\/2025\/08\/votacion-congreso-dnus-300x153.jpg 300w, https:\/\/atecordoba.org\/wp-content\/uploads\/2025\/08\/votacion-congreso-dnus-768x392.jpg 768w, https:\/\/atecordoba.org\/wp-content\/uploads\/2025\/08\/votacion-congreso-dnus-750x383.jpg 750w, https:\/\/atecordoba.org\/wp-content\/uploads\/2025\/08\/votacion-congreso-dnus-1140x582.jpg 1140w, https:\/\/atecordoba.org\/wp-content\/uploads\/2025\/08\/votacion-congreso-dnus.jpg 1280w\" sizes=\"auto, (max-width: 620px) 100vw, 620px\" \/>Luego del rechazo definitivo en el Senado a los decretos de desregulaci\u00f3n del Estado del ministro Federico Sturzenegger, ratificando lo sucedido en Diputados el 6 de agosto, el Secretario General de ATE Nacional, Rodolfo Aguiar, celebr\u00f3: \u201cLos estatales hemos ganado una batalla crucial en esta guerra que nos declar\u00f3 el Gobierno\u201d.<\/p>\n<p>\u201cMilei y quienes lo mandan nos agredieron desde el minuto cero. Hoy empieza un tiempo nuevo. El pueblo, con el voto, le va a quitar poder y construir mejores representaciones en el Congreso. Tambi\u00e9n qued\u00f3 claro que si funcionan las instituciones, la represi\u00f3n no alcanza. Con este freno al cierre, fusi\u00f3n y reestructuraci\u00f3n de organismos p\u00fablicos hemos logrado truncar la reforma del Estado que planificaban y adem\u00e1s evitado un da\u00f1o social irreparable\u201d, se\u00f1al\u00f3 el dirigente estatal.<img loading=\"lazy\" decoding=\"async\" class=\"aligncenter wp-image-50253 \" src=\"https:\/\/atecordoba.org\/wp-content\/uploads\/2025\/08\/WhatsApp-Image-2025-07-18-at-14.12.39-1024x769.jpeg\" alt=\"\" width=\"618\" height=\"464\" srcset=\"https:\/\/atecordoba.org\/wp-content\/uploads\/2025\/08\/WhatsApp-Image-2025-07-18-at-14.12.39-1024x769.jpeg 1024w, https:\/\/atecordoba.org\/wp-content\/uploads\/2025\/08\/WhatsApp-Image-2025-07-18-at-14.12.39-300x225.jpeg 300w, https:\/\/atecordoba.org\/wp-content\/uploads\/2025\/08\/WhatsApp-Image-2025-07-18-at-14.12.39-768x577.jpeg 768w, https:\/\/atecordoba.org\/wp-content\/uploads\/2025\/08\/WhatsApp-Image-2025-07-18-at-14.12.39-1536x1153.jpeg 1536w, https:\/\/atecordoba.org\/wp-content\/uploads\/2025\/08\/WhatsApp-Image-2025-07-18-at-14.12.39-2048x1537.jpeg 2048w, https:\/\/atecordoba.org\/wp-content\/uploads\/2025\/08\/WhatsApp-Image-2025-07-18-at-14.12.39-750x563.jpeg 750w, https:\/\/atecordoba.org\/wp-content\/uploads\/2025\/08\/WhatsApp-Image-2025-07-18-at-14.12.39-1140x856.jpeg 1140w\" sizes=\"auto, (max-width: 618px) 100vw, 618px\" \/><\/p>\n<p>Adem\u00e1s, Aguiar carg\u00f3 directo contra el ministro de Desregulaci\u00f3n: \u201cEsta votaci\u00f3n en el Parlamento no impide que Sturzenegger, como ide\u00f3logo de estos decretos, termine en la c\u00e1rcel. Por m\u00e1s poderes extraordinarios que existieran, no se pod\u00edan cerrar por esta v\u00eda organismos que fueron creados hace d\u00e9cadas por leyes del Congreso Nacional\u201d.<\/p>\n<p>\u201cEs evidente que sin facultades delegadas, el Gobierno se debilita. Tenemos que aprovecharlo y seguir atacando. Hay que destacar el trabajo con diputados y senadores que han venido realizando todas las Juntas Internas de ATE. Esa labor legislativa ha sido trascendental para dar este paso\u201d, concluy\u00f3 el Secretario General de ATE Nacional.<img loading=\"lazy\" decoding=\"async\" class=\"aligncenter wp-image-50252 \" src=\"https:\/\/atecordoba.org\/wp-content\/uploads\/2025\/08\/ate-inta-1024x664.jpeg\" alt=\"\" width=\"610\" height=\"395\" srcset=\"https:\/\/atecordoba.org\/wp-content\/uploads\/2025\/08\/ate-inta-1024x664.jpeg 1024w, https:\/\/atecordoba.org\/wp-content\/uploads\/2025\/08\/ate-inta-300x195.jpeg 300w, https:\/\/atecordoba.org\/wp-content\/uploads\/2025\/08\/ate-inta-768x498.jpeg 768w, https:\/\/atecordoba.org\/wp-content\/uploads\/2025\/08\/ate-inta-750x486.jpeg 750w, https:\/\/atecordoba.org\/wp-content\/uploads\/2025\/08\/ate-inta-1140x739.jpeg 1140w, https:\/\/atecordoba.org\/wp-content\/uploads\/2025\/08\/ate-inta.jpeg 1200w\" sizes=\"auto, (max-width: 610px) 100vw, 610px\" \/><\/p>\n<p><strong>Los DNU<\/strong><\/p>\n<p>Los decretos rechazados de manera definitiva por ambas c\u00e1maras legislativas son:<\/p>\n<ul class=\"wp-block-list\">\n<li>351\/25 \u2013 Banco Nacional de Datos Gen\u00e9ticos<\/li>\n<li>345\/25 \u2013 Organismos de cultura (Monumentos, CONABIP, Instituto Nacional del Teatro)<\/li>\n<li>340\/25 \u2013 Marina Mercante<\/li>\n<li>461\/25 \u2013 Direcci\u00f3n Nacional de Vialidad y organismos del transporte.<\/li>\n<li>462\/25 \u2013 INTA, INTI, INASE, INV, INPI, INAFCI<\/li>\n<\/ul>\n<p>Cabe recordar que en alguno de estos casos, la Justicia intervino haciendo lugar a las presentaciones legales de ATE, como en el caso del INTA e INTI, dictando cautelares para dejar sin efecto estos decretos. Ahora, Congreso mediante, los DNU pierden vigencia de manera permanente.<\/p>\n<p>&nbsp;<\/p>\n","protected":false},"excerpt":{"rendered":"<p>Luego del rechazo definitivo en el Senado a los decretos de desregulaci\u00f3n del Estado del ministro Federico Sturzenegger, ratificando lo sucedido en Diputados el 6 de agosto, el Secretario General de ATE Nacional, Rodolfo Aguiar, celebr\u00f3: \u201cLos estatales hemos ganado una batalla crucial en esta guerra que nos declar\u00f3 el Gobierno\u201d. \u201cMilei y quienes lo [&hellip;]<\/p>\n","protected":false},"author":7,"featured_media":50251,"comment_status":"open","ping_status":"open","sticky":false,"template":"","format":"standard","meta":{"_exactmetrics_skip_tracking":false,"_exactmetrics_sitenote_active":false,"_exactmetrics_sitenote_note":"","_exactmetrics_sitenote_category":0,"jnews-multi-image_gallery":[],"jnews_single_post":{"format":"standard","override":[{"template":"1","parallax":"1","fullscreen":"1","layout":"no-sidebar-narrow","sidebar":"default-sidebar","second_sidebar":"default-sidebar","sticky_sidebar":"1","share_position":"bottom","share_float_style":"share-monocrhome","show_share_counter":"1","show_view_counter":"1","show_post_meta":"1","show_post_author_image":"1","show_post_date":"1","post_date_format":"default","post_date_format_custom":"Y\/m\/d","show_post_category":"1","show_post_reading_time":"0","post_reading_time_wpm":"300","post_calculate_word_method":"str_word_count","show_zoom_button":"0","zoom_button_out_step":"2","zoom_button_in_step":"3","show_post_tag":"1","number_popup_post":"1","show_post_related":"1","show_inline_post_related":"0"}],"image_override":[{"single_post_thumbnail_size":"crop-500","single_post_gallery_size":"crop-500"}],"trending_post_position":"meta","trending_post_label":"Trending","sponsored_post_label":"Sponsored by","disable_ad":"0"},"jnews_primary_category":[],"jnews_social_meta":[],"jnews_review":[],"enable_review":"","type":"percentage","name":"","summary":"","brand":"","sku":"","good":[],"bad":[],"score_override":"","override_value":"","rating":[],"price":[],"jnews_override_counter":{"view_counter_number":"0","share_counter_number":"0","like_counter_number":"0","dislike_counter_number":"0"},"jnews_post_split":{"post_split":[{"template":"1","tag":"h2","numbering":"asc","mode":"normal","first":"0","enable_toc":"0","toc_type":"normal"}]},"footnotes":""},"categories":[10],"tags":[],"class_list":["post-50250","post","type-post","status-publish","format-standard","has-post-thumbnail","hentry","category-accion-politica"],"jetpack_featured_media_url":"https:\/\/atecordoba.org\/wp-content\/uploads\/2025\/08\/votacion-congreso-dnus.jpg","_links":{"self":[{"href":"https:\/\/atecordoba.org\/index.php?rest_route=\/wp\/v2\/posts\/50250","targetHints":{"allow":["GET"]}}],"collection":[{"href":"https:\/\/atecordoba.org\/index.php?rest_route=\/wp\/v2\/posts"}],"about":[{"href":"https:\/\/atecordoba.org\/index.php?rest_route=\/wp\/v2\/types\/post"}],"author":[{"embeddable":true,"href":"https:\/\/atecordoba.org\/index.php?rest_route=\/wp\/v2\/users\/7"}],"replies":[{"embeddable":true,"href":"https:\/\/atecordoba.org\/index.php?rest_route=%2Fwp%2Fv2%2Fcomments&post=50250"}],"version-history":[{"count":2,"href":"https:\/\/atecordoba.org\/index.php?rest_route=\/wp\/v2\/posts\/50250\/revisions"}],"predecessor-version":[{"id":50265,"href":"https:\/\/atecordoba.org\/index.php?rest_route=\/wp\/v2\/posts\/50250\/revisions\/50265"}],"wp:featuredmedia":[{"embeddable":true,"href":"https:\/\/atecordoba.org\/index.php?rest_route=\/wp\/v2\/media\/50251"}],"wp:attachment":[{"href":"https:\/\/atecordoba.org\/index.php?rest_route=%2Fwp%2Fv2%2Fmedia&parent=50250"}],"wp:term":[{"taxonomy":"category","embeddable":true,"href":"https:\/\/atecordoba.org\/index.php?rest_route=%2Fwp%2Fv2%2Fcategories&post=50250"},{"taxonomy":"post_tag","embeddable":true,"href":"https:\/\/atecordoba.org\/index.php?rest_route=%2Fwp%2Fv2%2Ftags&post=50250"}],"curies":[{"name":"wp","href":"https:\/\/api.w.org\/{rel}","templated":true}]}}