{"id":50230,"date":"2025-08-21T15:19:29","date_gmt":"2025-08-21T18:19:29","guid":{"rendered":"https:\/\/atecordoba.org\/?p=50230"},"modified":"2025-08-27T09:32:55","modified_gmt":"2025-08-27T12:32:55","slug":"plenario-de-municipales-convoco-a-delegados-de-todo-el-interior-provincial-y-plasmo-la-representatibidad-de-ate-en-el-sector","status":"publish","type":"post","link":"https:\/\/atecordoba.org\/?p=50230","title":{"rendered":"Plenario de Municipales convoco a delegados de todo el interior provincial y plasm\u00f3 la representatibidad de ATE en el sector"},"content":{"rendered":"<p><img loading=\"lazy\" decoding=\"async\" class=\"aligncenter wp-image-50231 \" src=\"https:\/\/atecordoba.org\/wp-content\/uploads\/2025\/08\/536277425_1178604917622754_1951414134779324762_n-1024x769.jpg\" alt=\"\" width=\"611\" height=\"459\" \/>El plenario provincial de delegados y delegadas municipales sesion\u00f3 esta ma\u00f1ana en el auditorio H\u00e9ctor La Perra Castro del Consejo Directivo Provincial, con la participaci\u00f3n de representaciones de los cuatro puntos cardinales del territorio cordob\u00e9s y la presencia de las seccionales Cruz del Eje, R\u00edo Cuarto, San Francisco, y corredores bajo conducci\u00f3n del CDP como Sierras Chicas, Traslasierra, Paravachasca, Calamuchita y el Gran C\u00f3rdoba.<\/p>\n<p>El c\u00f3nclave estuvo presidido por el secretario General de ATE C\u00f3rdoba, Federico Giuliani, secundado por la secretaria Adjunta, Gabriela Alcoba, y la secretaria de Prensa, Julia Giuliani.\u00a0 All\u00ed se abord\u00f3 la agenda gremial del sector, bajo la perspectiva de avanzar en el trabajo de unificar un solo estatuto municipal para los 427 municipios y comunas cordobeses, al tiempo que plante\u00f3 la necesidad y urgencia de fijar en todo el territorio un piso salarial en com\u00fan.<img loading=\"lazy\" decoding=\"async\" class=\"aligncenter wp-image-50232 \" src=\"https:\/\/atecordoba.org\/wp-content\/uploads\/2025\/08\/536277434_1178604837622762_6403079067820056598_n-1024x768.jpg\" alt=\"\" width=\"618\" height=\"464\" srcset=\"https:\/\/atecordoba.org\/wp-content\/uploads\/2025\/08\/536277434_1178604837622762_6403079067820056598_n-1024x768.jpg 1024w, https:\/\/atecordoba.org\/wp-content\/uploads\/2025\/08\/536277434_1178604837622762_6403079067820056598_n-300x225.jpg 300w, https:\/\/atecordoba.org\/wp-content\/uploads\/2025\/08\/536277434_1178604837622762_6403079067820056598_n-768x576.jpg 768w, https:\/\/atecordoba.org\/wp-content\/uploads\/2025\/08\/536277434_1178604837622762_6403079067820056598_n-1536x1152.jpg 1536w, https:\/\/atecordoba.org\/wp-content\/uploads\/2025\/08\/536277434_1178604837622762_6403079067820056598_n-750x563.jpg 750w, https:\/\/atecordoba.org\/wp-content\/uploads\/2025\/08\/536277434_1178604837622762_6403079067820056598_n-1140x855.jpg 1140w, https:\/\/atecordoba.org\/wp-content\/uploads\/2025\/08\/536277434_1178604837622762_6403079067820056598_n.jpg 2048w\" sizes=\"auto, (max-width: 618px) 100vw, 618px\" \/><\/p>\n<p>&#8220;No puede ser que en un pueblo se pague un sueldo y a cinco kil\u00f3metros en otra localidad se pague distinto pro el mismo trabajo. No, el criterio es a igual tarea, igual salario en toda la provincia. Basta de patrones de estancia que tratan a los trabajadores como si fueran sus peones&#8221;, dijo Giuliani al t\u00e9rmino del Plenario.<\/p>\n<p>En esa misma l\u00ednea, Alcoba resalt\u00f3 que &#8220;podemos ver que en los distintos territorios nos unifican las mismas problem\u00e1ticas, asi que es importante darnos estrategias unificadas para fortalecer la lucha en com\u00fan de los municipales del interior provincial&#8221;.<img loading=\"lazy\" decoding=\"async\" class=\"aligncenter wp-image-50233 \" src=\"https:\/\/atecordoba.org\/wp-content\/uploads\/2025\/08\/536279781_1178604374289475_7590179409713705815_n-1024x769.jpg\" alt=\"\" width=\"617\" height=\"463\" srcset=\"https:\/\/atecordoba.org\/wp-content\/uploads\/2025\/08\/536279781_1178604374289475_7590179409713705815_n-1024x769.jpg 1024w, https:\/\/atecordoba.org\/wp-content\/uploads\/2025\/08\/536279781_1178604374289475_7590179409713705815_n-300x225.jpg 300w, https:\/\/atecordoba.org\/wp-content\/uploads\/2025\/08\/536279781_1178604374289475_7590179409713705815_n-768x577.jpg 768w, https:\/\/atecordoba.org\/wp-content\/uploads\/2025\/08\/536279781_1178604374289475_7590179409713705815_n-1536x1154.jpg 1536w, https:\/\/atecordoba.org\/wp-content\/uploads\/2025\/08\/536279781_1178604374289475_7590179409713705815_n-750x563.jpg 750w, https:\/\/atecordoba.org\/wp-content\/uploads\/2025\/08\/536279781_1178604374289475_7590179409713705815_n-1140x856.jpg 1140w, https:\/\/atecordoba.org\/wp-content\/uploads\/2025\/08\/536279781_1178604374289475_7590179409713705815_n.jpg 2048w\" sizes=\"auto, (max-width: 617px) 100vw, 617px\" \/><\/p>\n<p>A su vez, Julia Giuliani brind\u00f3 un informe sobre el trabajo que se desarroll\u00f3 desde comienzos de 2025, en cuanto a la cantidad de localidades donde ATE tiene presencia (&#8220;ronda las 100&#8221;, se\u00f1al\u00f3 la dirigente), las paritarias firmadas y los acuerdos de recomposici\u00f3n salarial alcanzados. Adem\u00e1s, detall\u00f3 las acciones gremiales donde los cuerpos de delegados y delegadas, junto al CDP, llevaron a cabo en el territorio.<\/p>\n<p>&#8220;ATE tom\u00f3 la decisi\u00f3n de abrir las puertas y municipalizar nuestro gremio, como en la d\u00e9cada del &#8217;80 y los &#8217;90 le dimos lugar a las y los provinciales, cuando ven\u00edamos de ser un sindicato exclusivamente de nacionales. Hoy el trabajador municipal es el peor pagado del Estado y el que m\u00e1s garantiza el acceso a los derechos b\u00e1sicos de la poblaci\u00f3n. En el marco de un gobierno fascista como que el encabeza Milei, y un gobierno provincial que aplique el mismo ajuste, ATE organiza a los compa\u00f1eros y compa\u00f1eras, les da dignidad y pelea por mejores salarios y condiciones de trabajo. No somo un gremio amarillo que arregla con los intendentes&#8221;, remarc\u00f3 Federico Giuliani.<\/p>\n<p>El dirigente destac\u00f3, asimismo, el desarrollo organizativo territorial que el CDP lleva a cabo junto a las seccionales. <img loading=\"lazy\" decoding=\"async\" class=\"aligncenter wp-image-50234 \" src=\"https:\/\/atecordoba.org\/wp-content\/uploads\/2025\/08\/536838241_1178604164289496_4720951749658759142_n-1024x768.jpg\" alt=\"\" width=\"613\" height=\"460\" srcset=\"https:\/\/atecordoba.org\/wp-content\/uploads\/2025\/08\/536838241_1178604164289496_4720951749658759142_n-1024x768.jpg 1024w, https:\/\/atecordoba.org\/wp-content\/uploads\/2025\/08\/536838241_1178604164289496_4720951749658759142_n-300x225.jpg 300w, https:\/\/atecordoba.org\/wp-content\/uploads\/2025\/08\/536838241_1178604164289496_4720951749658759142_n-768x576.jpg 768w, https:\/\/atecordoba.org\/wp-content\/uploads\/2025\/08\/536838241_1178604164289496_4720951749658759142_n-1536x1152.jpg 1536w, https:\/\/atecordoba.org\/wp-content\/uploads\/2025\/08\/536838241_1178604164289496_4720951749658759142_n-750x563.jpg 750w, https:\/\/atecordoba.org\/wp-content\/uploads\/2025\/08\/536838241_1178604164289496_4720951749658759142_n-1140x855.jpg 1140w, https:\/\/atecordoba.org\/wp-content\/uploads\/2025\/08\/536838241_1178604164289496_4720951749658759142_n.jpg 1600w\" sizes=\"auto, (max-width: 613px) 100vw, 613px\" \/><\/p>\n<p><strong>Resoluciones<\/strong><\/p>\n<p>En lo resolutivo el Plenario aprob\u00f3 diversas acciones de manera unificada:<\/p>\n<p>-Jornada Provincial de lucha de las y los municipales el 28 de agosto en San Francisco, con radio abierta frente a la Municipalidad, en repudio al <a href=\"https:\/\/atecordoba.org\/?p=50101\">despido arbitrario<\/a> del compa\u00f1ero municipal Mario Bongiovani.<\/p>\n<p>-El 29 de agosto se realizar\u00e1 un taller de capacitaci\u00f3n de municipales sobre Convenio Colectivo de Trabajo en sede del CDP, a las 10 horas.<\/p>\n<p>-El 10 de septiembre se llevar\u00e1 a cabo un taller de formaci\u00f3n pol\u00edtica para municipales, en la sede del CDP, a las15 horas.<\/p>\n<p>&#8211; Jornada provincial de lucha con movilizaci\u00f3n al Apross, el 16 de septiembre.<\/p>\n<div id='gallery_1' class='gallery galleryid-50230 gallery-columns-3 gallery-size-thumbnail'><figure class='gallery-item'>\n                <div class='gallery-icon landscape'>\n                    <a href='https:\/\/atecordoba.org\/wp-content\/uploads\/2025\/08\/536711120_1178604524289460_9037788603545535908_n.jpg'><img loading=\"lazy\" decoding=\"async\" width=\"150\" height=\"150\" src=\"\" class=\"attachment-thumbnail size-thumbnail lazyload\" alt=\"\" data-src=\"https:\/\/atecordoba.org\/wp-content\/uploads\/2025\/08\/536711120_1178604524289460_9037788603545535908_n-150x150.jpg\" data-sizes=\"auto\" data-srcset=\"https:\/\/atecordoba.org\/wp-content\/uploads\/2025\/08\/536711120_1178604524289460_9037788603545535908_n-150x150.jpg 150w, https:\/\/atecordoba.org\/wp-content\/uploads\/2025\/08\/536711120_1178604524289460_9037788603545535908_n-560x560.jpg 560w, https:\/\/atecordoba.org\/wp-content\/uploads\/2025\/08\/536711120_1178604524289460_9037788603545535908_n-75x75.jpg 75w, https:\/\/atecordoba.org\/wp-content\/uploads\/2025\/08\/536711120_1178604524289460_9037788603545535908_n-350x350.jpg 350w\" data-expand=\"700\" \/><\/a>\n                <\/div><\/figure><figure class='gallery-item'>\n                <div class='gallery-icon landscape'>\n                    <a href='https:\/\/atecordoba.org\/wp-content\/uploads\/2025\/08\/536838241_1178604164289496_4720951749658759142_n-1.jpg'><img loading=\"lazy\" decoding=\"async\" width=\"150\" height=\"150\" src=\"\" class=\"attachment-thumbnail size-thumbnail lazyload\" alt=\"\" data-src=\"https:\/\/atecordoba.org\/wp-content\/uploads\/2025\/08\/536838241_1178604164289496_4720951749658759142_n-1-150x150.jpg\" data-sizes=\"auto\" data-srcset=\"https:\/\/atecordoba.org\/wp-content\/uploads\/2025\/08\/536838241_1178604164289496_4720951749658759142_n-1-150x150.jpg 150w, https:\/\/atecordoba.org\/wp-content\/uploads\/2025\/08\/536838241_1178604164289496_4720951749658759142_n-1-560x560.jpg 560w, https:\/\/atecordoba.org\/wp-content\/uploads\/2025\/08\/536838241_1178604164289496_4720951749658759142_n-1-75x75.jpg 75w, https:\/\/atecordoba.org\/wp-content\/uploads\/2025\/08\/536838241_1178604164289496_4720951749658759142_n-1-350x350.jpg 350w\" data-expand=\"700\" \/><\/a>\n                <\/div><\/figure><figure class='gallery-item'>\n                <div class='gallery-icon landscape'>\n                    <a href='https:\/\/atecordoba.org\/wp-content\/uploads\/2025\/08\/535546243_1178604197622826_4016254160562832209_n.jpg'><img loading=\"lazy\" decoding=\"async\" width=\"150\" height=\"150\" src=\"\" class=\"attachment-thumbnail size-thumbnail lazyload\" alt=\"\" data-src=\"https:\/\/atecordoba.org\/wp-content\/uploads\/2025\/08\/535546243_1178604197622826_4016254160562832209_n-150x150.jpg\" data-sizes=\"auto\" data-srcset=\"https:\/\/atecordoba.org\/wp-content\/uploads\/2025\/08\/535546243_1178604197622826_4016254160562832209_n-150x150.jpg 150w, https:\/\/atecordoba.org\/wp-content\/uploads\/2025\/08\/535546243_1178604197622826_4016254160562832209_n-560x560.jpg 560w, https:\/\/atecordoba.org\/wp-content\/uploads\/2025\/08\/535546243_1178604197622826_4016254160562832209_n-75x75.jpg 75w, https:\/\/atecordoba.org\/wp-content\/uploads\/2025\/08\/535546243_1178604197622826_4016254160562832209_n-350x350.jpg 350w\" data-expand=\"700\" \/><\/a>\n                <\/div><\/figure><br style=\"clear: both\" \/><figure class='gallery-item'>\n                <div class='gallery-icon portrait'>\n                    <a href='https:\/\/atecordoba.org\/wp-content\/uploads\/2025\/08\/536019654_1178604600956119_9025426505569585405_n.jpg'><img loading=\"lazy\" decoding=\"async\" width=\"150\" height=\"150\" src=\"\" class=\"attachment-thumbnail size-thumbnail lazyload\" alt=\"\" data-src=\"https:\/\/atecordoba.org\/wp-content\/uploads\/2025\/08\/536019654_1178604600956119_9025426505569585405_n-150x150.jpg\" data-sizes=\"auto\" data-srcset=\"https:\/\/atecordoba.org\/wp-content\/uploads\/2025\/08\/536019654_1178604600956119_9025426505569585405_n-150x150.jpg 150w, https:\/\/atecordoba.org\/wp-content\/uploads\/2025\/08\/536019654_1178604600956119_9025426505569585405_n-560x560.jpg 560w, https:\/\/atecordoba.org\/wp-content\/uploads\/2025\/08\/536019654_1178604600956119_9025426505569585405_n-75x75.jpg 75w, https:\/\/atecordoba.org\/wp-content\/uploads\/2025\/08\/536019654_1178604600956119_9025426505569585405_n-350x350.jpg 350w\" data-expand=\"700\" \/><\/a>\n                <\/div><\/figure><figure class='gallery-item'>\n                <div class='gallery-icon portrait'>\n                    <a href='https:\/\/atecordoba.org\/wp-content\/uploads\/2025\/08\/536267208_1178604764289436_6431394024257840706_n.jpg'><img loading=\"lazy\" decoding=\"async\" width=\"150\" height=\"150\" src=\"\" class=\"attachment-thumbnail size-thumbnail lazyload\" alt=\"\" data-src=\"https:\/\/atecordoba.org\/wp-content\/uploads\/2025\/08\/536267208_1178604764289436_6431394024257840706_n-150x150.jpg\" data-sizes=\"auto\" data-srcset=\"https:\/\/atecordoba.org\/wp-content\/uploads\/2025\/08\/536267208_1178604764289436_6431394024257840706_n-150x150.jpg 150w, https:\/\/atecordoba.org\/wp-content\/uploads\/2025\/08\/536267208_1178604764289436_6431394024257840706_n-560x560.jpg 560w, https:\/\/atecordoba.org\/wp-content\/uploads\/2025\/08\/536267208_1178604764289436_6431394024257840706_n-75x75.jpg 75w, https:\/\/atecordoba.org\/wp-content\/uploads\/2025\/08\/536267208_1178604764289436_6431394024257840706_n-350x350.jpg 350w\" data-expand=\"700\" \/><\/a>\n                <\/div><\/figure><figure class='gallery-item'>\n                <div class='gallery-icon portrait'>\n                    <a href='https:\/\/atecordoba.org\/wp-content\/uploads\/2025\/08\/536269047_1178604680956111_7792893583063595670_n.jpg'><img loading=\"lazy\" decoding=\"async\" width=\"150\" height=\"150\" src=\"\" class=\"attachment-thumbnail size-thumbnail lazyload\" alt=\"\" data-src=\"https:\/\/atecordoba.org\/wp-content\/uploads\/2025\/08\/536269047_1178604680956111_7792893583063595670_n-150x150.jpg\" data-sizes=\"auto\" data-srcset=\"https:\/\/atecordoba.org\/wp-content\/uploads\/2025\/08\/536269047_1178604680956111_7792893583063595670_n-150x150.jpg 150w, https:\/\/atecordoba.org\/wp-content\/uploads\/2025\/08\/536269047_1178604680956111_7792893583063595670_n-560x560.jpg 560w, https:\/\/atecordoba.org\/wp-content\/uploads\/2025\/08\/536269047_1178604680956111_7792893583063595670_n-75x75.jpg 75w, https:\/\/atecordoba.org\/wp-content\/uploads\/2025\/08\/536269047_1178604680956111_7792893583063595670_n-350x350.jpg 350w\" data-expand=\"700\" \/><\/a>\n                <\/div><\/figure><br style=\"clear: both\" \/><figure class='gallery-item'>\n                <div class='gallery-icon landscape'>\n                    <a href='https:\/\/atecordoba.org\/wp-content\/uploads\/2025\/08\/535909463_1178667024283210_6599918611084373154_n.jpg'><img loading=\"lazy\" decoding=\"async\" width=\"150\" height=\"150\" src=\"\" class=\"attachment-thumbnail size-thumbnail lazyload\" alt=\"\" data-src=\"https:\/\/atecordoba.org\/wp-content\/uploads\/2025\/08\/535909463_1178667024283210_6599918611084373154_n-150x150.jpg\" data-sizes=\"auto\" data-srcset=\"https:\/\/atecordoba.org\/wp-content\/uploads\/2025\/08\/535909463_1178667024283210_6599918611084373154_n-150x150.jpg 150w, https:\/\/atecordoba.org\/wp-content\/uploads\/2025\/08\/535909463_1178667024283210_6599918611084373154_n-560x560.jpg 560w, https:\/\/atecordoba.org\/wp-content\/uploads\/2025\/08\/535909463_1178667024283210_6599918611084373154_n-75x75.jpg 75w, https:\/\/atecordoba.org\/wp-content\/uploads\/2025\/08\/535909463_1178667024283210_6599918611084373154_n-350x350.jpg 350w\" data-expand=\"700\" \/><\/a>\n                <\/div><\/figure><figure class='gallery-item'>\n                <div class='gallery-icon portrait'>\n                    <a href='https:\/\/atecordoba.org\/wp-content\/uploads\/2025\/08\/535980999_1178667720949807_1595968441046289924_n.jpg'><img loading=\"lazy\" decoding=\"async\" width=\"150\" height=\"150\" src=\"\" class=\"attachment-thumbnail size-thumbnail lazyload\" alt=\"\" data-src=\"https:\/\/atecordoba.org\/wp-content\/uploads\/2025\/08\/535980999_1178667720949807_1595968441046289924_n-150x150.jpg\" data-sizes=\"auto\" data-srcset=\"https:\/\/atecordoba.org\/wp-content\/uploads\/2025\/08\/535980999_1178667720949807_1595968441046289924_n-150x150.jpg 150w, https:\/\/atecordoba.org\/wp-content\/uploads\/2025\/08\/535980999_1178667720949807_1595968441046289924_n-560x560.jpg 560w, https:\/\/atecordoba.org\/wp-content\/uploads\/2025\/08\/535980999_1178667720949807_1595968441046289924_n-75x75.jpg 75w, https:\/\/atecordoba.org\/wp-content\/uploads\/2025\/08\/535980999_1178667720949807_1595968441046289924_n-350x350.jpg 350w\" data-expand=\"700\" \/><\/a>\n                <\/div><\/figure><figure class='gallery-item'>\n                <div class='gallery-icon portrait'>\n                    <a href='https:\/\/atecordoba.org\/wp-content\/uploads\/2025\/08\/536275439_1178667544283158_99769845324075273_n.jpg'><img loading=\"lazy\" decoding=\"async\" width=\"150\" height=\"150\" src=\"\" class=\"attachment-thumbnail size-thumbnail lazyload\" alt=\"\" data-src=\"https:\/\/atecordoba.org\/wp-content\/uploads\/2025\/08\/536275439_1178667544283158_99769845324075273_n-150x150.jpg\" data-sizes=\"auto\" data-srcset=\"https:\/\/atecordoba.org\/wp-content\/uploads\/2025\/08\/536275439_1178667544283158_99769845324075273_n-150x150.jpg 150w, https:\/\/atecordoba.org\/wp-content\/uploads\/2025\/08\/536275439_1178667544283158_99769845324075273_n-560x560.jpg 560w, https:\/\/atecordoba.org\/wp-content\/uploads\/2025\/08\/536275439_1178667544283158_99769845324075273_n-75x75.jpg 75w, https:\/\/atecordoba.org\/wp-content\/uploads\/2025\/08\/536275439_1178667544283158_99769845324075273_n-350x350.jpg 350w\" data-expand=\"700\" \/><\/a>\n                <\/div><\/figure><br style=\"clear: both\" \/><figure class='gallery-item'>\n                <div class='gallery-icon landscape'>\n                    <a href='https:\/\/atecordoba.org\/wp-content\/uploads\/2025\/08\/536505441_1178668010949778_4495242419717828298_n.jpg'><img loading=\"lazy\" decoding=\"async\" width=\"150\" height=\"150\" src=\"\" class=\"attachment-thumbnail size-thumbnail lazyload\" alt=\"\" data-src=\"https:\/\/atecordoba.org\/wp-content\/uploads\/2025\/08\/536505441_1178668010949778_4495242419717828298_n-150x150.jpg\" data-sizes=\"auto\" data-srcset=\"https:\/\/atecordoba.org\/wp-content\/uploads\/2025\/08\/536505441_1178668010949778_4495242419717828298_n-150x150.jpg 150w, https:\/\/atecordoba.org\/wp-content\/uploads\/2025\/08\/536505441_1178668010949778_4495242419717828298_n-560x560.jpg 560w, https:\/\/atecordoba.org\/wp-content\/uploads\/2025\/08\/536505441_1178668010949778_4495242419717828298_n-75x75.jpg 75w, https:\/\/atecordoba.org\/wp-content\/uploads\/2025\/08\/536505441_1178668010949778_4495242419717828298_n-350x350.jpg 350w\" data-expand=\"700\" \/><\/a>\n                <\/div><\/figure><figure class='gallery-item'>\n                <div class='gallery-icon landscape'>\n                    <a href='https:\/\/atecordoba.org\/wp-content\/uploads\/2025\/08\/536558371_1178667914283121_7462185657631431444_n.jpg'><img loading=\"lazy\" decoding=\"async\" width=\"150\" height=\"150\" src=\"\" class=\"attachment-thumbnail size-thumbnail lazyload\" alt=\"\" data-src=\"https:\/\/atecordoba.org\/wp-content\/uploads\/2025\/08\/536558371_1178667914283121_7462185657631431444_n-150x150.jpg\" data-sizes=\"auto\" data-srcset=\"https:\/\/atecordoba.org\/wp-content\/uploads\/2025\/08\/536558371_1178667914283121_7462185657631431444_n-150x150.jpg 150w, https:\/\/atecordoba.org\/wp-content\/uploads\/2025\/08\/536558371_1178667914283121_7462185657631431444_n-560x560.jpg 560w, https:\/\/atecordoba.org\/wp-content\/uploads\/2025\/08\/536558371_1178667914283121_7462185657631431444_n-75x75.jpg 75w, https:\/\/atecordoba.org\/wp-content\/uploads\/2025\/08\/536558371_1178667914283121_7462185657631431444_n-350x350.jpg 350w\" data-expand=\"700\" \/><\/a>\n                <\/div><\/figure><figure class='gallery-item'>\n                <div class='gallery-icon landscape'>\n                    <a href='https:\/\/atecordoba.org\/wp-content\/uploads\/2025\/08\/535818074_1178667750949804_1785490799896129072_n.jpg'><img loading=\"lazy\" decoding=\"async\" width=\"150\" height=\"150\" src=\"\" class=\"attachment-thumbnail size-thumbnail lazyload\" alt=\"\" data-src=\"https:\/\/atecordoba.org\/wp-content\/uploads\/2025\/08\/535818074_1178667750949804_1785490799896129072_n-150x150.jpg\" data-sizes=\"auto\" data-srcset=\"https:\/\/atecordoba.org\/wp-content\/uploads\/2025\/08\/535818074_1178667750949804_1785490799896129072_n-150x150.jpg 150w, https:\/\/atecordoba.org\/wp-content\/uploads\/2025\/08\/535818074_1178667750949804_1785490799896129072_n-560x560.jpg 560w, https:\/\/atecordoba.org\/wp-content\/uploads\/2025\/08\/535818074_1178667750949804_1785490799896129072_n-75x75.jpg 75w, https:\/\/atecordoba.org\/wp-content\/uploads\/2025\/08\/535818074_1178667750949804_1785490799896129072_n-350x350.jpg 350w\" data-expand=\"700\" \/><\/a>\n                <\/div><\/figure><br style=\"clear: both\" \/>\n            <\/div>\n\n","protected":false},"excerpt":{"rendered":"<p>El plenario provincial de delegados y delegadas municipales sesion\u00f3 esta ma\u00f1ana en el auditorio H\u00e9ctor La Perra Castro del Consejo Directivo Provincial, con la participaci\u00f3n de representaciones de los cuatro puntos cardinales del territorio cordob\u00e9s y la presencia de las seccionales Cruz del Eje, R\u00edo Cuarto, San Francisco, y corredores bajo conducci\u00f3n del CDP como [&hellip;]<\/p>\n","protected":false},"author":7,"featured_media":50231,"comment_status":"open","ping_status":"open","sticky":false,"template":"","format":"standard","meta":{"_exactmetrics_skip_tracking":false,"_exactmetrics_sitenote_active":false,"_exactmetrics_sitenote_note":"","_exactmetrics_sitenote_category":0,"jnews-multi-image_gallery":[],"jnews_single_post":{"format":"standard","override":[{"template":"1","parallax":"1","fullscreen":"1","layout":"no-sidebar-narrow","sidebar":"default-sidebar","second_sidebar":"default-sidebar","sticky_sidebar":"1","share_position":"bottom","share_float_style":"share-monocrhome","show_share_counter":"1","show_view_counter":"1","show_post_meta":"1","show_post_author_image":"1","show_post_date":"1","post_date_format":"default","post_date_format_custom":"Y\/m\/d","show_post_category":"1","show_post_reading_time":"0","post_reading_time_wpm":"300","post_calculate_word_method":"str_word_count","show_zoom_button":"0","zoom_button_out_step":"2","zoom_button_in_step":"3","show_post_tag":"1","number_popup_post":"1","show_post_related":"1","show_inline_post_related":"0"}],"image_override":[{"single_post_thumbnail_size":"crop-500","single_post_gallery_size":"crop-500"}],"trending_post_position":"meta","trending_post_label":"Trending","sponsored_post_label":"Sponsored by","disable_ad":"0"},"jnews_primary_category":[],"jnews_social_meta":[],"jnews_review":[],"enable_review":"","type":"percentage","name":"","summary":"","brand":"","sku":"","good":[],"bad":[],"score_override":"","override_value":"","rating":[],"price":[],"jnews_override_counter":{"view_counter_number":"0","share_counter_number":"0","like_counter_number":"0","dislike_counter_number":"0"},"jnews_post_split":{"post_split":[{"template":"1","tag":"h2","numbering":"asc","mode":"normal","first":"0","enable_toc":"0","toc_type":"normal"}]},"footnotes":""},"categories":[20],"tags":[],"class_list":["post-50230","post","type-post","status-publish","format-standard","has-post-thumbnail","hentry","category-municipales"],"jetpack_featured_media_url":"https:\/\/atecordoba.org\/wp-content\/uploads\/2025\/08\/536277425_1178604917622754_1951414134779324762_n-e1755800345682.jpg","_links":{"self":[{"href":"https:\/\/atecordoba.org\/index.php?rest_route=\/wp\/v2\/posts\/50230","targetHints":{"allow":["GET"]}}],"collection":[{"href":"https:\/\/atecordoba.org\/index.php?rest_route=\/wp\/v2\/posts"}],"about":[{"href":"https:\/\/atecordoba.org\/index.php?rest_route=\/wp\/v2\/types\/post"}],"author":[{"embeddable":true,"href":"https:\/\/atecordoba.org\/index.php?rest_route=\/wp\/v2\/users\/7"}],"replies":[{"embeddable":true,"href":"https:\/\/atecordoba.org\/index.php?rest_route=%2Fwp%2Fv2%2Fcomments&post=50230"}],"version-history":[{"count":3,"href":"https:\/\/atecordoba.org\/index.php?rest_route=\/wp\/v2\/posts\/50230\/revisions"}],"predecessor-version":[{"id":50323,"href":"https:\/\/atecordoba.org\/index.php?rest_route=\/wp\/v2\/posts\/50230\/revisions\/50323"}],"wp:featuredmedia":[{"embeddable":true,"href":"https:\/\/atecordoba.org\/index.php?rest_route=\/wp\/v2\/media\/50231"}],"wp:attachment":[{"href":"https:\/\/atecordoba.org\/index.php?rest_route=%2Fwp%2Fv2%2Fmedia&parent=50230"}],"wp:term":[{"taxonomy":"category","embeddable":true,"href":"https:\/\/atecordoba.org\/index.php?rest_route=%2Fwp%2Fv2%2Fcategories&post=50230"},{"taxonomy":"post_tag","embeddable":true,"href":"https:\/\/atecordoba.org\/index.php?rest_route=%2Fwp%2Fv2%2Ftags&post=50230"}],"curies":[{"name":"wp","href":"https:\/\/api.w.org\/{rel}","templated":true}]}}