{"id":50218,"date":"2025-08-21T13:59:23","date_gmt":"2025-08-21T16:59:23","guid":{"rendered":"https:\/\/atecordoba.org\/?p=50218"},"modified":"2025-08-21T13:59:23","modified_gmt":"2025-08-21T16:59:23","slug":"ate-movilizo-hoy-al-congreso-nacional-para-frenar-los-dnu-de-milei-y-sturzenegger","status":"publish","type":"post","link":"https:\/\/atecordoba.org\/?p=50218","title":{"rendered":"ATE moviliz\u00f3 hoy al Congreso Nacional para frenar los DNU de Milei y Sturzenegger"},"content":{"rendered":"<p><img loading=\"lazy\" decoding=\"async\" class=\"aligncenter wp-image-50219 \" src=\"https:\/\/atecordoba.org\/wp-content\/uploads\/2025\/08\/WhatsApp-Image-2025-08-21-at-13.12.06-1024x576.jpeg\" alt=\"\" width=\"604\" height=\"340\" \/>ATE se moviliz\u00f3 hoy en Capital Federal al Congreso de la Naci\u00f3n, a partir del mediod\u00eda, para exigir al Senado de la Naci\u00f3n que ratifique el rechazo de los Decretos del Poder Ejecutivo que pretenden avanzar en el desguace de numerosos organismos del Estado, y que ya fueron objetados por la C\u00e1mara de Diputados el pasado 6 de agosto.<img loading=\"lazy\" decoding=\"async\" class=\"size-medium wp-image-50220 alignleft\" src=\"https:\/\/atecordoba.org\/wp-content\/uploads\/2025\/08\/WhatsApp-Image-2025-08-21-at-13.18.01-e1755795373936-255x300.jpeg\" alt=\"\" width=\"255\" height=\"300\" srcset=\"https:\/\/atecordoba.org\/wp-content\/uploads\/2025\/08\/WhatsApp-Image-2025-08-21-at-13.18.01-e1755795373936-255x300.jpeg 255w, https:\/\/atecordoba.org\/wp-content\/uploads\/2025\/08\/WhatsApp-Image-2025-08-21-at-13.18.01-e1755795373936-870x1024.jpeg 870w, https:\/\/atecordoba.org\/wp-content\/uploads\/2025\/08\/WhatsApp-Image-2025-08-21-at-13.18.01-e1755795373936-768x904.jpeg 768w, https:\/\/atecordoba.org\/wp-content\/uploads\/2025\/08\/WhatsApp-Image-2025-08-21-at-13.18.01-e1755795373936-750x883.jpeg 750w, https:\/\/atecordoba.org\/wp-content\/uploads\/2025\/08\/WhatsApp-Image-2025-08-21-at-13.18.01-e1755795373936.jpeg 960w\" sizes=\"auto, (max-width: 255px) 100vw, 255px\" \/><\/p>\n<p>ATE C\u00f3rdoba est\u00e1 presente en la concentraci\u00f3n a trav\u00e9s de la representaci\u00f3n de las compa\u00f1era de la Comisi\u00f3n Nacional de Regulaci\u00f3n del Transporte (CNRT), la delegada Paola Rojas.<\/p>\n<p>En la sesi\u00f3n de hoy se tratan el Decreto 351\/25 (Banco Nacional de Datos Gen\u00e9ticos), 345\/25 (organismos de cultura), 461\/25 (Vialidad Nacional y organismos del transporte) y 462\/25 (INTA, INTI, entre otros).<\/p>\n<p>Desde la movilizaci\u00f3n popular y la presi\u00f3n en la calle sobre el Congreso de la Naci\u00f3n se viene logrando poner un freno a la motosierra criminal de Milei y Sturzenegger; as\u00ed se logr\u00f3 que la C\u00e1mara de Diputados rechace por mayor\u00eda el veto presidencial a la Ley de Emergencia en Discapacidad, aunque inmediatamente despu\u00e9s un grupo de diputados\/as sostuvo vergonzosamente el veto al aumento de las jubilaciones.<\/p>\n<p>Estos hechos demuestran claramente que las y los trabajadores s\u00f3lo podemos confiar en nuestras propias fuerzas para conquistar nuestras reivindicaciones en todos los terrenos.<img loading=\"lazy\" decoding=\"async\" class=\"aligncenter wp-image-50221 \" src=\"https:\/\/atecordoba.org\/wp-content\/uploads\/2025\/08\/WhatsApp-Image-2025-08-21-at-13.12.08-1024x770.jpeg\" alt=\"\" width=\"606\" height=\"456\" srcset=\"https:\/\/atecordoba.org\/wp-content\/uploads\/2025\/08\/WhatsApp-Image-2025-08-21-at-13.12.08-1024x770.jpeg 1024w, https:\/\/atecordoba.org\/wp-content\/uploads\/2025\/08\/WhatsApp-Image-2025-08-21-at-13.12.08-300x226.jpeg 300w, https:\/\/atecordoba.org\/wp-content\/uploads\/2025\/08\/WhatsApp-Image-2025-08-21-at-13.12.08-768x578.jpeg 768w, https:\/\/atecordoba.org\/wp-content\/uploads\/2025\/08\/WhatsApp-Image-2025-08-21-at-13.12.08-750x564.jpeg 750w, https:\/\/atecordoba.org\/wp-content\/uploads\/2025\/08\/WhatsApp-Image-2025-08-21-at-13.12.08-1140x858.jpeg 1140w, https:\/\/atecordoba.org\/wp-content\/uploads\/2025\/08\/WhatsApp-Image-2025-08-21-at-13.12.08.jpeg 1280w\" sizes=\"auto, (max-width: 606px) 100vw, 606px\" \/><\/p>\n<p>En este sentido, tambi\u00e9n en la Justicia se vienen conquistando cautelares favorables a los reclamos de los trabajadores y trabajadoras, tal como ocurri\u00f3 con los casos de Vialidad Nacional, INTI y m\u00e1s recientemente INTA, lo que impide en lo inmediato que el gobierno nacional pueda avanzar por la v\u00eda de los hechos en el desguace de esos organismos.<\/p>\n<div id='gallery_1' class='gallery galleryid-50218 gallery-columns-3 gallery-size-thumbnail'><figure class='gallery-item'>\n                <div class='gallery-icon landscape'>\n                    <a href='https:\/\/atecordoba.org\/wp-content\/uploads\/2025\/08\/WhatsApp-Image-2025-08-21-at-13.12.05-1.jpeg'><img loading=\"lazy\" decoding=\"async\" width=\"150\" height=\"150\" src=\"\" class=\"attachment-thumbnail size-thumbnail lazyload\" alt=\"\" data-src=\"https:\/\/atecordoba.org\/wp-content\/uploads\/2025\/08\/WhatsApp-Image-2025-08-21-at-13.12.05-1-150x150.jpeg\" data-sizes=\"auto\" data-srcset=\"https:\/\/atecordoba.org\/wp-content\/uploads\/2025\/08\/WhatsApp-Image-2025-08-21-at-13.12.05-1-150x150.jpeg 150w, https:\/\/atecordoba.org\/wp-content\/uploads\/2025\/08\/WhatsApp-Image-2025-08-21-at-13.12.05-1-560x560.jpeg 560w, https:\/\/atecordoba.org\/wp-content\/uploads\/2025\/08\/WhatsApp-Image-2025-08-21-at-13.12.05-1-75x75.jpeg 75w, https:\/\/atecordoba.org\/wp-content\/uploads\/2025\/08\/WhatsApp-Image-2025-08-21-at-13.12.05-1-350x350.jpeg 350w\" data-expand=\"700\" \/><\/a>\n                <\/div><\/figure><figure class='gallery-item'>\n                <div class='gallery-icon landscape'>\n                    <a href='https:\/\/atecordoba.org\/wp-content\/uploads\/2025\/08\/WhatsApp-Image-2025-08-21-at-13.12.05-2-1.jpeg'><img loading=\"lazy\" decoding=\"async\" width=\"150\" height=\"150\" src=\"\" class=\"attachment-thumbnail size-thumbnail lazyload\" alt=\"\" data-src=\"https:\/\/atecordoba.org\/wp-content\/uploads\/2025\/08\/WhatsApp-Image-2025-08-21-at-13.12.05-2-1-150x150.jpeg\" data-sizes=\"auto\" data-srcset=\"https:\/\/atecordoba.org\/wp-content\/uploads\/2025\/08\/WhatsApp-Image-2025-08-21-at-13.12.05-2-1-150x150.jpeg 150w, https:\/\/atecordoba.org\/wp-content\/uploads\/2025\/08\/WhatsApp-Image-2025-08-21-at-13.12.05-2-1-560x560.jpeg 560w, https:\/\/atecordoba.org\/wp-content\/uploads\/2025\/08\/WhatsApp-Image-2025-08-21-at-13.12.05-2-1-75x75.jpeg 75w, https:\/\/atecordoba.org\/wp-content\/uploads\/2025\/08\/WhatsApp-Image-2025-08-21-at-13.12.05-2-1-350x350.jpeg 350w\" data-expand=\"700\" \/><\/a>\n                <\/div><\/figure><figure class='gallery-item'>\n                <div class='gallery-icon landscape'>\n                    <a href='https:\/\/atecordoba.org\/wp-content\/uploads\/2025\/08\/WhatsApp-Image-2025-08-21-at-13.12.05-3.jpeg'><img loading=\"lazy\" decoding=\"async\" width=\"150\" height=\"150\" src=\"\" class=\"attachment-thumbnail size-thumbnail lazyload\" alt=\"\" data-src=\"https:\/\/atecordoba.org\/wp-content\/uploads\/2025\/08\/WhatsApp-Image-2025-08-21-at-13.12.05-3-150x150.jpeg\" data-sizes=\"auto\" data-srcset=\"https:\/\/atecordoba.org\/wp-content\/uploads\/2025\/08\/WhatsApp-Image-2025-08-21-at-13.12.05-3-150x150.jpeg 150w, https:\/\/atecordoba.org\/wp-content\/uploads\/2025\/08\/WhatsApp-Image-2025-08-21-at-13.12.05-3-560x560.jpeg 560w, https:\/\/atecordoba.org\/wp-content\/uploads\/2025\/08\/WhatsApp-Image-2025-08-21-at-13.12.05-3-75x75.jpeg 75w, https:\/\/atecordoba.org\/wp-content\/uploads\/2025\/08\/WhatsApp-Image-2025-08-21-at-13.12.05-3-350x350.jpeg 350w\" data-expand=\"700\" \/><\/a>\n                <\/div><\/figure><br style=\"clear: both\" \/>\n            <\/div>\n\n","protected":false},"excerpt":{"rendered":"<p>ATE se moviliz\u00f3 hoy en Capital Federal al Congreso de la Naci\u00f3n, a partir del mediod\u00eda, para exigir al Senado de la Naci\u00f3n que ratifique el rechazo de los Decretos del Poder Ejecutivo que pretenden avanzar en el desguace de numerosos organismos del Estado, y que ya fueron objetados por la C\u00e1mara de Diputados el [&hellip;]<\/p>\n","protected":false},"author":7,"featured_media":50219,"comment_status":"open","ping_status":"open","sticky":false,"template":"","format":"standard","meta":{"_exactmetrics_skip_tracking":false,"_exactmetrics_sitenote_active":false,"_exactmetrics_sitenote_note":"","_exactmetrics_sitenote_category":0,"jnews-multi-image_gallery":[],"jnews_single_post":[],"jnews_primary_category":[],"jnews_social_meta":[],"jnews_review":[],"enable_review":"","type":"","name":"","summary":"","brand":"","sku":"","good":[],"bad":[],"score_override":"","override_value":"","rating":[],"price":[],"jnews_override_counter":[],"jnews_post_split":[],"footnotes":""},"categories":[18],"tags":[],"class_list":["post-50218","post","type-post","status-publish","format-standard","has-post-thumbnail","hentry","category-nacionales"],"jetpack_featured_media_url":"https:\/\/atecordoba.org\/wp-content\/uploads\/2025\/08\/WhatsApp-Image-2025-08-21-at-13.12.06-e1755795471904.jpeg","_links":{"self":[{"href":"https:\/\/atecordoba.org\/index.php?rest_route=\/wp\/v2\/posts\/50218","targetHints":{"allow":["GET"]}}],"collection":[{"href":"https:\/\/atecordoba.org\/index.php?rest_route=\/wp\/v2\/posts"}],"about":[{"href":"https:\/\/atecordoba.org\/index.php?rest_route=\/wp\/v2\/types\/post"}],"author":[{"embeddable":true,"href":"https:\/\/atecordoba.org\/index.php?rest_route=\/wp\/v2\/users\/7"}],"replies":[{"embeddable":true,"href":"https:\/\/atecordoba.org\/index.php?rest_route=%2Fwp%2Fv2%2Fcomments&post=50218"}],"version-history":[{"count":1,"href":"https:\/\/atecordoba.org\/index.php?rest_route=\/wp\/v2\/posts\/50218\/revisions"}],"predecessor-version":[{"id":50228,"href":"https:\/\/atecordoba.org\/index.php?rest_route=\/wp\/v2\/posts\/50218\/revisions\/50228"}],"wp:featuredmedia":[{"embeddable":true,"href":"https:\/\/atecordoba.org\/index.php?rest_route=\/wp\/v2\/media\/50219"}],"wp:attachment":[{"href":"https:\/\/atecordoba.org\/index.php?rest_route=%2Fwp%2Fv2%2Fmedia&parent=50218"}],"wp:term":[{"taxonomy":"category","embeddable":true,"href":"https:\/\/atecordoba.org\/index.php?rest_route=%2Fwp%2Fv2%2Fcategories&post=50218"},{"taxonomy":"post_tag","embeddable":true,"href":"https:\/\/atecordoba.org\/index.php?rest_route=%2Fwp%2Fv2%2Ftags&post=50218"}],"curies":[{"name":"wp","href":"https:\/\/api.w.org\/{rel}","templated":true}]}}