{"id":50193,"date":"2025-08-20T15:14:35","date_gmt":"2025-08-20T18:14:35","guid":{"rendered":"https:\/\/atecordoba.org\/?p=50193"},"modified":"2025-08-20T16:40:16","modified_gmt":"2025-08-20T19:40:16","slug":"plenario-de-delegados-as-nacionales-resolvio-una-jornada-provincial-de-protesta-el-9-de-septiembre","status":"publish","type":"post","link":"https:\/\/atecordoba.org\/?p=50193","title":{"rendered":"Plenario de Delegados\/as Nacionales resolvi\u00f3 una Jornada Provincial de Protesta el 9 de septiembre"},"content":{"rendered":"<p>Con la participaci\u00f3n masiva de delegados y delegadas de organismos nacionales en C\u00f3rdoba se llev\u00f3 adelante un Plenario General con el fin de abordar la realidad de cada sector y resolver la realizaci\u00f3n de una medida de fuerza conjunta, en el marco del plan de lucha que ATE est\u00e1 protagonizando en contra del plan de ajuste y destrucci\u00f3n del Estado que impone cruelmente el gobierno de Javier Milei.<\/p>\n<p><img loading=\"lazy\" decoding=\"async\" class=\"aligncenter wp-image-50194 \" src=\"https:\/\/atecordoba.org\/wp-content\/uploads\/2025\/08\/WhatsApp-Image-2025-08-20-at-14.00.49-1024x768.jpeg\" alt=\"\" width=\"627\" height=\"471\" \/>El Plenario estuvo encabezado por el secretario General del Consejo Directivo Provincial, Federico Giuliani, junto al secretario Gremial, Jorge Chalup, y la compa\u00f1era despedida de Agricultura Familiar, Natalia Arrieta.<\/p>\n<p>En la ocasi\u00f3n los y las delegadas decidieron por unanimidad llevar a cabo una Jornada Provincial de Protesta el pr\u00f3ximo 9 de septiembre, con movilizaci\u00f3n a la Secretaria de Trabajo de la Naci\u00f3n, a las 10 horas.<\/p>\n<p>Estuvieron presentes todas las seccionales del interior provincial con sus respectivos\/as secretarios\/as Generales: Beto Pozzi de Cruz del Eje, Rafaela Alcoba de R\u00edo Cuarto, David Salto de R\u00edo Tercero, Paredes de San Justo, junto a delegados de Villa Mar\u00eda como Ignacio Secondino y Jony Cruze\u00f1o.<img loading=\"lazy\" decoding=\"async\" class=\"aligncenter wp-image-50195 \" src=\"https:\/\/atecordoba.org\/wp-content\/uploads\/2025\/08\/WhatsApp-Image-2025-08-20-at-14.00.44-1-1024x770.jpeg\" alt=\"\" width=\"613\" height=\"461\" srcset=\"https:\/\/atecordoba.org\/wp-content\/uploads\/2025\/08\/WhatsApp-Image-2025-08-20-at-14.00.44-1-1024x770.jpeg 1024w, https:\/\/atecordoba.org\/wp-content\/uploads\/2025\/08\/WhatsApp-Image-2025-08-20-at-14.00.44-1-300x226.jpeg 300w, https:\/\/atecordoba.org\/wp-content\/uploads\/2025\/08\/WhatsApp-Image-2025-08-20-at-14.00.44-1-768x578.jpeg 768w, https:\/\/atecordoba.org\/wp-content\/uploads\/2025\/08\/WhatsApp-Image-2025-08-20-at-14.00.44-1-750x564.jpeg 750w, https:\/\/atecordoba.org\/wp-content\/uploads\/2025\/08\/WhatsApp-Image-2025-08-20-at-14.00.44-1-1140x858.jpeg 1140w, https:\/\/atecordoba.org\/wp-content\/uploads\/2025\/08\/WhatsApp-Image-2025-08-20-at-14.00.44-1.jpeg 1280w\" sizes=\"auto, (max-width: 613px) 100vw, 613px\" \/><\/p>\n<p>Adem\u00e1s, el Plenario repudi\u00f3 los dichos de la senadora Carmen \u00c1lvarez Rivero en relaci\u00f3n al Hospital Garrahan, dio su apoyo a sus trabajadores\/as y repudi\u00f3 el genocidio sionista en Palestina, al tiempo que aprob\u00f3 la creaci\u00f3n de una <a href=\"https:\/\/atecordoba.org\/?p=50189\">Coordinadora de Despedidos\/as de Milei.<\/a><\/p>\n<p>Giuliani introdujo el rico debate que se gener\u00f3 en el auditorio H\u00e9ctor La Perra Castro del CDP evaluando la coyuntura y el desarrollo del plan de lucha, afirmando que &#8220;hoy casi un a\u00f1o y ocho meses despu\u00e9s de la asunci\u00f3n de Javier Milei no nos equivocamos cuando dijimos en diciembre de 2023 que se ven\u00eda el vaciamiento y desguace del Estado y que la salida es colectiva y no individual&#8221;.<img loading=\"lazy\" decoding=\"async\" class=\"aligncenter wp-image-50196 \" src=\"https:\/\/atecordoba.org\/wp-content\/uploads\/2025\/08\/WhatsApp-Image-2025-08-20-at-14.00.47-1-1024x770.jpeg\" alt=\"\" width=\"612\" height=\"460\" srcset=\"https:\/\/atecordoba.org\/wp-content\/uploads\/2025\/08\/WhatsApp-Image-2025-08-20-at-14.00.47-1-1024x770.jpeg 1024w, https:\/\/atecordoba.org\/wp-content\/uploads\/2025\/08\/WhatsApp-Image-2025-08-20-at-14.00.47-1-300x226.jpeg 300w, https:\/\/atecordoba.org\/wp-content\/uploads\/2025\/08\/WhatsApp-Image-2025-08-20-at-14.00.47-1-768x578.jpeg 768w, https:\/\/atecordoba.org\/wp-content\/uploads\/2025\/08\/WhatsApp-Image-2025-08-20-at-14.00.47-1-750x564.jpeg 750w, https:\/\/atecordoba.org\/wp-content\/uploads\/2025\/08\/WhatsApp-Image-2025-08-20-at-14.00.47-1-1140x858.jpeg 1140w, https:\/\/atecordoba.org\/wp-content\/uploads\/2025\/08\/WhatsApp-Image-2025-08-20-at-14.00.47-1.jpeg 1280w\" sizes=\"auto, (max-width: 612px) 100vw, 612px\" \/><\/p>\n<p>&#8220;Nos preparamos para la pelea, hicimos un protocolo, hicimos una estrategia, coordinamos con las seccionales. Eso no pudo frenar el embate de la pol\u00edtica de ajuste. El enemigo es muy poderoso pero debemos rescatar que lo que sirve son las peleas colectivas y organizadas dentro del sindicato. No sirve que cada organismo o sector se corte solo y haga la suya&#8221;, advirti\u00f3.<\/p>\n<p>Y remarc\u00f3 que &#8220;hoy el plan de FMI indica que hay que seguir ajustando, cuando tenemos 52300 despedidos en la Administraci\u00f3n P\u00fablica Nacional. Compa\u00f1eros que no consiguieron otro laburo en la mayor\u00eda de los casos. A esa cifra hay que sumar los retiros voluntarios que son despidos encubiertos&#8221;.<\/p>\n<p>En tal sentido, Giuliani asegur\u00f3 que &#8220;hasta hoy no paramos de dar la lucha, a pesar que logramos pocas reincorporaciones en Capital Federal y que no se articul\u00f3 una pelea federal ante el abandono de los territorios por parte del Estado Nacional&#8221;.<img loading=\"lazy\" decoding=\"async\" class=\"aligncenter wp-image-50197 \" src=\"https:\/\/atecordoba.org\/wp-content\/uploads\/2025\/08\/WhatsApp-Image-2025-08-20-at-14.00.48-2-1024x769.jpeg\" alt=\"\" width=\"610\" height=\"458\" srcset=\"https:\/\/atecordoba.org\/wp-content\/uploads\/2025\/08\/WhatsApp-Image-2025-08-20-at-14.00.48-2-1024x769.jpeg 1024w, https:\/\/atecordoba.org\/wp-content\/uploads\/2025\/08\/WhatsApp-Image-2025-08-20-at-14.00.48-2-300x225.jpeg 300w, https:\/\/atecordoba.org\/wp-content\/uploads\/2025\/08\/WhatsApp-Image-2025-08-20-at-14.00.48-2-768x577.jpeg 768w, https:\/\/atecordoba.org\/wp-content\/uploads\/2025\/08\/WhatsApp-Image-2025-08-20-at-14.00.48-2-750x563.jpeg 750w, https:\/\/atecordoba.org\/wp-content\/uploads\/2025\/08\/WhatsApp-Image-2025-08-20-at-14.00.48-2-1140x856.jpeg 1140w, https:\/\/atecordoba.org\/wp-content\/uploads\/2025\/08\/WhatsApp-Image-2025-08-20-at-14.00.48-2.jpeg 1156w\" sizes=\"auto, (max-width: 610px) 100vw, 610px\" \/><\/p>\n<p>Por eso demand\u00f3 que &#8220;de este plenario debe salir una posici\u00f3n para que el Consejo Nacional habr\u00e1 a las provincias la integraci\u00f3n a mesas de representaci\u00f3n en aquellos ministerios donde a\u00fan existen&#8221;.<\/p>\n<p>Otro punto importante que valor\u00f3 el dirigente es &#8220;la contenci\u00f3n y conducci\u00f3n de aquellos compa\u00f1eros y compa\u00f1eras que sufren con incertidumbre su futuro tras ser despedidos. Podemos tomar como experiencia exitosa la conformaci\u00f3n de la CORREDMA cuando finalizaba el macrismo, a penas asumimos la responsabilidad de conducir el CDP. Hoy en C\u00f3rdoba tenemos 200 despidos y 200 retiros voluntarios. Armar una coordinadora de los despedidos de Milei es una manera de hacer carne la solidaridad porque como nos ense\u00f1aron las Madres de Plaza de Mayo &#8216;la \u00fanica pelea perdida es la que se abandona'&#8221;.<img loading=\"lazy\" decoding=\"async\" class=\"aligncenter wp-image-50198 \" src=\"https:\/\/atecordoba.org\/wp-content\/uploads\/2025\/08\/WhatsApp-Image-2025-08-20-at-14.00.48-3-1024x769.jpeg\" alt=\"\" width=\"627\" height=\"471\" srcset=\"https:\/\/atecordoba.org\/wp-content\/uploads\/2025\/08\/WhatsApp-Image-2025-08-20-at-14.00.48-3-1024x769.jpeg 1024w, https:\/\/atecordoba.org\/wp-content\/uploads\/2025\/08\/WhatsApp-Image-2025-08-20-at-14.00.48-3-300x225.jpeg 300w, https:\/\/atecordoba.org\/wp-content\/uploads\/2025\/08\/WhatsApp-Image-2025-08-20-at-14.00.48-3-768x577.jpeg 768w, https:\/\/atecordoba.org\/wp-content\/uploads\/2025\/08\/WhatsApp-Image-2025-08-20-at-14.00.48-3-750x563.jpeg 750w, https:\/\/atecordoba.org\/wp-content\/uploads\/2025\/08\/WhatsApp-Image-2025-08-20-at-14.00.48-3-1140x856.jpeg 1140w, https:\/\/atecordoba.org\/wp-content\/uploads\/2025\/08\/WhatsApp-Image-2025-08-20-at-14.00.48-3.jpeg 1156w\" sizes=\"auto, (max-width: 627px) 100vw, 627px\" \/><\/p>\n<p>Por ultimo, Giuliani evalu\u00f3 como &#8220;etapa t\u00e1ctica&#8221; las elecciones de octubre pr\u00f3ximo &#8220;en el marco de una democracia restringida y de baja intensidad donde la participaci\u00f3n popular no existe. Despu\u00e9s de octubre, m\u00e1s all\u00e1 de donde jueguen compa\u00f1eros y compa\u00f1eras en sectores de la izquierda, el peronismo u otros nacionales y populares, tenemos que volver a organizar en la calle al sujeto que espera que le debemos un norte colectivo para derrotar a Milei y a Llaryora. O los 400 intendentes que se siguen creyendo patrones de estancia y que nuestros compa\u00f1eros son sus peones&#8221;.<\/p>\n<div id='gallery_1' class='gallery galleryid-50193 gallery-columns-3 gallery-size-thumbnail'><figure class='gallery-item'>\n                <div class='gallery-icon portrait'>\n                    <a href='https:\/\/atecordoba.org\/wp-content\/uploads\/2025\/08\/WhatsApp-Image-2025-08-20-at-14.00.46-2.jpeg'><img loading=\"lazy\" decoding=\"async\" width=\"150\" height=\"150\" src=\"\" class=\"attachment-thumbnail size-thumbnail lazyload\" alt=\"\" data-src=\"https:\/\/atecordoba.org\/wp-content\/uploads\/2025\/08\/WhatsApp-Image-2025-08-20-at-14.00.46-2-150x150.jpeg\" data-sizes=\"auto\" data-srcset=\"https:\/\/atecordoba.org\/wp-content\/uploads\/2025\/08\/WhatsApp-Image-2025-08-20-at-14.00.46-2-150x150.jpeg 150w, https:\/\/atecordoba.org\/wp-content\/uploads\/2025\/08\/WhatsApp-Image-2025-08-20-at-14.00.46-2-560x560.jpeg 560w, https:\/\/atecordoba.org\/wp-content\/uploads\/2025\/08\/WhatsApp-Image-2025-08-20-at-14.00.46-2-75x75.jpeg 75w, https:\/\/atecordoba.org\/wp-content\/uploads\/2025\/08\/WhatsApp-Image-2025-08-20-at-14.00.46-2-350x350.jpeg 350w\" data-expand=\"700\" \/><\/a>\n                <\/div><\/figure><figure class='gallery-item'>\n                <div class='gallery-icon landscape'>\n                    <a href='https:\/\/atecordoba.org\/wp-content\/uploads\/2025\/08\/WhatsApp-Image-2025-08-20-at-14.00.47-1-1.jpeg'><img loading=\"lazy\" decoding=\"async\" width=\"150\" height=\"150\" src=\"\" class=\"attachment-thumbnail size-thumbnail lazyload\" alt=\"\" data-src=\"https:\/\/atecordoba.org\/wp-content\/uploads\/2025\/08\/WhatsApp-Image-2025-08-20-at-14.00.47-1-1-150x150.jpeg\" data-sizes=\"auto\" data-srcset=\"https:\/\/atecordoba.org\/wp-content\/uploads\/2025\/08\/WhatsApp-Image-2025-08-20-at-14.00.47-1-1-150x150.jpeg 150w, https:\/\/atecordoba.org\/wp-content\/uploads\/2025\/08\/WhatsApp-Image-2025-08-20-at-14.00.47-1-1-560x560.jpeg 560w, https:\/\/atecordoba.org\/wp-content\/uploads\/2025\/08\/WhatsApp-Image-2025-08-20-at-14.00.47-1-1-75x75.jpeg 75w, https:\/\/atecordoba.org\/wp-content\/uploads\/2025\/08\/WhatsApp-Image-2025-08-20-at-14.00.47-1-1-350x350.jpeg 350w\" data-expand=\"700\" \/><\/a>\n                <\/div><\/figure><figure class='gallery-item'>\n                <div class='gallery-icon portrait'>\n                    <a href='https:\/\/atecordoba.org\/wp-content\/uploads\/2025\/08\/WhatsApp-Image-2025-08-20-at-14.00.47.jpeg'><img loading=\"lazy\" decoding=\"async\" width=\"150\" height=\"150\" src=\"\" class=\"attachment-thumbnail size-thumbnail lazyload\" alt=\"\" data-src=\"https:\/\/atecordoba.org\/wp-content\/uploads\/2025\/08\/WhatsApp-Image-2025-08-20-at-14.00.47-150x150.jpeg\" data-sizes=\"auto\" data-srcset=\"https:\/\/atecordoba.org\/wp-content\/uploads\/2025\/08\/WhatsApp-Image-2025-08-20-at-14.00.47-150x150.jpeg 150w, https:\/\/atecordoba.org\/wp-content\/uploads\/2025\/08\/WhatsApp-Image-2025-08-20-at-14.00.47-560x560.jpeg 560w, https:\/\/atecordoba.org\/wp-content\/uploads\/2025\/08\/WhatsApp-Image-2025-08-20-at-14.00.47-75x75.jpeg 75w, https:\/\/atecordoba.org\/wp-content\/uploads\/2025\/08\/WhatsApp-Image-2025-08-20-at-14.00.47-350x350.jpeg 350w\" data-expand=\"700\" \/><\/a>\n                <\/div><\/figure><br style=\"clear: both\" \/><figure class='gallery-item'>\n                <div class='gallery-icon portrait'>\n                    <a href='https:\/\/atecordoba.org\/wp-content\/uploads\/2025\/08\/WhatsApp-Image-2025-08-20-at-14.00.48.jpeg'><img loading=\"lazy\" decoding=\"async\" width=\"150\" height=\"150\" src=\"\" class=\"attachment-thumbnail size-thumbnail lazyload\" alt=\"\" data-src=\"https:\/\/atecordoba.org\/wp-content\/uploads\/2025\/08\/WhatsApp-Image-2025-08-20-at-14.00.48-150x150.jpeg\" data-sizes=\"auto\" data-srcset=\"https:\/\/atecordoba.org\/wp-content\/uploads\/2025\/08\/WhatsApp-Image-2025-08-20-at-14.00.48-150x150.jpeg 150w, https:\/\/atecordoba.org\/wp-content\/uploads\/2025\/08\/WhatsApp-Image-2025-08-20-at-14.00.48-560x560.jpeg 560w, https:\/\/atecordoba.org\/wp-content\/uploads\/2025\/08\/WhatsApp-Image-2025-08-20-at-14.00.48-75x75.jpeg 75w, https:\/\/atecordoba.org\/wp-content\/uploads\/2025\/08\/WhatsApp-Image-2025-08-20-at-14.00.48-350x350.jpeg 350w\" data-expand=\"700\" \/><\/a>\n                <\/div><\/figure><figure class='gallery-item'>\n                <div class='gallery-icon portrait'>\n                    <a href='https:\/\/atecordoba.org\/wp-content\/uploads\/2025\/08\/WhatsApp-Image-2025-08-20-at-14.00.51-1.jpeg'><img loading=\"lazy\" decoding=\"async\" width=\"150\" height=\"150\" src=\"\" class=\"attachment-thumbnail size-thumbnail lazyload\" alt=\"\" data-src=\"https:\/\/atecordoba.org\/wp-content\/uploads\/2025\/08\/WhatsApp-Image-2025-08-20-at-14.00.51-1-150x150.jpeg\" data-sizes=\"auto\" data-srcset=\"https:\/\/atecordoba.org\/wp-content\/uploads\/2025\/08\/WhatsApp-Image-2025-08-20-at-14.00.51-1-150x150.jpeg 150w, https:\/\/atecordoba.org\/wp-content\/uploads\/2025\/08\/WhatsApp-Image-2025-08-20-at-14.00.51-1-560x560.jpeg 560w, https:\/\/atecordoba.org\/wp-content\/uploads\/2025\/08\/WhatsApp-Image-2025-08-20-at-14.00.51-1-75x75.jpeg 75w, https:\/\/atecordoba.org\/wp-content\/uploads\/2025\/08\/WhatsApp-Image-2025-08-20-at-14.00.51-1-350x350.jpeg 350w\" data-expand=\"700\" \/><\/a>\n                <\/div><\/figure><figure class='gallery-item'>\n                <div class='gallery-icon landscape'>\n                    <a href='https:\/\/atecordoba.org\/wp-content\/uploads\/2025\/08\/WhatsApp-Image-2025-08-20-at-14.00.51-2.jpeg'><img loading=\"lazy\" decoding=\"async\" width=\"150\" height=\"150\" src=\"\" class=\"attachment-thumbnail size-thumbnail lazyload\" alt=\"\" data-src=\"https:\/\/atecordoba.org\/wp-content\/uploads\/2025\/08\/WhatsApp-Image-2025-08-20-at-14.00.51-2-150x150.jpeg\" data-sizes=\"auto\" data-srcset=\"https:\/\/atecordoba.org\/wp-content\/uploads\/2025\/08\/WhatsApp-Image-2025-08-20-at-14.00.51-2-150x150.jpeg 150w, https:\/\/atecordoba.org\/wp-content\/uploads\/2025\/08\/WhatsApp-Image-2025-08-20-at-14.00.51-2-560x560.jpeg 560w, https:\/\/atecordoba.org\/wp-content\/uploads\/2025\/08\/WhatsApp-Image-2025-08-20-at-14.00.51-2-75x75.jpeg 75w, https:\/\/atecordoba.org\/wp-content\/uploads\/2025\/08\/WhatsApp-Image-2025-08-20-at-14.00.51-2-350x350.jpeg 350w\" data-expand=\"700\" \/><\/a>\n                <\/div><\/figure><br style=\"clear: both\" \/><figure class='gallery-item'>\n                <div class='gallery-icon landscape'>\n                    <a href='https:\/\/atecordoba.org\/wp-content\/uploads\/2025\/08\/WhatsApp-Image-2025-08-20-at-14.00.53-2.jpeg'><img loading=\"lazy\" decoding=\"async\" width=\"150\" height=\"150\" src=\"\" class=\"attachment-thumbnail size-thumbnail lazyload\" alt=\"\" data-src=\"https:\/\/atecordoba.org\/wp-content\/uploads\/2025\/08\/WhatsApp-Image-2025-08-20-at-14.00.53-2-150x150.jpeg\" data-sizes=\"auto\" data-srcset=\"https:\/\/atecordoba.org\/wp-content\/uploads\/2025\/08\/WhatsApp-Image-2025-08-20-at-14.00.53-2-150x150.jpeg 150w, https:\/\/atecordoba.org\/wp-content\/uploads\/2025\/08\/WhatsApp-Image-2025-08-20-at-14.00.53-2-560x560.jpeg 560w, https:\/\/atecordoba.org\/wp-content\/uploads\/2025\/08\/WhatsApp-Image-2025-08-20-at-14.00.53-2-75x75.jpeg 75w, https:\/\/atecordoba.org\/wp-content\/uploads\/2025\/08\/WhatsApp-Image-2025-08-20-at-14.00.53-2-350x350.jpeg 350w\" data-expand=\"700\" \/><\/a>\n                <\/div><\/figure><figure class='gallery-item'>\n                <div class='gallery-icon landscape'>\n                    <a href='https:\/\/atecordoba.org\/wp-content\/uploads\/2025\/08\/WhatsApp-Image-2025-08-20-at-14.00.53-3.jpeg'><img loading=\"lazy\" decoding=\"async\" width=\"150\" height=\"150\" src=\"\" class=\"attachment-thumbnail size-thumbnail lazyload\" alt=\"\" data-src=\"https:\/\/atecordoba.org\/wp-content\/uploads\/2025\/08\/WhatsApp-Image-2025-08-20-at-14.00.53-3-150x150.jpeg\" data-sizes=\"auto\" data-srcset=\"https:\/\/atecordoba.org\/wp-content\/uploads\/2025\/08\/WhatsApp-Image-2025-08-20-at-14.00.53-3-150x150.jpeg 150w, https:\/\/atecordoba.org\/wp-content\/uploads\/2025\/08\/WhatsApp-Image-2025-08-20-at-14.00.53-3-560x560.jpeg 560w, https:\/\/atecordoba.org\/wp-content\/uploads\/2025\/08\/WhatsApp-Image-2025-08-20-at-14.00.53-3-75x75.jpeg 75w, https:\/\/atecordoba.org\/wp-content\/uploads\/2025\/08\/WhatsApp-Image-2025-08-20-at-14.00.53-3-350x350.jpeg 350w\" data-expand=\"700\" \/><\/a>\n                <\/div><\/figure><figure class='gallery-item'>\n                <div class='gallery-icon portrait'>\n                    <a href='https:\/\/atecordoba.org\/wp-content\/uploads\/2025\/08\/WhatsApp-Image-2025-08-20-at-14.00.53.jpeg'><img loading=\"lazy\" decoding=\"async\" width=\"150\" height=\"150\" src=\"\" class=\"attachment-thumbnail size-thumbnail lazyload\" alt=\"\" data-src=\"https:\/\/atecordoba.org\/wp-content\/uploads\/2025\/08\/WhatsApp-Image-2025-08-20-at-14.00.53-150x150.jpeg\" data-sizes=\"auto\" data-srcset=\"https:\/\/atecordoba.org\/wp-content\/uploads\/2025\/08\/WhatsApp-Image-2025-08-20-at-14.00.53-150x150.jpeg 150w, https:\/\/atecordoba.org\/wp-content\/uploads\/2025\/08\/WhatsApp-Image-2025-08-20-at-14.00.53-560x560.jpeg 560w, https:\/\/atecordoba.org\/wp-content\/uploads\/2025\/08\/WhatsApp-Image-2025-08-20-at-14.00.53-75x75.jpeg 75w, https:\/\/atecordoba.org\/wp-content\/uploads\/2025\/08\/WhatsApp-Image-2025-08-20-at-14.00.53-350x350.jpeg 350w\" data-expand=\"700\" \/><\/a>\n                <\/div><\/figure><br style=\"clear: both\" \/>\n            <\/div>\n\n","protected":false},"excerpt":{"rendered":"<p>Con la participaci\u00f3n masiva de delegados y delegadas de organismos nacionales en C\u00f3rdoba se llev\u00f3 adelante un Plenario General con el fin de abordar la realidad de cada sector y resolver la realizaci\u00f3n de una medida de fuerza conjunta, en el marco del plan de lucha que ATE est\u00e1 protagonizando en contra del plan de [&hellip;]<\/p>\n","protected":false},"author":7,"featured_media":50194,"comment_status":"open","ping_status":"open","sticky":false,"template":"","format":"standard","meta":{"_exactmetrics_skip_tracking":false,"_exactmetrics_sitenote_active":false,"_exactmetrics_sitenote_note":"","_exactmetrics_sitenote_category":0,"jnews-multi-image_gallery":[],"jnews_single_post":{"format":"standard","override":[{"template":"1","parallax":"1","fullscreen":"1","layout":"no-sidebar-narrow","sidebar":"default-sidebar","second_sidebar":"default-sidebar","sticky_sidebar":"1","share_position":"bottom","share_float_style":"share-monocrhome","show_share_counter":"1","show_view_counter":"1","show_post_meta":"1","show_post_author_image":"1","show_post_date":"1","post_date_format":"default","post_date_format_custom":"Y\/m\/d","show_post_category":"1","show_post_reading_time":"0","post_reading_time_wpm":"300","post_calculate_word_method":"str_word_count","show_zoom_button":"0","zoom_button_out_step":"2","zoom_button_in_step":"3","show_post_tag":"1","number_popup_post":"1","show_post_related":"1","show_inline_post_related":"0"}],"image_override":[{"single_post_thumbnail_size":"crop-500","single_post_gallery_size":"crop-500"}],"trending_post_position":"meta","trending_post_label":"Trending","sponsored_post_label":"Sponsored by","disable_ad":"0"},"jnews_primary_category":[],"jnews_social_meta":[],"jnews_review":[],"enable_review":"","type":"percentage","name":"","summary":"","brand":"","sku":"","good":[],"bad":[],"score_override":"","override_value":"","rating":[],"price":[],"jnews_override_counter":{"view_counter_number":"0","share_counter_number":"0","like_counter_number":"0","dislike_counter_number":"0"},"jnews_post_split":{"post_split":[{"template":"1","tag":"h2","numbering":"asc","mode":"normal","first":"0","enable_toc":"0","toc_type":"normal"}]},"footnotes":""},"categories":[341],"tags":[],"class_list":["post-50193","post","type-post","status-publish","format-standard","has-post-thumbnail","hentry","category-cdp"],"jetpack_featured_media_url":"https:\/\/atecordoba.org\/wp-content\/uploads\/2025\/08\/WhatsApp-Image-2025-08-20-at-14.00.49-e1755713777730.jpeg","_links":{"self":[{"href":"https:\/\/atecordoba.org\/index.php?rest_route=\/wp\/v2\/posts\/50193","targetHints":{"allow":["GET"]}}],"collection":[{"href":"https:\/\/atecordoba.org\/index.php?rest_route=\/wp\/v2\/posts"}],"about":[{"href":"https:\/\/atecordoba.org\/index.php?rest_route=\/wp\/v2\/types\/post"}],"author":[{"embeddable":true,"href":"https:\/\/atecordoba.org\/index.php?rest_route=\/wp\/v2\/users\/7"}],"replies":[{"embeddable":true,"href":"https:\/\/atecordoba.org\/index.php?rest_route=%2Fwp%2Fv2%2Fcomments&post=50193"}],"version-history":[{"count":3,"href":"https:\/\/atecordoba.org\/index.php?rest_route=\/wp\/v2\/posts\/50193\/revisions"}],"predecessor-version":[{"id":50210,"href":"https:\/\/atecordoba.org\/index.php?rest_route=\/wp\/v2\/posts\/50193\/revisions\/50210"}],"wp:featuredmedia":[{"embeddable":true,"href":"https:\/\/atecordoba.org\/index.php?rest_route=\/wp\/v2\/media\/50194"}],"wp:attachment":[{"href":"https:\/\/atecordoba.org\/index.php?rest_route=%2Fwp%2Fv2%2Fmedia&parent=50193"}],"wp:term":[{"taxonomy":"category","embeddable":true,"href":"https:\/\/atecordoba.org\/index.php?rest_route=%2Fwp%2Fv2%2Fcategories&post=50193"},{"taxonomy":"post_tag","embeddable":true,"href":"https:\/\/atecordoba.org\/index.php?rest_route=%2Fwp%2Fv2%2Ftags&post=50193"}],"curies":[{"name":"wp","href":"https:\/\/api.w.org\/{rel}","templated":true}]}}