{"id":50189,"date":"2025-08-20T14:49:48","date_gmt":"2025-08-20T17:49:48","guid":{"rendered":"https:\/\/atecordoba.org\/?p=50189"},"modified":"2025-08-20T14:49:48","modified_gmt":"2025-08-20T17:49:48","slug":"plenario-de-nacionales-crea-la-coordinadora-de-despedidos-as-de-milei","status":"publish","type":"post","link":"https:\/\/atecordoba.org\/?p=50189","title":{"rendered":"Plenario de Nacionales crea la Coordinadora de Despedidos\/as de Milei"},"content":{"rendered":"<figure id=\"attachment_50190\" aria-describedby=\"caption-attachment-50190\" style=\"width: 619px\" class=\"wp-caption aligncenter\"><img loading=\"lazy\" decoding=\"async\" class=\"wp-image-50190\" src=\"https:\/\/atecordoba.org\/wp-content\/uploads\/2025\/08\/WhatsApp-Image-2025-08-20-at-14.32.15-1024x872.jpeg\" alt=\"\" width=\"619\" height=\"527\" \/><figcaption id=\"caption-attachment-50190\" class=\"wp-caption-text\">Rang y Arrieta, de la Coordinadora de Despedidos\/as de milei, junto a Giuliani, secretario General de ATE C\u00f3rdoba.<\/figcaption><\/figure>\n<p>En el marco del Plenario de Delegados y Delegadas Nacionales convocado por el Consejo Directivo Provincial de ATE C\u00f3rdoba, hoy se resolvi\u00f3 poner en marcha la Coordinadora de Despedidos y Despedidas de Milei, a los fines sistematizar la informaci\u00f3n respecto a los compa\u00f1eros\/as que perdieron sus puestos de trabajo, organismos del Estado nacional desguazados y familias sin sustento para poder vivir dignamente, que resultan de la pol\u00edtica de destrucci\u00f3n del Estado que impone el gobierno de Javier Milei.<\/p>\n<p>El CDP estima en 400 la cantidad de trabajadores y trabajadoras despedidos en los \u00faltimos 18 meses de organismos nacionales situados en C\u00f3rdoba, entre despidos directos y retiros voluntarios, que son despidos encubiertos.\u00a0La Coordinadora estar\u00e1 encabezada por dos compa\u00f1eros\/as de Agricultura Familiar (ex Inapsi), Carlos Rang y Natalia Arrieta.<\/p>\n<p>&#8220;Pedimos a todos los sectores que faciliten el armado de las listas. Tambi\u00e9n vamos a hacer distintas actividades para la contenci\u00f3n de las y los compa\u00f1eros despedidos&#8221;, resumi\u00f3 Rang.<\/p>\n<p>El objetivo, defini\u00f3 el dirigente, es relevar de manera precisa cu\u00e1ntos despedidos\/as hay en C\u00f3rdoba, con sus nombres, tipos de contratos y los a\u00f1os de antig\u00fcedad. &#8220;Ser\u00e1 otra herramienta m\u00e1s, como lo fue la CORREDMA en el fin del gobierno de Macri para trasladarlo a las distintas instancias institucionales y los candidatos de las pr\u00f3ximas elecciones para revertir de manera inmediata estos despidos&#8221;, concluy\u00f3 Rang.<\/p>\n<p>&nbsp;<\/p>\n","protected":false},"excerpt":{"rendered":"<p>En el marco del Plenario de Delegados y Delegadas Nacionales convocado por el Consejo Directivo Provincial de ATE C\u00f3rdoba, hoy se resolvi\u00f3 poner en marcha la Coordinadora de Despedidos y Despedidas de Milei, a los fines sistematizar la informaci\u00f3n respecto a los compa\u00f1eros\/as que perdieron sus puestos de trabajo, organismos del Estado nacional desguazados y [&hellip;]<\/p>\n","protected":false},"author":7,"featured_media":50190,"comment_status":"open","ping_status":"open","sticky":false,"template":"","format":"standard","meta":{"_exactmetrics_skip_tracking":false,"_exactmetrics_sitenote_active":false,"_exactmetrics_sitenote_note":"","_exactmetrics_sitenote_category":0,"jnews-multi-image_gallery":[],"jnews_single_post":[],"jnews_primary_category":[],"jnews_social_meta":[],"jnews_review":[],"enable_review":"","type":"","name":"","summary":"","brand":"","sku":"","good":[],"bad":[],"score_override":"","override_value":"","rating":[],"price":[],"jnews_override_counter":[],"jnews_post_split":[],"footnotes":""},"categories":[18],"tags":[],"class_list":["post-50189","post","type-post","status-publish","format-standard","has-post-thumbnail","hentry","category-nacionales"],"jetpack_featured_media_url":"https:\/\/atecordoba.org\/wp-content\/uploads\/2025\/08\/WhatsApp-Image-2025-08-20-at-14.32.15-e1755712129639.jpeg","_links":{"self":[{"href":"https:\/\/atecordoba.org\/index.php?rest_route=\/wp\/v2\/posts\/50189","targetHints":{"allow":["GET"]}}],"collection":[{"href":"https:\/\/atecordoba.org\/index.php?rest_route=\/wp\/v2\/posts"}],"about":[{"href":"https:\/\/atecordoba.org\/index.php?rest_route=\/wp\/v2\/types\/post"}],"author":[{"embeddable":true,"href":"https:\/\/atecordoba.org\/index.php?rest_route=\/wp\/v2\/users\/7"}],"replies":[{"embeddable":true,"href":"https:\/\/atecordoba.org\/index.php?rest_route=%2Fwp%2Fv2%2Fcomments&post=50189"}],"version-history":[{"count":1,"href":"https:\/\/atecordoba.org\/index.php?rest_route=\/wp\/v2\/posts\/50189\/revisions"}],"predecessor-version":[{"id":50191,"href":"https:\/\/atecordoba.org\/index.php?rest_route=\/wp\/v2\/posts\/50189\/revisions\/50191"}],"wp:featuredmedia":[{"embeddable":true,"href":"https:\/\/atecordoba.org\/index.php?rest_route=\/wp\/v2\/media\/50190"}],"wp:attachment":[{"href":"https:\/\/atecordoba.org\/index.php?rest_route=%2Fwp%2Fv2%2Fmedia&parent=50189"}],"wp:term":[{"taxonomy":"category","embeddable":true,"href":"https:\/\/atecordoba.org\/index.php?rest_route=%2Fwp%2Fv2%2Fcategories&post=50189"},{"taxonomy":"post_tag","embeddable":true,"href":"https:\/\/atecordoba.org\/index.php?rest_route=%2Fwp%2Fv2%2Ftags&post=50189"}],"curies":[{"name":"wp","href":"https:\/\/api.w.org\/{rel}","templated":true}]}}