{"id":50179,"date":"2025-08-20T10:18:27","date_gmt":"2025-08-20T13:18:27","guid":{"rendered":"https:\/\/atecordoba.org\/?p=50179"},"modified":"2025-08-20T12:39:03","modified_gmt":"2025-08-20T15:39:03","slug":"ate-repudia-a-la-senadora-alvarez-rivero-verguenza-de-la-representacion-politica-cordobesa","status":"publish","type":"post","link":"https:\/\/atecordoba.org\/?p=50179","title":{"rendered":"ATE repudia a la senadora \u00c1lvarez Rivero, verg\u00fcenza de la representaci\u00f3n pol\u00edtica cordobesa"},"content":{"rendered":"<p><img loading=\"lazy\" decoding=\"async\" class=\"aligncenter wp-image-50180 \" src=\"https:\/\/atecordoba.org\/wp-content\/uploads\/2025\/08\/Carmen-Alvarez-Rivero-1140x641-1-1024x576.jpg\" alt=\"\" width=\"610\" height=\"343\" srcset=\"https:\/\/atecordoba.org\/wp-content\/uploads\/2025\/08\/Carmen-Alvarez-Rivero-1140x641-1-1024x576.jpg 1024w, https:\/\/atecordoba.org\/wp-content\/uploads\/2025\/08\/Carmen-Alvarez-Rivero-1140x641-1-300x169.jpg 300w, https:\/\/atecordoba.org\/wp-content\/uploads\/2025\/08\/Carmen-Alvarez-Rivero-1140x641-1-768x432.jpg 768w, https:\/\/atecordoba.org\/wp-content\/uploads\/2025\/08\/Carmen-Alvarez-Rivero-1140x641-1-750x422.jpg 750w, https:\/\/atecordoba.org\/wp-content\/uploads\/2025\/08\/Carmen-Alvarez-Rivero-1140x641-1.jpg 1140w\" sizes=\"auto, (max-width: 610px) 100vw, 610px\" \/>El Consejo Directivo Provincial (CDP) de ATE C\u00f3rdoba repudia las pat\u00e9ticas expresiones de la senadora nacional por C\u00f3rdoba Carmen \u00c1lvarez Rivero, que afirm\u00f3 que las y los ni\u00f1os no tienen derecho a atenderse y curarse en el Hospital Garrahan, centro de salud pedi\u00e1trico del Estado Nacional reconocido internacionalmente y v\u00edctima de un lamentable proceso de vaciamiento y desguace por parte del gobierno de Milei.<\/p>\n<p>Como sindicato de estatales vemos confirmada con las declaraciones de la senadora del PRO, ahora sumada como buena parte de su partido a la claque que aplaude a Milei, el desprecio que tiene la derecha ultramontana que nos gobierna por la salud p\u00fablica y los derechos fundamentales establecidos en la Constituci\u00f3n Nacional.<\/p>\n<p>En la apertura del Plenario de Delegados Nacionales realizado hoy, el secretario General de ATE C\u00f3rdoba, Federico Giuliani, afirm\u00f3 que &#8220;esta senadora es servil a Javier Milei es servil a Milei y sus pol\u00edticas. Al Presidente y su s\u00e9quito le dimos que la salud es un derecho y no un negocio, como ellos pretenden. Estos son la extrema derecha esot\u00e9rica que se llenan la boca hablando de dios y que con estos comentarios demuestran que son una verdadera lacra, que no tienen el m\u00ednimo de humanidad&#8221;.<img loading=\"lazy\" decoding=\"async\" class=\"alignright wp-image-50184 size-full\" src=\"https:\/\/atecordoba.org\/wp-content\/uploads\/2025\/08\/plano.png\" alt=\"\" width=\"447\" height=\"290\" srcset=\"https:\/\/atecordoba.org\/wp-content\/uploads\/2025\/08\/plano.png 447w, https:\/\/atecordoba.org\/wp-content\/uploads\/2025\/08\/plano-300x195.png 300w\" sizes=\"auto, (max-width: 447px) 100vw, 447px\" \/><\/p>\n<p>El dirigente remarc\u00f3 que el Plenario emitir\u00e1 su apoyo y solidaridad &#8220;a los y las trabajadoras del Garrahan, que vienen llevando adelante una pelea desde hace mucho tiempo por mejores salarios y condiciones de trabajando, poni\u00e9ndose a la vanguardia de la defensa de la salud p\u00fablica en Argentina&#8221;.<\/p>\n<p>Al margen de su lamentable trayectoria como alfil de las tendencias antiderechos, \u00c1lvarez Rivero conjuga en su pensamiento y acci\u00f3n lo peor de la pol\u00edtica en el pa\u00eds y tiene bien merecido el repudio generalizado que ha logrado cosechar por su desprecio a la salud p\u00fablica.\u00a0\u201cNo creo que los ni\u00f1os argentinos tengan derecho a venir al\u00a0Garrahan a ser curados\u201d, afirm\u00f3 en un acto de sinceridad, que debe ser condenado por el Senado en su conjunto, para que esas pol\u00edticas sean erradicadas del debate p\u00fablico.<\/p>\n<p>Al igual que las\/os estatales, las\/os jubilados, las personas con discapacidades, las\/os cient\u00edficos, las infancias son foco permanente de los ataques libertarios, a quienes esta senadora supo servir con su voto cada vez que fue necesario.<\/p>\n<p>Desde ATE esperamos que sus declaraciones no se sumen con impunidad a la antolog\u00eda de las canalladas de nuestro pa\u00eds. El pueblo argentino, con organizaci\u00f3n y lucha, deber\u00e1 dejar en la banquina de la historia a ese pat\u00e9tico personaje.<\/p>\n","protected":false},"excerpt":{"rendered":"<p>El Consejo Directivo Provincial (CDP) de ATE C\u00f3rdoba repudia las pat\u00e9ticas expresiones de la senadora nacional por C\u00f3rdoba Carmen \u00c1lvarez Rivero, que afirm\u00f3 que las y los ni\u00f1os no tienen derecho a atenderse y curarse en el Hospital Garrahan, centro de salud pedi\u00e1trico del Estado Nacional reconocido internacionalmente y v\u00edctima de un lamentable proceso de [&hellip;]<\/p>\n","protected":false},"author":7,"featured_media":50180,"comment_status":"open","ping_status":"open","sticky":false,"template":"","format":"standard","meta":{"_exactmetrics_skip_tracking":false,"_exactmetrics_sitenote_active":false,"_exactmetrics_sitenote_note":"","_exactmetrics_sitenote_category":0,"jnews-multi-image_gallery":[],"jnews_single_post":{"format":"standard","override":[{"template":"1","parallax":"1","fullscreen":"1","layout":"no-sidebar-narrow","sidebar":"default-sidebar","second_sidebar":"default-sidebar","sticky_sidebar":"1","share_position":"bottom","share_float_style":"share-monocrhome","show_share_counter":"1","show_view_counter":"1","show_post_meta":"1","show_post_author_image":"1","show_post_date":"1","post_date_format":"default","post_date_format_custom":"Y\/m\/d","show_post_category":"1","show_post_reading_time":"0","post_reading_time_wpm":"300","post_calculate_word_method":"str_word_count","show_zoom_button":"0","zoom_button_out_step":"2","zoom_button_in_step":"3","show_post_tag":"1","number_popup_post":"1","show_post_related":"1","show_inline_post_related":"0"}],"image_override":[{"single_post_thumbnail_size":"crop-500","single_post_gallery_size":"crop-500"}],"trending_post_position":"meta","trending_post_label":"Trending","sponsored_post_label":"Sponsored by","disable_ad":"0"},"jnews_primary_category":[],"jnews_social_meta":[],"jnews_review":[],"enable_review":"","type":"percentage","name":"","summary":"","brand":"","sku":"","good":[],"bad":[],"score_override":"","override_value":"","rating":[],"price":[],"jnews_override_counter":{"view_counter_number":"0","share_counter_number":"0","like_counter_number":"0","dislike_counter_number":"0"},"jnews_post_split":{"post_split":[{"template":"1","tag":"h2","numbering":"asc","mode":"normal","first":"0","enable_toc":"0","toc_type":"normal"}]},"footnotes":""},"categories":[341],"tags":[1522,1521,1523],"class_list":["post-50179","post","type-post","status-publish","format-standard","has-post-thumbnail","hentry","category-cdp","tag-alvarez-rivero","tag-carmen-alvarez-rivero","tag-garrahan"],"jetpack_featured_media_url":"https:\/\/atecordoba.org\/wp-content\/uploads\/2025\/08\/Carmen-Alvarez-Rivero-1140x641-1.jpg","_links":{"self":[{"href":"https:\/\/atecordoba.org\/index.php?rest_route=\/wp\/v2\/posts\/50179","targetHints":{"allow":["GET"]}}],"collection":[{"href":"https:\/\/atecordoba.org\/index.php?rest_route=\/wp\/v2\/posts"}],"about":[{"href":"https:\/\/atecordoba.org\/index.php?rest_route=\/wp\/v2\/types\/post"}],"author":[{"embeddable":true,"href":"https:\/\/atecordoba.org\/index.php?rest_route=\/wp\/v2\/users\/7"}],"replies":[{"embeddable":true,"href":"https:\/\/atecordoba.org\/index.php?rest_route=%2Fwp%2Fv2%2Fcomments&post=50179"}],"version-history":[{"count":5,"href":"https:\/\/atecordoba.org\/index.php?rest_route=\/wp\/v2\/posts\/50179\/revisions"}],"predecessor-version":[{"id":50186,"href":"https:\/\/atecordoba.org\/index.php?rest_route=\/wp\/v2\/posts\/50179\/revisions\/50186"}],"wp:featuredmedia":[{"embeddable":true,"href":"https:\/\/atecordoba.org\/index.php?rest_route=\/wp\/v2\/media\/50180"}],"wp:attachment":[{"href":"https:\/\/atecordoba.org\/index.php?rest_route=%2Fwp%2Fv2%2Fmedia&parent=50179"}],"wp:term":[{"taxonomy":"category","embeddable":true,"href":"https:\/\/atecordoba.org\/index.php?rest_route=%2Fwp%2Fv2%2Fcategories&post=50179"},{"taxonomy":"post_tag","embeddable":true,"href":"https:\/\/atecordoba.org\/index.php?rest_route=%2Fwp%2Fv2%2Ftags&post=50179"}],"curies":[{"name":"wp","href":"https:\/\/api.w.org\/{rel}","templated":true}]}}