{"id":50172,"date":"2025-08-19T15:07:27","date_gmt":"2025-08-19T18:07:27","guid":{"rendered":"https:\/\/atecordoba.org\/?p=50172"},"modified":"2025-08-22T12:07:59","modified_gmt":"2025-08-22T15:07:59","slug":"yacanto-de-calamuchita-ate-acuerda-un-incremento-salarial-del-19-acumulativo-para-el-cuatrimestre-septiembre-diciembre","status":"publish","type":"post","link":"https:\/\/atecordoba.org\/?p=50172","title":{"rendered":"Yacanto: ATE acuerda un incremento salarial del 19% acumulativo para el cuatrimestre septiembre-diciembre"},"content":{"rendered":"<p><img loading=\"lazy\" decoding=\"async\" class=\"aligncenter wp-image-50174 \" src=\"https:\/\/atecordoba.org\/wp-content\/uploads\/2025\/08\/WhatsApp-Image-2025-08-19-at-12.54.48-1024x768.jpeg\" alt=\"\" width=\"613\" height=\"460\" srcset=\"https:\/\/atecordoba.org\/wp-content\/uploads\/2025\/08\/WhatsApp-Image-2025-08-19-at-12.54.48-1024x768.jpeg 1024w, https:\/\/atecordoba.org\/wp-content\/uploads\/2025\/08\/WhatsApp-Image-2025-08-19-at-12.54.48-300x225.jpeg 300w, https:\/\/atecordoba.org\/wp-content\/uploads\/2025\/08\/WhatsApp-Image-2025-08-19-at-12.54.48-768x576.jpeg 768w, https:\/\/atecordoba.org\/wp-content\/uploads\/2025\/08\/WhatsApp-Image-2025-08-19-at-12.54.48-1536x1152.jpeg 1536w, https:\/\/atecordoba.org\/wp-content\/uploads\/2025\/08\/WhatsApp-Image-2025-08-19-at-12.54.48-750x563.jpeg 750w, https:\/\/atecordoba.org\/wp-content\/uploads\/2025\/08\/WhatsApp-Image-2025-08-19-at-12.54.48-1140x855.jpeg 1140w, https:\/\/atecordoba.org\/wp-content\/uploads\/2025\/08\/WhatsApp-Image-2025-08-19-at-12.54.48.jpeg 1600w\" sizes=\"auto, (max-width: 613px) 100vw, 613px\" \/>En una audiencia con la Municipalidad de Villa Yacanto de Calamuchita realizada hoy, ATE acord\u00f3 una recomposici\u00f3n salarial que, en el global, establece un aumento del 19% remunerativo para el cuatrimestre septiembre, octubre, noviembre y diciembre del corriente a\u00f1o.<\/p>\n<p>En la oportunidad, estuvieron presentes por el Departamento ejecutivo el intendente de la localidad serrana, Fernando Moiso, la secretaria de Econom\u00eda y Finanzas, Melisa Ben, y el director de Recursos Humanos, Edgardo Moiso, en tanto las comitiva estatal fue integrada por la delegada de ATE Ayel\u00e9n Ram\u00edrez, la secretaria Adjunta de ATE C\u00f3rdoba, Gabriela Alcoba, y sus pares de Organizaci\u00f3n y Prensa, Javier Bracamonte y Julia Giuliani respectivamente.<\/p>\n<p>Los detalles del acuerdo salarial fijan un aumento acumulativo del 3% para cada mes.<\/p>\n<p>Al mismo tiempo, se estableci\u00f3 la implementaci\u00f3n del \u00edtem de presentismo del 10% a partir de septiembre para la planta permanente y el personal contratado en blanco, conforme lo determinado por el art\u00edculo 228 del Estatuto de Empleados Municipales .<\/p>\n<p>Para lo sucesivo, se acord\u00f3 tomar como base de futuros aumentos de haberes el IPC de la Provincia de C\u00f3rdoba.<\/p>\n<p>Adem\u00e1s, en el acta-acuerdo la Municipalidad se comprometi\u00f3 a &#8220;trabajar en comisi\u00f3n de relaciones laborales casos puntuales para establecer premios buscando eficiencia y analizar los que que correspondiera aplicar la licencia sanitaria, r\u00e9gimen de presentismo sobre contratados y r\u00e9gimen de becas y evaluaci\u00f3n de las recategorizaciones, las cu\u00e1les se implementar\u00e1n en el mes de septiembre&#8221; de acuerdo a lo que fija el Estatuto.<\/p>\n<p>En dicha comisi\u00f3n el ejecutivo presentar\u00e1 la propuesta de un nuevo Estatuto del Empleado Municipal.<\/p>\n<p>Por \u00faltimo, qued\u00f3 acordada una pr\u00f3xima reuni\u00f3n en la primera semana de noviembre de 2025.<\/p>\n","protected":false},"excerpt":{"rendered":"<p>En una audiencia con la Municipalidad de Villa Yacanto de Calamuchita realizada hoy, ATE acord\u00f3 una recomposici\u00f3n salarial que, en el global, establece un aumento del 19% remunerativo para el cuatrimestre septiembre, octubre, noviembre y diciembre del corriente a\u00f1o. En la oportunidad, estuvieron presentes por el Departamento ejecutivo el intendente de la localidad serrana, Fernando [&hellip;]<\/p>\n","protected":false},"author":7,"featured_media":50174,"comment_status":"open","ping_status":"open","sticky":false,"template":"","format":"standard","meta":{"_exactmetrics_skip_tracking":false,"_exactmetrics_sitenote_active":false,"_exactmetrics_sitenote_note":"","_exactmetrics_sitenote_category":0,"jnews-multi-image_gallery":[],"jnews_single_post":{"format":"standard","override":[{"template":"1","parallax":"1","fullscreen":"1","layout":"no-sidebar-narrow","sidebar":"default-sidebar","second_sidebar":"default-sidebar","sticky_sidebar":"1","share_position":"bottom","share_float_style":"share-monocrhome","show_share_counter":"1","show_view_counter":"1","show_post_meta":"1","show_post_author_image":"1","show_post_date":"1","post_date_format":"default","post_date_format_custom":"Y\/m\/d","show_post_category":"1","show_post_reading_time":"0","post_reading_time_wpm":"300","post_calculate_word_method":"str_word_count","show_zoom_button":"0","zoom_button_out_step":"2","zoom_button_in_step":"3","show_post_tag":"1","number_popup_post":"1","show_post_related":"1","show_inline_post_related":"0"}],"image_override":[{"single_post_thumbnail_size":"crop-500","single_post_gallery_size":"crop-500"}],"trending_post_position":"meta","trending_post_label":"Trending","sponsored_post_label":"Sponsored by","disable_ad":"0"},"jnews_primary_category":[],"jnews_social_meta":[],"jnews_review":[],"enable_review":"","type":"percentage","name":"","summary":"","brand":"","sku":"","good":[],"bad":[],"score_override":"","override_value":"","rating":[],"price":[],"jnews_override_counter":{"view_counter_number":"0","share_counter_number":"0","like_counter_number":"0","dislike_counter_number":"0"},"jnews_post_split":{"post_split":[{"template":"1","tag":"h2","numbering":"asc","mode":"normal","first":"0","enable_toc":"0","toc_type":"normal"}]},"footnotes":""},"categories":[20],"tags":[],"class_list":["post-50172","post","type-post","status-publish","format-standard","has-post-thumbnail","hentry","category-municipales"],"jetpack_featured_media_url":"https:\/\/atecordoba.org\/wp-content\/uploads\/2025\/08\/WhatsApp-Image-2025-08-19-at-12.54.48.jpeg","_links":{"self":[{"href":"https:\/\/atecordoba.org\/index.php?rest_route=\/wp\/v2\/posts\/50172","targetHints":{"allow":["GET"]}}],"collection":[{"href":"https:\/\/atecordoba.org\/index.php?rest_route=\/wp\/v2\/posts"}],"about":[{"href":"https:\/\/atecordoba.org\/index.php?rest_route=\/wp\/v2\/types\/post"}],"author":[{"embeddable":true,"href":"https:\/\/atecordoba.org\/index.php?rest_route=\/wp\/v2\/users\/7"}],"replies":[{"embeddable":true,"href":"https:\/\/atecordoba.org\/index.php?rest_route=%2Fwp%2Fv2%2Fcomments&post=50172"}],"version-history":[{"count":3,"href":"https:\/\/atecordoba.org\/index.php?rest_route=\/wp\/v2\/posts\/50172\/revisions"}],"predecessor-version":[{"id":50266,"href":"https:\/\/atecordoba.org\/index.php?rest_route=\/wp\/v2\/posts\/50172\/revisions\/50266"}],"wp:featuredmedia":[{"embeddable":true,"href":"https:\/\/atecordoba.org\/index.php?rest_route=\/wp\/v2\/media\/50174"}],"wp:attachment":[{"href":"https:\/\/atecordoba.org\/index.php?rest_route=%2Fwp%2Fv2%2Fmedia&parent=50172"}],"wp:term":[{"taxonomy":"category","embeddable":true,"href":"https:\/\/atecordoba.org\/index.php?rest_route=%2Fwp%2Fv2%2Fcategories&post=50172"},{"taxonomy":"post_tag","embeddable":true,"href":"https:\/\/atecordoba.org\/index.php?rest_route=%2Fwp%2Fv2%2Ftags&post=50172"}],"curies":[{"name":"wp","href":"https:\/\/api.w.org\/{rel}","templated":true}]}}