{"id":50161,"date":"2025-08-19T10:15:37","date_gmt":"2025-08-19T13:15:37","guid":{"rendered":"https:\/\/atecordoba.org\/?p=50161"},"modified":"2025-08-19T10:15:37","modified_gmt":"2025-08-19T13:15:37","slug":"plenario-de-delegados-nacionales-de-ate-cordoba","status":"publish","type":"post","link":"https:\/\/atecordoba.org\/?p=50161","title":{"rendered":"Plenario de Delegados Nacionales de ATE C\u00f3rdoba"},"content":{"rendered":"<p><img loading=\"lazy\" decoding=\"async\" class=\"aligncenter wp-image-50164 size-full\" src=\"https:\/\/atecordoba.org\/wp-content\/uploads\/2025\/08\/flyer-plenario-nacionales.jpg\" alt=\"\" width=\"526\" height=\"526\" srcset=\"https:\/\/atecordoba.org\/wp-content\/uploads\/2025\/08\/flyer-plenario-nacionales.jpg 526w, https:\/\/atecordoba.org\/wp-content\/uploads\/2025\/08\/flyer-plenario-nacionales-300x300.jpg 300w, https:\/\/atecordoba.org\/wp-content\/uploads\/2025\/08\/flyer-plenario-nacionales-150x150.jpg 150w, https:\/\/atecordoba.org\/wp-content\/uploads\/2025\/08\/flyer-plenario-nacionales-75x75.jpg 75w, https:\/\/atecordoba.org\/wp-content\/uploads\/2025\/08\/flyer-plenario-nacionales-350x350.jpg 350w\" sizes=\"auto, (max-width: 526px) 100vw, 526px\" \/>Ma\u00f1ana mi\u00e9rcoles 20 de agosto, a las 10 horas, se llevar\u00e1 a cabo en la sede del Consejo Directivo Provincial (CDP), Entre R\u00edos 450, un Plenario de Delegados Nacionales.<\/p>\n<p>El temario incluye:<\/p>\n<p>1) An\u00e1lisis de coyuntura nacional y por organismos.<\/p>\n<p>2) Obra social Uni\u00f3n Personal.<\/p>\n<p>3) Mesas sectoriales.<\/p>\n<p>4) Construcci\u00f3n del Plenario General de Delegados.<\/p>\n<p>\u201cPorque la democracia sindical se construye con la participaci\u00f3n activa de todas y todos, defendiendo nuestros derechos y fortaleciendo la organizaci\u00f3n de abajo hacia arriba. Tu presencia es clave para debatir, decidir y marcar el rumbo de nuestra lucha colectiva\u201d, se\u00f1al\u00f3 el CDP.<\/p>\n","protected":false},"excerpt":{"rendered":"<p>Ma\u00f1ana mi\u00e9rcoles 20 de agosto, a las 10 horas, se llevar\u00e1 a cabo en la sede del Consejo Directivo Provincial (CDP), Entre R\u00edos 450, un Plenario de Delegados Nacionales. El temario incluye: 1) An\u00e1lisis de coyuntura nacional y por organismos. 2) Obra social Uni\u00f3n Personal. 3) Mesas sectoriales. 4) Construcci\u00f3n del Plenario General de Delegados. [&hellip;]<\/p>\n","protected":false},"author":7,"featured_media":50165,"comment_status":"open","ping_status":"open","sticky":false,"template":"","format":"standard","meta":{"_exactmetrics_skip_tracking":false,"_exactmetrics_sitenote_active":false,"_exactmetrics_sitenote_note":"","_exactmetrics_sitenote_category":0,"jnews-multi-image_gallery":[],"jnews_single_post":[],"jnews_primary_category":[],"jnews_social_meta":[],"jnews_review":[],"enable_review":"","type":"","name":"","summary":"","brand":"","sku":"","good":[],"bad":[],"score_override":"","override_value":"","rating":[],"price":[],"jnews_override_counter":[],"jnews_post_split":[],"footnotes":""},"categories":[18],"tags":[],"class_list":["post-50161","post","type-post","status-publish","format-standard","has-post-thumbnail","hentry","category-nacionales"],"jetpack_featured_media_url":"https:\/\/atecordoba.org\/wp-content\/uploads\/2025\/08\/flyer-plenario-nacionales-1.jpg","_links":{"self":[{"href":"https:\/\/atecordoba.org\/index.php?rest_route=\/wp\/v2\/posts\/50161","targetHints":{"allow":["GET"]}}],"collection":[{"href":"https:\/\/atecordoba.org\/index.php?rest_route=\/wp\/v2\/posts"}],"about":[{"href":"https:\/\/atecordoba.org\/index.php?rest_route=\/wp\/v2\/types\/post"}],"author":[{"embeddable":true,"href":"https:\/\/atecordoba.org\/index.php?rest_route=\/wp\/v2\/users\/7"}],"replies":[{"embeddable":true,"href":"https:\/\/atecordoba.org\/index.php?rest_route=%2Fwp%2Fv2%2Fcomments&post=50161"}],"version-history":[{"count":1,"href":"https:\/\/atecordoba.org\/index.php?rest_route=\/wp\/v2\/posts\/50161\/revisions"}],"predecessor-version":[{"id":50166,"href":"https:\/\/atecordoba.org\/index.php?rest_route=\/wp\/v2\/posts\/50161\/revisions\/50166"}],"wp:featuredmedia":[{"embeddable":true,"href":"https:\/\/atecordoba.org\/index.php?rest_route=\/wp\/v2\/media\/50165"}],"wp:attachment":[{"href":"https:\/\/atecordoba.org\/index.php?rest_route=%2Fwp%2Fv2%2Fmedia&parent=50161"}],"wp:term":[{"taxonomy":"category","embeddable":true,"href":"https:\/\/atecordoba.org\/index.php?rest_route=%2Fwp%2Fv2%2Fcategories&post=50161"},{"taxonomy":"post_tag","embeddable":true,"href":"https:\/\/atecordoba.org\/index.php?rest_route=%2Fwp%2Fv2%2Ftags&post=50161"}],"curies":[{"name":"wp","href":"https:\/\/api.w.org\/{rel}","templated":true}]}}