{"id":50156,"date":"2025-08-19T10:09:54","date_gmt":"2025-08-19T13:09:54","guid":{"rendered":"https:\/\/atecordoba.org\/?p=50156"},"modified":"2025-08-19T10:12:35","modified_gmt":"2025-08-19T13:12:35","slug":"la-casta-ocupa-el-pami-rio-cuarto-denuncia-de-la-ctaa","status":"publish","type":"post","link":"https:\/\/atecordoba.org\/?p=50156","title":{"rendered":"La casta ocupa el PAMI R\u00edo Cuarto: denuncia de la CTAA"},"content":{"rendered":"<p><img loading=\"lazy\" decoding=\"async\" class=\"aligncenter wp-image-50157 \" src=\"https:\/\/atecordoba.org\/wp-content\/uploads\/2025\/08\/pami-rio-4-carrizo-1024x576.webp\" alt=\"\" width=\"613\" height=\"345\" srcset=\"https:\/\/atecordoba.org\/wp-content\/uploads\/2025\/08\/pami-rio-4-carrizo-1024x576.webp 1024w, https:\/\/atecordoba.org\/wp-content\/uploads\/2025\/08\/pami-rio-4-carrizo-300x169.webp 300w, https:\/\/atecordoba.org\/wp-content\/uploads\/2025\/08\/pami-rio-4-carrizo-768x432.webp 768w, https:\/\/atecordoba.org\/wp-content\/uploads\/2025\/08\/pami-rio-4-carrizo-750x422.webp 750w, https:\/\/atecordoba.org\/wp-content\/uploads\/2025\/08\/pami-rio-4-carrizo-1140x641.webp 1140w, https:\/\/atecordoba.org\/wp-content\/uploads\/2025\/08\/pami-rio-4-carrizo.webp 1200w\" sizes=\"auto, (max-width: 613px) 100vw, 613px\" \/>La CTA Aut\u00f3noma Regional R\u00edo Cuarto repudi\u00f3 la designaci\u00f3n de Pablo Rafael Carrizo (foto interior) como integrante de planta de la delegaci\u00f3n local del PAMI, mediante la Resoluci\u00f3n 2025-1894, luego de caerse su nombramiento como Coordinador M\u00e9dico de la mayor prestadora de adultos mayores de Am\u00e9rica Latina.<\/p>\n<p>\u201cEl arribo como empleado de quien comenzara su carrera promocion\u00e1ndose como una figura que ven\u00eda a satisfacer la demanda de \u2018renovaci\u00f3n pol\u00edtica\u2019 en la ciudad -alabado por buena parte de la superestructura dirigencial y la prensa aut\u00f3ctona-, se produce en un organismo donde Milei dej\u00f3 a 7 compa\u00f1eros sin trabajo, existen denuncias no saldadas de acoso laboral a tres empleadas, acusaciones de sobre facturaci\u00f3n de prestaciones y ya han pasado tres directores desde que comenz\u00f3 esta administraci\u00f3n\u201d, afirm\u00f3 la Central.<\/p>\n<p>En un contexto de creciente b\u00fasqueda de \u2018Ficha Limpia\u2019, donde el \u2018Mile\u00edsmo\u2019 recurre al insulto y el destrato para tachar de \u2018corruptos\u2019 a sus opositores, el ex candidato a Intendente recientemente incorporado a las filas del Estado ha dado muestras sobradas de escasa probidad moral para tales funciones. Basta recordar que fue expulsado del Concejo Deliberante el 28 de diciembre de 2022 y, a posteriori, se le orden\u00f3 una perimetral en el domicilio de su ex pareja el pasado 4 de abril.<img loading=\"lazy\" decoding=\"async\" class=\"wp-image-50158 alignright\" src=\"https:\/\/atecordoba.org\/wp-content\/uploads\/2025\/08\/pami-rio-4-fachada.webp\" alt=\"\" width=\"473\" height=\"315\" srcset=\"https:\/\/atecordoba.org\/wp-content\/uploads\/2025\/08\/pami-rio-4-fachada.webp 930w, https:\/\/atecordoba.org\/wp-content\/uploads\/2025\/08\/pami-rio-4-fachada-300x200.webp 300w, https:\/\/atecordoba.org\/wp-content\/uploads\/2025\/08\/pami-rio-4-fachada-768x512.webp 768w, https:\/\/atecordoba.org\/wp-content\/uploads\/2025\/08\/pami-rio-4-fachada-750x500.webp 750w\" sizes=\"auto, (max-width: 473px) 100vw, 473px\" \/><\/p>\n<p>\u201cDesde el advenimiento de La Libertad Avanza, Milei dej\u00f3 a m\u00e1s de 54 mil familias sin sustento en su af\u00e1n de destruir el Estado para entregarlo a los grupos econ\u00f3micos concentrados. Entre noviembre de 2023 y junio \u00faltimo, la dotaci\u00f3n de personal se redujo en 54.176 puestos de trabajo, representando una ca\u00edda del 15,8%. La designaci\u00f3n de Carrizo echa por tierra la idea de achicamiento del Estado sino que, por el contrario, constituye una vuelta de tuerca a la idea de que el Estado es el \u2018bot\u00edn de guerra\u2019 de los aplaudidores de los gobiernos de turno&#8221;, remarc\u00f3.<\/p>\n<p>\u201cLa casta a la que Milei dice combatir sigue vivita y coleando en todos los \u00e1mbitos de su Gobierno. Por caso, como coordinadora m\u00e9dica del PAMI R\u00edo Cuarto, una vez desmontada la operaci\u00f3n para poner a Carrizo, fue nombrada Romina Seimandi, una profesional que responde al Presidente del bloque de concejales de la UCR, Gabriel Abrile, quien, para consolidar su acuerdo pol\u00edtico con los libertarios, coloc\u00f3 al actual Director del PAMI, Leonardo Farina. Carrizo, es funcional al vaciamiento ideol\u00f3gico de esta etapa ominosa de la democracia argentina, en una muestra cabal de que LLA es m\u00e1s de lo mismo de los que s\u00f3lo en la hojarasca dice combatir\u201d, finaliza la declaraci\u00f3n de la CTA-A R\u00edo Cuarto.<\/p>\n","protected":false},"excerpt":{"rendered":"<p>La CTA Aut\u00f3noma Regional R\u00edo Cuarto repudi\u00f3 la designaci\u00f3n de Pablo Rafael Carrizo (foto interior) como integrante de planta de la delegaci\u00f3n local del PAMI, mediante la Resoluci\u00f3n 2025-1894, luego de caerse su nombramiento como Coordinador M\u00e9dico de la mayor prestadora de adultos mayores de Am\u00e9rica Latina. \u201cEl arribo como empleado de quien comenzara su [&hellip;]<\/p>\n","protected":false},"author":7,"featured_media":50157,"comment_status":"open","ping_status":"open","sticky":false,"template":"","format":"standard","meta":{"_exactmetrics_skip_tracking":false,"_exactmetrics_sitenote_active":false,"_exactmetrics_sitenote_note":"","_exactmetrics_sitenote_category":0,"jnews-multi-image_gallery":[],"jnews_single_post":{"format":"standard","override":[{"template":"1","parallax":"1","fullscreen":"1","layout":"no-sidebar-narrow","sidebar":"default-sidebar","second_sidebar":"default-sidebar","sticky_sidebar":"1","share_position":"bottom","share_float_style":"share-monocrhome","show_share_counter":"1","show_view_counter":"1","show_post_meta":"1","show_post_author_image":"1","show_post_date":"1","post_date_format":"default","post_date_format_custom":"Y\/m\/d","show_post_category":"1","show_post_reading_time":"0","post_reading_time_wpm":"300","post_calculate_word_method":"str_word_count","show_zoom_button":"0","zoom_button_out_step":"2","zoom_button_in_step":"3","show_post_tag":"1","number_popup_post":"1","show_post_related":"1","show_inline_post_related":"0"}],"image_override":[{"single_post_thumbnail_size":"crop-500","single_post_gallery_size":"crop-500"}],"trending_post_position":"meta","trending_post_label":"Trending","sponsored_post_label":"Sponsored by","disable_ad":"0"},"jnews_primary_category":[],"jnews_social_meta":[],"jnews_review":[],"enable_review":"","type":"percentage","name":"","summary":"","brand":"","sku":"","good":[],"bad":[],"score_override":"","override_value":"","rating":[],"price":[],"jnews_override_counter":{"view_counter_number":"0","share_counter_number":"0","like_counter_number":"0","dislike_counter_number":"0"},"jnews_post_split":{"post_split":[{"template":"1","tag":"h2","numbering":"asc","mode":"normal","first":"0","enable_toc":"0","toc_type":"normal"}]},"footnotes":""},"categories":[92],"tags":[],"class_list":["post-50156","post","type-post","status-publish","format-standard","has-post-thumbnail","hentry","category-cta"],"jetpack_featured_media_url":"https:\/\/atecordoba.org\/wp-content\/uploads\/2025\/08\/pami-rio-4-carrizo.webp","_links":{"self":[{"href":"https:\/\/atecordoba.org\/index.php?rest_route=\/wp\/v2\/posts\/50156","targetHints":{"allow":["GET"]}}],"collection":[{"href":"https:\/\/atecordoba.org\/index.php?rest_route=\/wp\/v2\/posts"}],"about":[{"href":"https:\/\/atecordoba.org\/index.php?rest_route=\/wp\/v2\/types\/post"}],"author":[{"embeddable":true,"href":"https:\/\/atecordoba.org\/index.php?rest_route=\/wp\/v2\/users\/7"}],"replies":[{"embeddable":true,"href":"https:\/\/atecordoba.org\/index.php?rest_route=%2Fwp%2Fv2%2Fcomments&post=50156"}],"version-history":[{"count":3,"href":"https:\/\/atecordoba.org\/index.php?rest_route=\/wp\/v2\/posts\/50156\/revisions"}],"predecessor-version":[{"id":50163,"href":"https:\/\/atecordoba.org\/index.php?rest_route=\/wp\/v2\/posts\/50156\/revisions\/50163"}],"wp:featuredmedia":[{"embeddable":true,"href":"https:\/\/atecordoba.org\/index.php?rest_route=\/wp\/v2\/media\/50157"}],"wp:attachment":[{"href":"https:\/\/atecordoba.org\/index.php?rest_route=%2Fwp%2Fv2%2Fmedia&parent=50156"}],"wp:term":[{"taxonomy":"category","embeddable":true,"href":"https:\/\/atecordoba.org\/index.php?rest_route=%2Fwp%2Fv2%2Fcategories&post=50156"},{"taxonomy":"post_tag","embeddable":true,"href":"https:\/\/atecordoba.org\/index.php?rest_route=%2Fwp%2Fv2%2Ftags&post=50156"}],"curies":[{"name":"wp","href":"https:\/\/api.w.org\/{rel}","templated":true}]}}