{"id":50147,"date":"2025-08-18T11:55:29","date_gmt":"2025-08-18T14:55:29","guid":{"rendered":"https:\/\/atecordoba.org\/?p=50147"},"modified":"2025-08-18T13:59:06","modified_gmt":"2025-08-18T16:59:06","slug":"los-hornillos-caballero-no-respeta-sus-propios-compromisos","status":"publish","type":"post","link":"https:\/\/atecordoba.org\/?p=50147","title":{"rendered":"Los Hornillos: \u201cCaballero no respeta sus propios compromisos\u201d"},"content":{"rendered":"<p><img loading=\"lazy\" decoding=\"async\" class=\"aligncenter wp-image-50150 \" src=\"https:\/\/atecordoba.org\/wp-content\/uploads\/2025\/08\/WhatsApp-Image-2025-08-18-at-13.05.43-768x1024.jpeg\" alt=\"\" width=\"608\" height=\"811\" srcset=\"https:\/\/atecordoba.org\/wp-content\/uploads\/2025\/08\/WhatsApp-Image-2025-08-18-at-13.05.43-768x1024.jpeg 768w, https:\/\/atecordoba.org\/wp-content\/uploads\/2025\/08\/WhatsApp-Image-2025-08-18-at-13.05.43-225x300.jpeg 225w, https:\/\/atecordoba.org\/wp-content\/uploads\/2025\/08\/WhatsApp-Image-2025-08-18-at-13.05.43-1152x1536.jpeg 1152w, https:\/\/atecordoba.org\/wp-content\/uploads\/2025\/08\/WhatsApp-Image-2025-08-18-at-13.05.43-750x1000.jpeg 750w, https:\/\/atecordoba.org\/wp-content\/uploads\/2025\/08\/WhatsApp-Image-2025-08-18-at-13.05.43-1140x1520.jpeg 1140w, https:\/\/atecordoba.org\/wp-content\/uploads\/2025\/08\/WhatsApp-Image-2025-08-18-at-13.05.43.jpeg 1200w\" sizes=\"auto, (max-width: 608px) 100vw, 608px\" \/>El conflicto gremial que ATE lleva adelante en la Comuna de Los Hornillos se destaca en el panorama municipal del Valle de Traslasierra por la continuidad de las medidas de fuerza y la intransigencia de la jefa comunal Carolina Caballero por abrir el di\u00e1logo, interrumpiendo la Mesa de Relaciones Laborales, incumpliendo el aumento salarial que hab\u00eda resuelto de manera unilateral, e incluso intentando rebajar las condiciones laborales del personal.<\/p>\n<p>En ese marco, la secretaria de Prensa de ATE C\u00f3rdoba,\u00a0Julia Giuliani, brind\u00f3 una entrevista donde dio los detalles del conflicto.<\/p>\n<p>&#8220;Hace cinco a\u00f1os que estamos en el Valle, desplegando la propuesta gremial de nuestro sindicato, principalmente a las y los trabajadores municipales, desde Salsacate a La Paz, encontr\u00e1ndonos con una situaci\u00f3n similar al resto de la provincia. Hay altos \u00edndices de precarizaci\u00f3n laboral e informalidad, salarios muy bajos a lo largo de los a\u00f1os, por lo que estamos haciendo un trabajo constante desde la conducci\u00f3n provincial que integro, en forma conjunta con los cuerpos de delegados y delegadas de la regi\u00f3n&#8221;, comenz\u00f3 Giuliani.<\/p>\n<p>Y prosigui\u00f3: &#8220;ahora llevamos adelante el s\u00e9ptimo d\u00eda de conflicto en la localidad de Los Hornillos, donde se hace dif\u00edcil alcanzar un espacio de di\u00e1logo con la jefa comunal. Nosotros ingresamos a representar a los municipales de la comuna por elecci\u00f3n de los municipales que se afiliaron a ATE. Por eso comenzamos a integrar mesas de relaciones laborales pero no de paritarias, porque las Comuna fijaba los aumentos salariales de manera unilateral hasta junio. All\u00ed ven\u00edamos proponiendo mejoras en los distintos \u00edtems que integran el recibo de sueldo as\u00ed como la reforma del Estatuto Municipal&#8221;.<\/p>\n<p>La dirigente explic\u00f3 que ATE logr\u00f3 algunos avances en los reclamos gremiales, mientras que otros quedaron en el tintero, &#8220;pero cuando lleg\u00f3 el momento de sentarnos a discutir paritarias por primera vez&#8221; \u2013y as\u00ed formalizar v\u00eda ministerio de Trabajo el v\u00ednculo entre las comuna y ATE\u2013 &#8220;se complic\u00f3 la negociaci\u00f3n, la jefa comunal se autoimpuso otorgar un 20% de aumento, nosotros pedimos sumar a ese monto un 25% al mes de octubre, teniendo en cuenta que hablamos de salarios de 200 mil a 250 mil pesos, quien m\u00e1s cobra con 30 a\u00f1os de antig\u00fcedad llega a 800 mil pesos, es decir salarios baj\u00edsimos para el costo de vida actual&#8221;, afirm\u00f3.<img loading=\"lazy\" decoding=\"async\" class=\"alignleft wp-image-50088 \" src=\"https:\/\/atecordoba.org\/wp-content\/uploads\/2025\/08\/WhatsApp-Image-2025-08-13-at-14.09.57-2-770x1024.jpeg\" alt=\"\" width=\"439\" height=\"584\" srcset=\"https:\/\/atecordoba.org\/wp-content\/uploads\/2025\/08\/WhatsApp-Image-2025-08-13-at-14.09.57-2-770x1024.jpeg 770w, https:\/\/atecordoba.org\/wp-content\/uploads\/2025\/08\/WhatsApp-Image-2025-08-13-at-14.09.57-2-226x300.jpeg 226w, https:\/\/atecordoba.org\/wp-content\/uploads\/2025\/08\/WhatsApp-Image-2025-08-13-at-14.09.57-2-768x1021.jpeg 768w, https:\/\/atecordoba.org\/wp-content\/uploads\/2025\/08\/WhatsApp-Image-2025-08-13-at-14.09.57-2-750x997.jpeg 750w, https:\/\/atecordoba.org\/wp-content\/uploads\/2025\/08\/WhatsApp-Image-2025-08-13-at-14.09.57-2.jpeg 963w\" sizes=\"auto, (max-width: 439px) 100vw, 439px\" \/><\/p>\n<p>&#8220;Si bien entendemos el contexto econ\u00f3mico nacional y provincial actual que condiciona las finanzas municipales, tambi\u00e9n sabemos que aquellos que se postulan para conducir los destinos de Los Hornillos tienen las condiciones para gestionar los recursos necesarios para que la Comuna contin\u00fae funcionando, lo cual exige salarios dignos para el plantel de trabajadores, es una de las responsabilidades de Carolina Caballero. Esto gener\u00f3 una tensi\u00f3n porque, adem\u00e1s, firmamos el acta acuerdo y despu\u00e9s no lo cumpli\u00f3: solo pag\u00f3 el 10%&#8221;, sostuvo.<\/p>\n<p>&#8220;As\u00ed arrancaron las asambleas que todav\u00eda contin\u00faan, por exclusiva responsabilidad de la jefa comunal, y vamos a evaluar los pasos a seguir, con medidas de fuerza y yendo al Ministerio de Trabajo para poder tener un mediador en esta situaci\u00f3n. Nosotros tuvimos toda la predisposici\u00f3n al di\u00e1logo y fue ella quien lo cort\u00f3. No recibe a nadie ni siquiera cuando estamos en asamblea en la puerta de la comuna&#8221;.<\/p>\n<p><strong>Monotributos<\/strong><\/p>\n<p>Giuliani hizo referencia tambi\u00e9n al intento de la Jefa comunal por precarizar aun m\u00e1s las condiciones laborales\u00a0 en Los Hornillos.<\/p>\n<p>&#8220;Cuando desde ATE planteamos la necesidad de cambiar el r\u00e9gimen de contratos, que Caballero renovaba mensualmente, por uno donde avanz\u00e1ramos en mejores condiciones laborales de estabilidad, ella respondi\u00f3 que no era necesario porque iba a pasar a todo el personal a condici\u00f3n de monotributistas. Le explicamos que eso no lo pod\u00eda hacer, que era un retroceso para los trabajadores, ilegal, y que constitu\u00eda un fraude laboral. No acept\u00f3 nuestro reclamo y tuvimos que hacer un escrito con nuestro equipo jur\u00eddico que la hizo dar de baja la iniciativa&#8221;.<\/p>\n<p>&nbsp;<\/p>\n<figure id=\"attachment_50153\" aria-describedby=\"caption-attachment-50153\" style=\"width: 585px\" class=\"wp-caption aligncenter\"><img loading=\"lazy\" decoding=\"async\" class=\"wp-image-50153 size-full\" src=\"https:\/\/atecordoba.org\/wp-content\/uploads\/2025\/08\/WhatsApp-Image-2025-08-18-at-13.16.07-e1755534929259.jpeg\" alt=\"\" width=\"585\" height=\"770\" srcset=\"https:\/\/atecordoba.org\/wp-content\/uploads\/2025\/08\/WhatsApp-Image-2025-08-18-at-13.16.07-e1755534929259.jpeg 585w, https:\/\/atecordoba.org\/wp-content\/uploads\/2025\/08\/WhatsApp-Image-2025-08-18-at-13.16.07-e1755534929259-228x300.jpeg 228w\" sizes=\"auto, (max-width: 585px) 100vw, 585px\" \/><figcaption id=\"caption-attachment-50153\" class=\"wp-caption-text\">Acta incumplida por la jefa comunal Carolina Caballero que otorgaba un aumento salarial del 20%. Finalmente, solo pag\u00f3 el 10%.<\/figcaption><\/figure>\n<p>&nbsp;<\/p>\n<p>&nbsp;<\/p>\n","protected":false},"excerpt":{"rendered":"<p>El conflicto gremial que ATE lleva adelante en la Comuna de Los Hornillos se destaca en el panorama municipal del Valle de Traslasierra por la continuidad de las medidas de fuerza y la intransigencia de la jefa comunal Carolina Caballero por abrir el di\u00e1logo, interrumpiendo la Mesa de Relaciones Laborales, incumpliendo el aumento salarial que [&hellip;]<\/p>\n","protected":false},"author":7,"featured_media":50085,"comment_status":"open","ping_status":"open","sticky":false,"template":"","format":"standard","meta":{"_exactmetrics_skip_tracking":false,"_exactmetrics_sitenote_active":false,"_exactmetrics_sitenote_note":"","_exactmetrics_sitenote_category":0,"jnews-multi-image_gallery":[],"jnews_single_post":{"format":"standard","override":[{"template":"1","parallax":"1","fullscreen":"1","layout":"no-sidebar-narrow","sidebar":"default-sidebar","second_sidebar":"default-sidebar","sticky_sidebar":"1","share_position":"bottom","share_float_style":"share-monocrhome","show_share_counter":"1","show_view_counter":"1","show_post_meta":"1","show_post_author_image":"1","show_post_date":"1","post_date_format":"default","post_date_format_custom":"Y\/m\/d","show_post_category":"1","show_post_reading_time":"0","post_reading_time_wpm":"300","post_calculate_word_method":"str_word_count","show_zoom_button":"0","zoom_button_out_step":"2","zoom_button_in_step":"3","show_post_tag":"1","number_popup_post":"1","show_post_related":"1","show_inline_post_related":"0"}],"image_override":[{"single_post_thumbnail_size":"crop-500","single_post_gallery_size":"crop-500"}],"trending_post_position":"meta","trending_post_label":"Trending","sponsored_post_label":"Sponsored by","disable_ad":"0"},"jnews_primary_category":[],"jnews_social_meta":[],"jnews_review":[],"enable_review":"","type":"percentage","name":"","summary":"","brand":"","sku":"","good":[],"bad":[],"score_override":"","override_value":"","rating":[],"price":[],"jnews_override_counter":{"view_counter_number":"0","share_counter_number":"0","like_counter_number":"0","dislike_counter_number":"0"},"jnews_post_split":{"post_split":[{"template":"1","tag":"h2","numbering":"asc","mode":"normal","first":"0","enable_toc":"0","toc_type":"normal"}]},"footnotes":""},"categories":[20],"tags":[],"class_list":["post-50147","post","type-post","status-publish","format-standard","has-post-thumbnail","hentry","category-municipales"],"jetpack_featured_media_url":"https:\/\/atecordoba.org\/wp-content\/uploads\/2025\/08\/WhatsApp-Image-2025-08-13-at-14.09.53-2.jpeg","_links":{"self":[{"href":"https:\/\/atecordoba.org\/index.php?rest_route=\/wp\/v2\/posts\/50147","targetHints":{"allow":["GET"]}}],"collection":[{"href":"https:\/\/atecordoba.org\/index.php?rest_route=\/wp\/v2\/posts"}],"about":[{"href":"https:\/\/atecordoba.org\/index.php?rest_route=\/wp\/v2\/types\/post"}],"author":[{"embeddable":true,"href":"https:\/\/atecordoba.org\/index.php?rest_route=\/wp\/v2\/users\/7"}],"replies":[{"embeddable":true,"href":"https:\/\/atecordoba.org\/index.php?rest_route=%2Fwp%2Fv2%2Fcomments&post=50147"}],"version-history":[{"count":4,"href":"https:\/\/atecordoba.org\/index.php?rest_route=\/wp\/v2\/posts\/50147\/revisions"}],"predecessor-version":[{"id":50154,"href":"https:\/\/atecordoba.org\/index.php?rest_route=\/wp\/v2\/posts\/50147\/revisions\/50154"}],"wp:featuredmedia":[{"embeddable":true,"href":"https:\/\/atecordoba.org\/index.php?rest_route=\/wp\/v2\/media\/50085"}],"wp:attachment":[{"href":"https:\/\/atecordoba.org\/index.php?rest_route=%2Fwp%2Fv2%2Fmedia&parent=50147"}],"wp:term":[{"taxonomy":"category","embeddable":true,"href":"https:\/\/atecordoba.org\/index.php?rest_route=%2Fwp%2Fv2%2Fcategories&post=50147"},{"taxonomy":"post_tag","embeddable":true,"href":"https:\/\/atecordoba.org\/index.php?rest_route=%2Fwp%2Fv2%2Ftags&post=50147"}],"curies":[{"name":"wp","href":"https:\/\/api.w.org\/{rel}","templated":true}]}}