{"id":50143,"date":"2025-08-18T09:57:30","date_gmt":"2025-08-18T12:57:30","guid":{"rendered":"https:\/\/atecordoba.org\/?p=50143"},"modified":"2025-08-18T09:58:10","modified_gmt":"2025-08-18T12:58:10","slug":"elecciones-bronca-y-ausentismo","status":"publish","type":"post","link":"https:\/\/atecordoba.org\/?p=50143","title":{"rendered":"Elecciones: Bronca y Ausentismo"},"content":{"rendered":"<p><img loading=\"lazy\" decoding=\"async\" class=\"aligncenter wp-image-50144 \" src=\"https:\/\/atecordoba.org\/wp-content\/uploads\/2025\/08\/urna1.webp\" alt=\"\" width=\"610\" height=\"343\" srcset=\"https:\/\/atecordoba.org\/wp-content\/uploads\/2025\/08\/urna1.webp 1200w, https:\/\/atecordoba.org\/wp-content\/uploads\/2025\/08\/urna1-300x169.webp 300w, https:\/\/atecordoba.org\/wp-content\/uploads\/2025\/08\/urna1-1024x576.webp 1024w, https:\/\/atecordoba.org\/wp-content\/uploads\/2025\/08\/urna1-768x432.webp 768w, https:\/\/atecordoba.org\/wp-content\/uploads\/2025\/08\/urna1-750x422.webp 750w, https:\/\/atecordoba.org\/wp-content\/uploads\/2025\/08\/urna1-1140x641.webp 1140w\" sizes=\"auto, (max-width: 610px) 100vw, 610px\" \/>*Por Federico Giuliani, secretario General de ATE C\u00f3rdoba y CTAA C\u00f3rdoba<\/p>\n<p>Lo que marcan hasta ac\u00e1 las elecciones de medio t\u00e9rmino es el elevado ausentismo de la poblaci\u00f3n que expresa su bronca por el actual estado de cosas. Casi el 50 por ciento de la gente no va a votar. Los representados no creen en sus representantes y cuestionan lo establecido por la Constituci\u00f3n olig\u00e1rquica de 1853 seg\u00fan la cual \u201cel pueblo no delibera ni gobierna sino a trav\u00e9s de sus representantes\u201d.<\/p>\n<p>El elevado ausentismo electoral se\u00f1ala la frustraci\u00f3n del pueblo con una clase dirigente que en 41 a\u00f1os de democracia ha venido negociando y claudicando frente a los factores del poder real que son los que gobiernan el pa\u00eds. Hoy lo hacen de manera desembozada, sin necesidad de disfrazarse de \u201cprogresistas\u201d o \u201cinstitucionalistas\u201d a partir del gobierno cipayo y neofascista de Milei.<\/p>\n<p>En C\u00f3rdoba, tras m\u00e1s de un cuarto de siglo de gobiernos del \u201cCordobesismo\u201d, la\u00a0 sociedad, gen\u00e9ricamente conservadora, vot\u00f3 masivamente por Macri en 2015 y lo volvi\u00f3 a hacer en 2023 por Milei. Ratifica as\u00ed su vocaci\u00f3n gorila y reivindica su decisiva participaci\u00f3n en la \u201cRevoluci\u00f3n Fusiladora\u201d que derroc\u00f3 al Gobierno Popular de Juan Domingo Per\u00f3n en 1955.<\/p>\n<p>Aunque algunos aparezcan como arrepentidos de \u00faltima hora, lo cierto es que el Gobernador Llaryora y sus diputados y senadores, salvo raras excepciones, le han votado la mayor\u00eda de las leyes al estafador de Milei, sobre todo la Ley Bases, que es lo que le permite al Gobierno operar a puro decretazo y desguazar el Estado a favor de los grupos econ\u00f3micos concentrados. Esta subordinaci\u00f3n se hizo en nombre de la gobernabilidad del r\u00e9gimen antinacional y antipopular.<\/p>\n<p>La disputa principal se dar\u00e1 entre el \u201cCordobesismo\u201d y los libertarios que suman al \u201cJuecismo\u201d, lo que queda del PRO y los radicales con peluca. O sea que la compulsa principal ser\u00e1 entre la derecha y la ultraderecha. La aparici\u00f3n de Natalia de la Sota es la novedad de este turno electoral. En realidad, lo que se propone la hija del tres veces gobernador de la provincia es renovar el \u201cCordobesismo\u201d y, en ese sentido, no ha roto relaciones con Llaryora aunque confronta con su antecesor, el \u201cGringo\u201d Schiaretti.<\/p>\n<p>El \u201cKirchnerismo\u201d es un sector min\u00fasculo en C\u00f3rdoba, agravado por la persistencia de una pr\u00e1ctica signada por las decisiones tomadas desde Buenos Aires para elegir sus candidatos a dedo. Luego figura el armado electoral del Frente de Izquierda con sus caracter\u00edsticas propias.<\/p>\n<p>La inminencia del pr\u00f3ximo turno electoral no deber\u00eda subordinar la construcci\u00f3n cotidiana de una propuesta estrat\u00e9gica m\u00e1s vigorosa para darle sentido a la lucha colectiva de los que resisten la prepotencia del sistema de dominaci\u00f3n expresada por este gobierno hambreador que ha puesto bandera de remate a la Patria.<\/p>\n<p>Para nosotros, la democracia no se puede agotar en la formalidad de ir votar cada dos o cuatro a\u00f1os. Es una construcci\u00f3n cotidiana marcada por la participaci\u00f3n y el protagonismo del pueblo, de abajo hacia arriba y de la periferia al centro.<\/p>\n<p>Frente a este nuevo acto electoral, no est\u00e1 de m\u00e1s consignar que el objetivo de la hora es impulsar la unidad del pueblo en un proyecto com\u00fan que nos permita no delegar m\u00e1s para gobernarnos a nosotros mismos. Queremos ser la piedra en el zapato del poder, plantear que esta democracia colonial se ha revelado incapaz de dar de comer, proveer educaci\u00f3n y sanar al pueblo y, consecuentemente, bregar por la transformaci\u00f3n social y la liberaci\u00f3n nacional.<\/p>\n<p>La lucha por imponer una sociedad m\u00e1s justa y una Patria Soberana por la que militaron y entregaron sus vidas nuestros 30.000 compa\u00f1eros, no se agota en las urnas.<\/p>\n","protected":false},"excerpt":{"rendered":"<p>*Por Federico Giuliani, secretario General de ATE C\u00f3rdoba y CTAA C\u00f3rdoba Lo que marcan hasta ac\u00e1 las elecciones de medio t\u00e9rmino es el elevado ausentismo de la poblaci\u00f3n que expresa su bronca por el actual estado de cosas. Casi el 50 por ciento de la gente no va a votar. Los representados no creen en [&hellip;]<\/p>\n","protected":false},"author":7,"featured_media":50144,"comment_status":"open","ping_status":"open","sticky":false,"template":"","format":"standard","meta":{"_exactmetrics_skip_tracking":false,"_exactmetrics_sitenote_active":false,"_exactmetrics_sitenote_note":"","_exactmetrics_sitenote_category":0,"jnews-multi-image_gallery":[],"jnews_single_post":{"format":"standard","override":[{"template":"1","parallax":"1","fullscreen":"1","layout":"no-sidebar-narrow","sidebar":"default-sidebar","second_sidebar":"default-sidebar","sticky_sidebar":"1","share_position":"bottom","share_float_style":"share-monocrhome","show_share_counter":"1","show_view_counter":"1","show_post_meta":"1","show_post_author_image":"1","show_post_date":"1","post_date_format":"default","post_date_format_custom":"Y\/m\/d","show_post_category":"1","show_post_reading_time":"0","post_reading_time_wpm":"300","post_calculate_word_method":"str_word_count","show_zoom_button":"0","zoom_button_out_step":"2","zoom_button_in_step":"3","show_post_tag":"1","number_popup_post":"1","show_post_related":"1","show_inline_post_related":"0"}],"image_override":[{"single_post_thumbnail_size":"crop-500","single_post_gallery_size":"crop-500"}],"trending_post_position":"meta","trending_post_label":"Trending","sponsored_post_label":"Sponsored by","disable_ad":"0"},"jnews_primary_category":[],"jnews_social_meta":[],"jnews_review":[],"enable_review":"","type":"percentage","name":"","summary":"","brand":"","sku":"","good":[],"bad":[],"score_override":"","override_value":"","rating":[],"price":[],"jnews_override_counter":{"view_counter_number":"0","share_counter_number":"0","like_counter_number":"0","dislike_counter_number":"0"},"jnews_post_split":{"post_split":[{"template":"1","tag":"h2","numbering":"asc","mode":"normal","first":"0","enable_toc":"0","toc_type":"normal"}]},"footnotes":""},"categories":[10],"tags":[],"class_list":["post-50143","post","type-post","status-publish","format-standard","has-post-thumbnail","hentry","category-accion-politica"],"jetpack_featured_media_url":"https:\/\/atecordoba.org\/wp-content\/uploads\/2025\/08\/urna1.webp","_links":{"self":[{"href":"https:\/\/atecordoba.org\/index.php?rest_route=\/wp\/v2\/posts\/50143","targetHints":{"allow":["GET"]}}],"collection":[{"href":"https:\/\/atecordoba.org\/index.php?rest_route=\/wp\/v2\/posts"}],"about":[{"href":"https:\/\/atecordoba.org\/index.php?rest_route=\/wp\/v2\/types\/post"}],"author":[{"embeddable":true,"href":"https:\/\/atecordoba.org\/index.php?rest_route=\/wp\/v2\/users\/7"}],"replies":[{"embeddable":true,"href":"https:\/\/atecordoba.org\/index.php?rest_route=%2Fwp%2Fv2%2Fcomments&post=50143"}],"version-history":[{"count":1,"href":"https:\/\/atecordoba.org\/index.php?rest_route=\/wp\/v2\/posts\/50143\/revisions"}],"predecessor-version":[{"id":50145,"href":"https:\/\/atecordoba.org\/index.php?rest_route=\/wp\/v2\/posts\/50143\/revisions\/50145"}],"wp:featuredmedia":[{"embeddable":true,"href":"https:\/\/atecordoba.org\/index.php?rest_route=\/wp\/v2\/media\/50144"}],"wp:attachment":[{"href":"https:\/\/atecordoba.org\/index.php?rest_route=%2Fwp%2Fv2%2Fmedia&parent=50143"}],"wp:term":[{"taxonomy":"category","embeddable":true,"href":"https:\/\/atecordoba.org\/index.php?rest_route=%2Fwp%2Fv2%2Fcategories&post=50143"},{"taxonomy":"post_tag","embeddable":true,"href":"https:\/\/atecordoba.org\/index.php?rest_route=%2Fwp%2Fv2%2Ftags&post=50143"}],"curies":[{"name":"wp","href":"https:\/\/api.w.org\/{rel}","templated":true}]}}