{"id":50104,"date":"2025-08-14T14:02:43","date_gmt":"2025-08-14T17:02:43","guid":{"rendered":"https:\/\/atecordoba.org\/?p=50104"},"modified":"2025-08-14T15:00:21","modified_gmt":"2025-08-14T18:00:21","slug":"se-realizo-el-segundo-modulo-de-las-jornadas-sobre-derecho-laboral-y-colectivo-en-ate-cruz-del-eje","status":"publish","type":"post","link":"https:\/\/atecordoba.org\/?p=50104","title":{"rendered":"Se realiz\u00f3 el segundo m\u00f3dulo de las Jornadas sobre Derecho Laboral y Colectivo en ATE Cruz del Eje"},"content":{"rendered":"<p><img loading=\"lazy\" decoding=\"async\" class=\"aligncenter wp-image-50105 \" src=\"https:\/\/atecordoba.org\/wp-content\/uploads\/2025\/08\/WhatsApp-Image-2025-08-14-at-11.02.17-2-1024x461.jpeg\" alt=\"\" width=\"612\" height=\"276\" srcset=\"https:\/\/atecordoba.org\/wp-content\/uploads\/2025\/08\/WhatsApp-Image-2025-08-14-at-11.02.17-2-1024x461.jpeg 1024w, https:\/\/atecordoba.org\/wp-content\/uploads\/2025\/08\/WhatsApp-Image-2025-08-14-at-11.02.17-2-300x135.jpeg 300w, https:\/\/atecordoba.org\/wp-content\/uploads\/2025\/08\/WhatsApp-Image-2025-08-14-at-11.02.17-2-768x346.jpeg 768w, https:\/\/atecordoba.org\/wp-content\/uploads\/2025\/08\/WhatsApp-Image-2025-08-14-at-11.02.17-2-750x338.jpeg 750w, https:\/\/atecordoba.org\/wp-content\/uploads\/2025\/08\/WhatsApp-Image-2025-08-14-at-11.02.17-2-1140x513.jpeg 1140w, https:\/\/atecordoba.org\/wp-content\/uploads\/2025\/08\/WhatsApp-Image-2025-08-14-at-11.02.17-2.jpeg 1280w\" sizes=\"auto, (max-width: 612px) 100vw, 612px\" \/>En el marco de las pol\u00edticas de formaci\u00f3n para estatales de toda el territorio que ATE viene desarrollando en las seccionales del interior provincial, ayer se desarroll\u00f3 el segundo m\u00f3dulo de las Jornadas sobre Derecho Laboral y Derecho Colectivo, organizadas por ATE Cruz del Eje.<\/p>\n<p>Encabezada por el secretario General de la seccional, Juan pablo Beto Pozzi, la actividad cont\u00f3 con la participaci\u00f3n de como panelistas la secretaria de G\u00e9nero y Diversidades, Clarisa Gambera, el asesor letrado de ATE, Eugenio Biafore, la abogada de ATE Cruz del Eje, Julia Luna, y el delegado Regional de la Secretaria de Trabajo de C\u00f3rdoba, Ezequiel Abate Daga.<img loading=\"lazy\" decoding=\"async\" class=\"aligncenter wp-image-50106 \" src=\"https:\/\/atecordoba.org\/wp-content\/uploads\/2025\/08\/WhatsApp-Image-2025-08-14-at-11.02.16-1-1024x461.jpeg\" alt=\"\" width=\"619\" height=\"279\" srcset=\"https:\/\/atecordoba.org\/wp-content\/uploads\/2025\/08\/WhatsApp-Image-2025-08-14-at-11.02.16-1-1024x461.jpeg 1024w, https:\/\/atecordoba.org\/wp-content\/uploads\/2025\/08\/WhatsApp-Image-2025-08-14-at-11.02.16-1-300x135.jpeg 300w, https:\/\/atecordoba.org\/wp-content\/uploads\/2025\/08\/WhatsApp-Image-2025-08-14-at-11.02.16-1-768x346.jpeg 768w, https:\/\/atecordoba.org\/wp-content\/uploads\/2025\/08\/WhatsApp-Image-2025-08-14-at-11.02.16-1-750x338.jpeg 750w, https:\/\/atecordoba.org\/wp-content\/uploads\/2025\/08\/WhatsApp-Image-2025-08-14-at-11.02.16-1-1140x513.jpeg 1140w, https:\/\/atecordoba.org\/wp-content\/uploads\/2025\/08\/WhatsApp-Image-2025-08-14-at-11.02.16-1.jpeg 1280w\" sizes=\"auto, (max-width: 619px) 100vw, 619px\" \/><\/p>\n<p>Se trato de una jornada de formaci\u00f3n pol\u00edtico-sindical con muy buena concurrencia, llevada a cabo en la sede UEPC Cruz del Eje, que cont\u00f3 con la presencia de trabajadores y trabajadoras nacionales, provinciales y municipales. Tambi\u00e9n estuvieron integrantes del Consejo Directivo Provincial como la secretaria de Prensa, Julia Giuliani, sus pares de Acci\u00f3n Pol\u00edtica y de G\u00e9nero, Alejandra Agnone y Mar\u00eda Spaventa, y la compa\u00f1era Irina Silberman.<\/p>\n<p>&#8220;Las\u00a0Jornadas fueron todo un \u00e9xito y nos dejaron abiertas las ganas de seguir aprendiendo sobre los derechos individuales y colectivos, el derecho al trabajo, sobre lo que sucede en Argentina respecto a las distintas leyes que pretenden atacar al movimiento obrero, con la historia&#8221;, celebr\u00f3 Pozzi.<img loading=\"lazy\" decoding=\"async\" class=\"aligncenter wp-image-50107 \" src=\"https:\/\/atecordoba.org\/wp-content\/uploads\/2025\/08\/WhatsApp-Image-2025-08-14-at-11.02.17-2-1-1024x461.jpeg\" alt=\"\" width=\"631\" height=\"284\" srcset=\"https:\/\/atecordoba.org\/wp-content\/uploads\/2025\/08\/WhatsApp-Image-2025-08-14-at-11.02.17-2-1-1024x461.jpeg 1024w, https:\/\/atecordoba.org\/wp-content\/uploads\/2025\/08\/WhatsApp-Image-2025-08-14-at-11.02.17-2-1-300x135.jpeg 300w, https:\/\/atecordoba.org\/wp-content\/uploads\/2025\/08\/WhatsApp-Image-2025-08-14-at-11.02.17-2-1-768x346.jpeg 768w, https:\/\/atecordoba.org\/wp-content\/uploads\/2025\/08\/WhatsApp-Image-2025-08-14-at-11.02.17-2-1-750x338.jpeg 750w, https:\/\/atecordoba.org\/wp-content\/uploads\/2025\/08\/WhatsApp-Image-2025-08-14-at-11.02.17-2-1-1140x513.jpeg 1140w, https:\/\/atecordoba.org\/wp-content\/uploads\/2025\/08\/WhatsApp-Image-2025-08-14-at-11.02.17-2-1.jpeg 1280w\" sizes=\"auto, (max-width: 631px) 100vw, 631px\" \/><\/p>\n<p>&#8220;Vamos a seguir conversando con los y las compa\u00f1eras de estos temas que nos ayudan a reflexionar sobre lo que vivimos en la actualidad, para ver c\u00f3mo le encontramos la perspectiva para transformar futuro, por una mejor sociedad que nos alcance para vivir y cubrir las nueve necesidades b\u00e1sicas que establece la Constituci\u00f3n, sino que sirvan para que el pueblo sea verdaderamente feliz.\u00a0Eso se va a lograr con m\u00e1s conocimiento sobre nuestras leyes y derechos, sobre la historia, todo para recuperar ese pa\u00eds que alguna vez rozamos y que puede ser mejor a\u00fan para todo el movimiento obrero&#8221;, complet\u00f3 el referente estatal de Cruz del Eje.<\/p>\n<p>Por su parte, la abogada Julia Luna rese\u00f1\u00f3 que &#8220;en este segundo encuentro abordamos a trav\u00e9s de la mirada de los distintos expositores, a nivel local, provincial y nacional. Nos pareci\u00f3 importante, dado el contexto, poner en relieve el papel de los sindicatos como herramienta para la construcci\u00f3n de derechos en nuestra ciudad&#8221;.<img loading=\"lazy\" decoding=\"async\" class=\"aligncenter wp-image-50108 \" src=\"https:\/\/atecordoba.org\/wp-content\/uploads\/2025\/08\/WhatsApp-Image-2025-08-14-at-11.02.18-1-1024x768.jpeg\" alt=\"\" width=\"612\" height=\"459\" srcset=\"https:\/\/atecordoba.org\/wp-content\/uploads\/2025\/08\/WhatsApp-Image-2025-08-14-at-11.02.18-1-1024x768.jpeg 1024w, https:\/\/atecordoba.org\/wp-content\/uploads\/2025\/08\/WhatsApp-Image-2025-08-14-at-11.02.18-1-300x225.jpeg 300w, https:\/\/atecordoba.org\/wp-content\/uploads\/2025\/08\/WhatsApp-Image-2025-08-14-at-11.02.18-1-768x576.jpeg 768w, https:\/\/atecordoba.org\/wp-content\/uploads\/2025\/08\/WhatsApp-Image-2025-08-14-at-11.02.18-1-750x563.jpeg 750w, https:\/\/atecordoba.org\/wp-content\/uploads\/2025\/08\/WhatsApp-Image-2025-08-14-at-11.02.18-1-1140x855.jpeg 1140w, https:\/\/atecordoba.org\/wp-content\/uploads\/2025\/08\/WhatsApp-Image-2025-08-14-at-11.02.18-1.jpeg 1280w\" sizes=\"auto, (max-width: 612px) 100vw, 612px\" \/><\/p>\n<p>En esa l\u00ednea, el secretario Administrativo de ATE Cruz del Eje, Leonardo Rueda, avanz\u00f3 sobre el abordaje realizado y explic\u00f3 que &#8220;trabajamos desde los rasgos principales de la problem\u00e1tica sindical que tenemos en ATE debido al rechazo arbitrario, ilegal y antisindical al reconocimiento de nuestra organizaci\u00f3n en Cruz del Eje, situaci\u00f3n que se traslada a varios municipios y comunas de la regi\u00f3n&#8221;.<\/p>\n<p>Esta situaci\u00f3n genera un avance en despidos persecutorios a algunos afiliados e incluso a delegados en la Municipalidad de Cruz del Eje.\u00a0Tal como explicaron las y los abogados y especialistas, esto va en contra de la normativa vigente.<\/p>\n<p>&#8220;Profundizamos con derechos laborales como la estabilidad del empleo p\u00fablico y valorar la necesidad que implican las negociaciones colectivas y los convenios colectivos de trabajo, que a nivel provincial y municipal son herramientas disponibles, reguladas y vigentes pero que no hay decisi\u00f3n pol\u00edtica de las autoridades provinciales y municipales para aplicarlas.\u00a0ATE lo viene reclamando hace mucho tiempo&#8221;, afirm\u00f3 Rueda.<img loading=\"lazy\" decoding=\"async\" class=\"aligncenter wp-image-50109 \" src=\"https:\/\/atecordoba.org\/wp-content\/uploads\/2025\/08\/WhatsApp-Image-2025-08-14-at-11.02.18-3-1024x461.jpeg\" alt=\"\" width=\"606\" height=\"273\" srcset=\"https:\/\/atecordoba.org\/wp-content\/uploads\/2025\/08\/WhatsApp-Image-2025-08-14-at-11.02.18-3-1024x461.jpeg 1024w, https:\/\/atecordoba.org\/wp-content\/uploads\/2025\/08\/WhatsApp-Image-2025-08-14-at-11.02.18-3-300x135.jpeg 300w, https:\/\/atecordoba.org\/wp-content\/uploads\/2025\/08\/WhatsApp-Image-2025-08-14-at-11.02.18-3-768x346.jpeg 768w, https:\/\/atecordoba.org\/wp-content\/uploads\/2025\/08\/WhatsApp-Image-2025-08-14-at-11.02.18-3-750x338.jpeg 750w, https:\/\/atecordoba.org\/wp-content\/uploads\/2025\/08\/WhatsApp-Image-2025-08-14-at-11.02.18-3-1140x513.jpeg 1140w, https:\/\/atecordoba.org\/wp-content\/uploads\/2025\/08\/WhatsApp-Image-2025-08-14-at-11.02.18-3.jpeg 1280w\" sizes=\"auto, (max-width: 606px) 100vw, 606px\" \/><\/p>\n<p><strong>Ataque a las mujeres<\/strong><\/p>\n<p>Un segmento estuvo dedicado a visibilizar la avanza del gobierno nacional contra los y las trabajadores, en especial contra las mujeres y las diversidades. &#8220;Fue un momento muy valioso de Clarisa Gambera, secretaria de G\u00e9nero de ATE Nacional, con una mirada sobre las estrategias a seguir, tanto en formaci\u00f3n de delegados y delegadas como en la conformaci\u00f3n de espacios intersindicales para articular resistencias y pensamientos sobre c\u00f3mo llevar adelante esta pol\u00edtica desde nuestros lugares de trabajo, para aportar a pol\u00edticas p\u00fablicas para volver a recuperar derechos de la poblaci\u00f3n en situaci\u00f3n de vulnerabilidad, que est\u00e1 siendo muy afectada por la gesti\u00f3n de Milei&#8221;, complet\u00f3 Rueda.<\/p>\n<div id='gallery_1' class='gallery galleryid-50104 gallery-columns-3 gallery-size-thumbnail'><figure class='gallery-item'>\n                <div class='gallery-icon landscape'>\n                    <a href='https:\/\/atecordoba.org\/wp-content\/uploads\/2025\/08\/WhatsApp-Image-2025-08-14-at-11.02.20-2.jpeg'><img loading=\"lazy\" decoding=\"async\" width=\"150\" height=\"150\" src=\"\" class=\"attachment-thumbnail size-thumbnail lazyload\" alt=\"\" data-src=\"https:\/\/atecordoba.org\/wp-content\/uploads\/2025\/08\/WhatsApp-Image-2025-08-14-at-11.02.20-2-150x150.jpeg\" data-sizes=\"auto\" data-srcset=\"https:\/\/atecordoba.org\/wp-content\/uploads\/2025\/08\/WhatsApp-Image-2025-08-14-at-11.02.20-2-150x150.jpeg 150w, https:\/\/atecordoba.org\/wp-content\/uploads\/2025\/08\/WhatsApp-Image-2025-08-14-at-11.02.20-2-560x560.jpeg 560w, https:\/\/atecordoba.org\/wp-content\/uploads\/2025\/08\/WhatsApp-Image-2025-08-14-at-11.02.20-2-75x75.jpeg 75w, https:\/\/atecordoba.org\/wp-content\/uploads\/2025\/08\/WhatsApp-Image-2025-08-14-at-11.02.20-2-350x350.jpeg 350w\" data-expand=\"700\" \/><\/a>\n                <\/div><\/figure><figure class='gallery-item'>\n                <div class='gallery-icon landscape'>\n                    <a href='https:\/\/atecordoba.org\/wp-content\/uploads\/2025\/08\/WhatsApp-Image-2025-08-14-at-11.02.16-2.jpeg'><img loading=\"lazy\" decoding=\"async\" width=\"150\" height=\"150\" src=\"\" class=\"attachment-thumbnail size-thumbnail lazyload\" alt=\"\" data-src=\"https:\/\/atecordoba.org\/wp-content\/uploads\/2025\/08\/WhatsApp-Image-2025-08-14-at-11.02.16-2-150x150.jpeg\" data-sizes=\"auto\" data-srcset=\"https:\/\/atecordoba.org\/wp-content\/uploads\/2025\/08\/WhatsApp-Image-2025-08-14-at-11.02.16-2-150x150.jpeg 150w, https:\/\/atecordoba.org\/wp-content\/uploads\/2025\/08\/WhatsApp-Image-2025-08-14-at-11.02.16-2-560x560.jpeg 560w, https:\/\/atecordoba.org\/wp-content\/uploads\/2025\/08\/WhatsApp-Image-2025-08-14-at-11.02.16-2-75x75.jpeg 75w, https:\/\/atecordoba.org\/wp-content\/uploads\/2025\/08\/WhatsApp-Image-2025-08-14-at-11.02.16-2-350x350.jpeg 350w\" data-expand=\"700\" \/><\/a>\n                <\/div><\/figure><figure class='gallery-item'>\n                <div class='gallery-icon portrait'>\n                    <a href='https:\/\/atecordoba.org\/wp-content\/uploads\/2025\/08\/WhatsApp-Image-2025-08-14-at-11.02.17-1.jpeg'><img loading=\"lazy\" decoding=\"async\" width=\"150\" height=\"150\" src=\"\" class=\"attachment-thumbnail size-thumbnail lazyload\" alt=\"\" data-src=\"https:\/\/atecordoba.org\/wp-content\/uploads\/2025\/08\/WhatsApp-Image-2025-08-14-at-11.02.17-1-150x150.jpeg\" data-sizes=\"auto\" data-srcset=\"https:\/\/atecordoba.org\/wp-content\/uploads\/2025\/08\/WhatsApp-Image-2025-08-14-at-11.02.17-1-150x150.jpeg 150w, https:\/\/atecordoba.org\/wp-content\/uploads\/2025\/08\/WhatsApp-Image-2025-08-14-at-11.02.17-1-560x560.jpeg 560w, https:\/\/atecordoba.org\/wp-content\/uploads\/2025\/08\/WhatsApp-Image-2025-08-14-at-11.02.17-1-75x75.jpeg 75w, https:\/\/atecordoba.org\/wp-content\/uploads\/2025\/08\/WhatsApp-Image-2025-08-14-at-11.02.17-1-350x350.jpeg 350w\" data-expand=\"700\" \/><\/a>\n                <\/div><\/figure><br style=\"clear: both\" \/><figure class='gallery-item'>\n                <div class='gallery-icon landscape'>\n                    <a href='https:\/\/atecordoba.org\/wp-content\/uploads\/2025\/08\/WhatsApp-Image-2025-08-14-at-11.02.17.jpeg'><img loading=\"lazy\" decoding=\"async\" width=\"150\" height=\"150\" src=\"\" class=\"attachment-thumbnail size-thumbnail lazyload\" alt=\"\" data-src=\"https:\/\/atecordoba.org\/wp-content\/uploads\/2025\/08\/WhatsApp-Image-2025-08-14-at-11.02.17-150x150.jpeg\" data-sizes=\"auto\" data-srcset=\"https:\/\/atecordoba.org\/wp-content\/uploads\/2025\/08\/WhatsApp-Image-2025-08-14-at-11.02.17-150x150.jpeg 150w, https:\/\/atecordoba.org\/wp-content\/uploads\/2025\/08\/WhatsApp-Image-2025-08-14-at-11.02.17-560x560.jpeg 560w, https:\/\/atecordoba.org\/wp-content\/uploads\/2025\/08\/WhatsApp-Image-2025-08-14-at-11.02.17-75x75.jpeg 75w, https:\/\/atecordoba.org\/wp-content\/uploads\/2025\/08\/WhatsApp-Image-2025-08-14-at-11.02.17-350x350.jpeg 350w\" data-expand=\"700\" \/><\/a>\n                <\/div><\/figure><figure class='gallery-item'>\n                <div class='gallery-icon portrait'>\n                    <a href='https:\/\/atecordoba.org\/wp-content\/uploads\/2025\/08\/WhatsApp-Image-2025-08-14-at-11.02.18-2.jpeg'><img loading=\"lazy\" decoding=\"async\" width=\"150\" height=\"150\" src=\"\" class=\"attachment-thumbnail size-thumbnail lazyload\" alt=\"\" data-src=\"https:\/\/atecordoba.org\/wp-content\/uploads\/2025\/08\/WhatsApp-Image-2025-08-14-at-11.02.18-2-150x150.jpeg\" data-sizes=\"auto\" data-srcset=\"https:\/\/atecordoba.org\/wp-content\/uploads\/2025\/08\/WhatsApp-Image-2025-08-14-at-11.02.18-2-150x150.jpeg 150w, https:\/\/atecordoba.org\/wp-content\/uploads\/2025\/08\/WhatsApp-Image-2025-08-14-at-11.02.18-2-560x560.jpeg 560w, https:\/\/atecordoba.org\/wp-content\/uploads\/2025\/08\/WhatsApp-Image-2025-08-14-at-11.02.18-2-75x75.jpeg 75w, https:\/\/atecordoba.org\/wp-content\/uploads\/2025\/08\/WhatsApp-Image-2025-08-14-at-11.02.18-2-350x350.jpeg 350w\" data-expand=\"700\" \/><\/a>\n                <\/div><\/figure><figure class='gallery-item'>\n                <div class='gallery-icon landscape'>\n                    <a href='https:\/\/atecordoba.org\/wp-content\/uploads\/2025\/08\/WhatsApp-Image-2025-08-14-at-11.02.20-1.jpeg'><img loading=\"lazy\" decoding=\"async\" width=\"150\" height=\"150\" src=\"\" class=\"attachment-thumbnail size-thumbnail lazyload\" alt=\"\" data-src=\"https:\/\/atecordoba.org\/wp-content\/uploads\/2025\/08\/WhatsApp-Image-2025-08-14-at-11.02.20-1-150x150.jpeg\" data-sizes=\"auto\" data-srcset=\"https:\/\/atecordoba.org\/wp-content\/uploads\/2025\/08\/WhatsApp-Image-2025-08-14-at-11.02.20-1-150x150.jpeg 150w, https:\/\/atecordoba.org\/wp-content\/uploads\/2025\/08\/WhatsApp-Image-2025-08-14-at-11.02.20-1-560x560.jpeg 560w, https:\/\/atecordoba.org\/wp-content\/uploads\/2025\/08\/WhatsApp-Image-2025-08-14-at-11.02.20-1-75x75.jpeg 75w, https:\/\/atecordoba.org\/wp-content\/uploads\/2025\/08\/WhatsApp-Image-2025-08-14-at-11.02.20-1-350x350.jpeg 350w\" data-expand=\"700\" \/><\/a>\n                <\/div><\/figure><br style=\"clear: both\" \/>\n            <\/div>\n\n","protected":false},"excerpt":{"rendered":"<p>En el marco de las pol\u00edticas de formaci\u00f3n para estatales de toda el territorio que ATE viene desarrollando en las seccionales del interior provincial, ayer se desarroll\u00f3 el segundo m\u00f3dulo de las Jornadas sobre Derecho Laboral y Derecho Colectivo, organizadas por ATE Cruz del Eje. Encabezada por el secretario General de la seccional, Juan pablo [&hellip;]<\/p>\n","protected":false},"author":7,"featured_media":50105,"comment_status":"open","ping_status":"open","sticky":false,"template":"","format":"standard","meta":{"_exactmetrics_skip_tracking":false,"_exactmetrics_sitenote_active":false,"_exactmetrics_sitenote_note":"","_exactmetrics_sitenote_category":0,"jnews-multi-image_gallery":[],"jnews_single_post":{"format":"standard","override":[{"template":"1","parallax":"1","fullscreen":"1","layout":"no-sidebar-narrow","sidebar":"default-sidebar","second_sidebar":"default-sidebar","sticky_sidebar":"1","share_position":"bottom","share_float_style":"share-monocrhome","show_share_counter":"1","show_view_counter":"1","show_post_meta":"1","show_post_author_image":"1","show_post_date":"1","post_date_format":"default","post_date_format_custom":"Y\/m\/d","show_post_category":"1","show_post_reading_time":"0","post_reading_time_wpm":"300","post_calculate_word_method":"str_word_count","show_zoom_button":"0","zoom_button_out_step":"2","zoom_button_in_step":"3","show_post_tag":"1","number_popup_post":"1","show_post_related":"1","show_inline_post_related":"0"}],"image_override":[{"single_post_thumbnail_size":"crop-500","single_post_gallery_size":"crop-500"}],"trending_post_position":"meta","trending_post_label":"Trending","sponsored_post_label":"Sponsored by","disable_ad":"0"},"jnews_primary_category":[],"jnews_social_meta":[],"jnews_review":[],"enable_review":"","type":"percentage","name":"","summary":"","brand":"","sku":"","good":[],"bad":[],"score_override":"","override_value":"","rating":[],"price":[],"jnews_override_counter":{"view_counter_number":"0","share_counter_number":"0","like_counter_number":"0","dislike_counter_number":"0"},"jnews_post_split":{"post_split":[{"template":"1","tag":"h2","numbering":"asc","mode":"normal","first":"0","enable_toc":"0","toc_type":"normal"}]},"footnotes":""},"categories":[88],"tags":[],"class_list":["post-50104","post","type-post","status-publish","format-standard","has-post-thumbnail","hentry","category-formacion"],"jetpack_featured_media_url":"https:\/\/atecordoba.org\/wp-content\/uploads\/2025\/08\/WhatsApp-Image-2025-08-14-at-11.02.17-2.jpeg","_links":{"self":[{"href":"https:\/\/atecordoba.org\/index.php?rest_route=\/wp\/v2\/posts\/50104","targetHints":{"allow":["GET"]}}],"collection":[{"href":"https:\/\/atecordoba.org\/index.php?rest_route=\/wp\/v2\/posts"}],"about":[{"href":"https:\/\/atecordoba.org\/index.php?rest_route=\/wp\/v2\/types\/post"}],"author":[{"embeddable":true,"href":"https:\/\/atecordoba.org\/index.php?rest_route=\/wp\/v2\/users\/7"}],"replies":[{"embeddable":true,"href":"https:\/\/atecordoba.org\/index.php?rest_route=%2Fwp%2Fv2%2Fcomments&post=50104"}],"version-history":[{"count":2,"href":"https:\/\/atecordoba.org\/index.php?rest_route=\/wp\/v2\/posts\/50104\/revisions"}],"predecessor-version":[{"id":50133,"href":"https:\/\/atecordoba.org\/index.php?rest_route=\/wp\/v2\/posts\/50104\/revisions\/50133"}],"wp:featuredmedia":[{"embeddable":true,"href":"https:\/\/atecordoba.org\/index.php?rest_route=\/wp\/v2\/media\/50105"}],"wp:attachment":[{"href":"https:\/\/atecordoba.org\/index.php?rest_route=%2Fwp%2Fv2%2Fmedia&parent=50104"}],"wp:term":[{"taxonomy":"category","embeddable":true,"href":"https:\/\/atecordoba.org\/index.php?rest_route=%2Fwp%2Fv2%2Fcategories&post=50104"},{"taxonomy":"post_tag","embeddable":true,"href":"https:\/\/atecordoba.org\/index.php?rest_route=%2Fwp%2Fv2%2Ftags&post=50104"}],"curies":[{"name":"wp","href":"https:\/\/api.w.org\/{rel}","templated":true}]}}