{"id":50101,"date":"2025-08-14T14:42:05","date_gmt":"2025-08-14T17:42:05","guid":{"rendered":"https:\/\/atecordoba.org\/?p=50101"},"modified":"2025-08-14T14:42:05","modified_gmt":"2025-08-14T17:42:05","slug":"persecucion-antisindical-y-cesantia-en-la-municipalidad-de-san-francisco","status":"publish","type":"post","link":"https:\/\/atecordoba.org\/?p=50101","title":{"rendered":"Persecuci\u00f3n antisindical y cesant\u00eda en la Municipalidad de San Francisco"},"content":{"rendered":"<p><img loading=\"lazy\" decoding=\"async\" class=\"aligncenter wp-image-50117 \" src=\"https:\/\/atecordoba.org\/wp-content\/uploads\/2025\/08\/WhatsApp-Image-2025-08-14-at-13.24.05-1024x562.jpeg\" alt=\"\" width=\"626\" height=\"344\" srcset=\"https:\/\/atecordoba.org\/wp-content\/uploads\/2025\/08\/WhatsApp-Image-2025-08-14-at-13.24.05-1024x562.jpeg 1024w, https:\/\/atecordoba.org\/wp-content\/uploads\/2025\/08\/WhatsApp-Image-2025-08-14-at-13.24.05-300x165.jpeg 300w, https:\/\/atecordoba.org\/wp-content\/uploads\/2025\/08\/WhatsApp-Image-2025-08-14-at-13.24.05-768x422.jpeg 768w, https:\/\/atecordoba.org\/wp-content\/uploads\/2025\/08\/WhatsApp-Image-2025-08-14-at-13.24.05-750x412.jpeg 750w, https:\/\/atecordoba.org\/wp-content\/uploads\/2025\/08\/WhatsApp-Image-2025-08-14-at-13.24.05.jpeg 1080w\" sizes=\"auto, (max-width: 626px) 100vw, 626px\" \/>ATE repudia la persecuci\u00f3n antisindical que impone la gesti\u00f3n del Intendente Dami\u00e1n Bernarte en la Municipalidad de San Francisco, pol\u00edtica de corte antidemocr\u00e1tico que sufri\u00f3 en carne propia el compa\u00f1ero Mario Bongiovani, referente de las y los trabajadores municipales que fue cesanteado aduciendo faltas injustificadas y desconociendo los permisos gremiales presentados oportunamente, que luego el propio Departamento Ejecutivo para aplicar un castigo arbitrario, injustificado y fuera de la normativa vigente.<img loading=\"lazy\" decoding=\"async\" class=\"alignleft wp-image-50118 \" src=\"https:\/\/atecordoba.org\/wp-content\/uploads\/2025\/08\/WhatsApp-Image-2025-08-14-at-13.24.09-768x1024.jpeg\" alt=\"\" width=\"353\" height=\"471\" srcset=\"https:\/\/atecordoba.org\/wp-content\/uploads\/2025\/08\/WhatsApp-Image-2025-08-14-at-13.24.09-768x1024.jpeg 768w, https:\/\/atecordoba.org\/wp-content\/uploads\/2025\/08\/WhatsApp-Image-2025-08-14-at-13.24.09-225x300.jpeg 225w, https:\/\/atecordoba.org\/wp-content\/uploads\/2025\/08\/WhatsApp-Image-2025-08-14-at-13.24.09-1152x1536.jpeg 1152w, https:\/\/atecordoba.org\/wp-content\/uploads\/2025\/08\/WhatsApp-Image-2025-08-14-at-13.24.09-750x1000.jpeg 750w, https:\/\/atecordoba.org\/wp-content\/uploads\/2025\/08\/WhatsApp-Image-2025-08-14-at-13.24.09-1140x1520.jpeg 1140w, https:\/\/atecordoba.org\/wp-content\/uploads\/2025\/08\/WhatsApp-Image-2025-08-14-at-13.24.09.jpeg 1200w\" sizes=\"auto, (max-width: 353px) 100vw, 353px\" \/><\/p>\n<p>ATE cuenta con representaci\u00f3n reconocida en la Municipalidad de la ciudad cabecera del Departamento San Justo, fundamentada en la personer\u00eda gremial N\u00ba2 \u2013la m\u00e1s antigua del pa\u00eds\u2013 y los fallos de la Corte Suprema de Justicia de la Naci\u00f3n, que ya sald\u00f3 cualquier controversia sobre el derecho de las y los municipales para elegir la organizaci\u00f3n sindical que las y los represente.<\/p>\n<p>En ese marco, la trayectoria de Bongiovani como dirigente gremial comienza en 2019, cuando fue designado como delegado normalizador de ATE en la Municipalidad, en la Secretaria de Econom\u00eda, bajo la conducci\u00f3n del Consejo Directivo Provincial encabezado por nuestro secretario General Federico Giuliani, que hab\u00eda ganado las elecciones de ATE C\u00f3rdoba ese a\u00f1o.<\/p>\n<p>De inmediato se desarroll\u00f3 un activismo muy importante en cuanto a la defensa de los y las trabajadoras municipales, a pesar de estar casi un a\u00f1o sin reconocimiento del municipio en cuanto a representaci\u00f3n gremial.<\/p>\n<p>Durante los siguientes a\u00f1os \u201cpor estar dentro de ATE, por ser combativo, funcionarios municipales tomaron la pol\u00edtica de hostigarme, persigui\u00e9ndome a m\u00ed y a mi familia, y violentando las redes sociales con espionaje. Estas circunstancias se pueden constatar en las resoluciones de la Municipalidad, donde argumenta como fundamento para mi cesant\u00eda mis intervenciones en redes sociales, incluso ofreciendo capturas de pantalla como prueba de ello, aduciendo que mis opiniones personales en mis redes personales afectan el decoro de la Municipalidad\u201d, explic\u00f3 Bongiovani.<img loading=\"lazy\" decoding=\"async\" class=\"wp-image-50119  alignright\" src=\"https:\/\/atecordoba.org\/wp-content\/uploads\/2025\/08\/WhatsApp-Image-2025-08-14-at-13.24.25-1024x768.jpeg\" alt=\"\" width=\"359\" height=\"270\" srcset=\"https:\/\/atecordoba.org\/wp-content\/uploads\/2025\/08\/WhatsApp-Image-2025-08-14-at-13.24.25-1024x768.jpeg 1024w, https:\/\/atecordoba.org\/wp-content\/uploads\/2025\/08\/WhatsApp-Image-2025-08-14-at-13.24.25-300x225.jpeg 300w, https:\/\/atecordoba.org\/wp-content\/uploads\/2025\/08\/WhatsApp-Image-2025-08-14-at-13.24.25-768x576.jpeg 768w, https:\/\/atecordoba.org\/wp-content\/uploads\/2025\/08\/WhatsApp-Image-2025-08-14-at-13.24.25-1536x1152.jpeg 1536w, https:\/\/atecordoba.org\/wp-content\/uploads\/2025\/08\/WhatsApp-Image-2025-08-14-at-13.24.25-750x563.jpeg 750w, https:\/\/atecordoba.org\/wp-content\/uploads\/2025\/08\/WhatsApp-Image-2025-08-14-at-13.24.25-1140x855.jpeg 1140w, https:\/\/atecordoba.org\/wp-content\/uploads\/2025\/08\/WhatsApp-Image-2025-08-14-at-13.24.25.jpeg 1600w\" sizes=\"auto, (max-width: 359px) 100vw, 359px\" \/><\/p>\n<p>\u201cA esto se sumaron situaciones de ninguneo y violencia verbal hacia mi persona, violencia laboral continua y desprestigio personal para correrme del plano pol\u00edtico sindical y buscar el desgaste de mi persona, para que me fuera\u201d, prosigui\u00f3 el dirigente. \u201cSiempre estuvimos protagonizando proyectos, algunos elevados al Concejo Deliberante y a la discusi\u00f3n pol\u00edtica p\u00fablica, como la movilidad del trabajo en las categorizaciones, en las agrupaciones profesionales\u201d, explora Bongiovani entre las causas reales que motivaron la persecuci\u00f3n antisindical y el acoso laboral en su lugar de trabajo.<\/p>\n<p><strong>Sumario arbitrario y violencia laboral<\/strong><\/p>\n<p>En ese marco, la Municipalidad instruy\u00f3 un sumario administrativo sin fundamento ni prueba. \u201cNo tengo antecedentes contravencionales, penal ni interno dentro del municipio, todo fue inventado. Y en conclusi\u00f3n, dictan la cesant\u00eda por contar con 10 faltas injustificadas durante 2024, que fueron 10 permisos gremiales presentados en tiempo y forma, cuando anteriormente otros permisos fueron reconocidos y pagados. Despu\u00e9s dijeron que eran nulos e inv\u00e1lidos y los contabilizaron como faltas injustificadas, procedieron al acto administrativo y me sumariaron. La ordenanza 5248 establece que 10 faltas injustificadas en un a\u00f1o calendario son motivo justificado para la cesant\u00eda\u201d, explica el municipal.<img loading=\"lazy\" decoding=\"async\" class=\"aligncenter wp-image-50120 \" src=\"https:\/\/atecordoba.org\/wp-content\/uploads\/2025\/08\/WhatsApp-Image-2025-08-14-at-13.24.24-1024x576.jpeg\" alt=\"\" width=\"620\" height=\"349\" srcset=\"https:\/\/atecordoba.org\/wp-content\/uploads\/2025\/08\/WhatsApp-Image-2025-08-14-at-13.24.24-1024x576.jpeg 1024w, https:\/\/atecordoba.org\/wp-content\/uploads\/2025\/08\/WhatsApp-Image-2025-08-14-at-13.24.24-300x169.jpeg 300w, https:\/\/atecordoba.org\/wp-content\/uploads\/2025\/08\/WhatsApp-Image-2025-08-14-at-13.24.24-768x432.jpeg 768w, https:\/\/atecordoba.org\/wp-content\/uploads\/2025\/08\/WhatsApp-Image-2025-08-14-at-13.24.24-750x422.jpeg 750w, https:\/\/atecordoba.org\/wp-content\/uploads\/2025\/08\/WhatsApp-Image-2025-08-14-at-13.24.24.jpeg 1080w\" sizes=\"auto, (max-width: 620px) 100vw, 620px\" \/><\/p>\n<p>El dirigente detalla que el Departamento Ejecutivo se neg\u00f3 a pagarle el t\u00edtulo profesional en Administraci\u00f3n y Pol\u00edticas P\u00fablicas de la Universidad Nacional de C\u00f3rdoba. \u201cEstuvieron m\u00e1s de tres a\u00f1os destin\u00e1ndome a puestos ingratos como la atenci\u00f3n telef\u00f3nica en la l\u00ednea 103, despu\u00e9s me destinaron a un escritorio sin ordenarme tareas\u201d, en una clara conducta de violencia laboral, frente a lo cual Bongiovani present\u00f3 notas reclamando tareas \u201cporque pretendo servir a la comunidad como trabajador municipal\u201d.<\/p>\n<p>En esa l\u00ednea, el dirigente a\u00f1ade que \u201cen m\u00e1s de una oportunidad present\u00e9 proyectos en el Concejo Deliberante para el ingreso por concurso p\u00fablico de antecedentes y oposici\u00f3n por m\u00e9rito, y no por nepotismo como se han venido realizado durante el gobierno municipal de Mart\u00edn Llaryora y su continuidad con Ignacio Garc\u00eda Aresca y actualmente con Bernarte. Ellos vinculan a los amigos del deporte y de sus familias\u201d, denuncia.<img loading=\"lazy\" decoding=\"async\" class=\"aligncenter wp-image-50122 \" src=\"https:\/\/atecordoba.org\/wp-content\/uploads\/2025\/08\/WhatsApp-Image-2025-08-14-at-13.24.25-1-1-1024x683.jpeg\" alt=\"\" width=\"615\" height=\"410\" srcset=\"https:\/\/atecordoba.org\/wp-content\/uploads\/2025\/08\/WhatsApp-Image-2025-08-14-at-13.24.25-1-1-1024x683.jpeg 1024w, https:\/\/atecordoba.org\/wp-content\/uploads\/2025\/08\/WhatsApp-Image-2025-08-14-at-13.24.25-1-1-300x200.jpeg 300w, https:\/\/atecordoba.org\/wp-content\/uploads\/2025\/08\/WhatsApp-Image-2025-08-14-at-13.24.25-1-1-768x512.jpeg 768w, https:\/\/atecordoba.org\/wp-content\/uploads\/2025\/08\/WhatsApp-Image-2025-08-14-at-13.24.25-1-1-750x500.jpeg 750w, https:\/\/atecordoba.org\/wp-content\/uploads\/2025\/08\/WhatsApp-Image-2025-08-14-at-13.24.25-1-1-1140x761.jpeg 1140w, https:\/\/atecordoba.org\/wp-content\/uploads\/2025\/08\/WhatsApp-Image-2025-08-14-at-13.24.25-1-1.jpeg 1280w\" sizes=\"auto, (max-width: 615px) 100vw, 615px\" \/><\/p>\n<p><strong>Compromiso social<\/strong><\/p>\n<p>A todo esto, se suma un perfil de trabajador comprometido con su comunidad, con una mirada cr\u00edtica de las gestiones pol\u00edtica que se vienen haciendo cargo de la Municipalidad de San Francisco los \u00faltimos tres mandatos.<\/p>\n<p>\u201cMis proyectos tuvieron repercusi\u00f3n medi\u00e1tica, con fuerte trabajo en merenderos y comedores de San Francisco, siendo presidente de una sociedad civil llamada Actitud Ciudadana para hacer trabajo social en los barrios m\u00e1s vulnerables de la periferia de la ciudad\u201d, apunta Bongiovani.<\/p>\n<p>Y finaliza: \u201ctambi\u00e9n encabezo una consultora, siempre trabajando en la defensa de los y las trabajadoras municipales donde trabaj\u00e9. Entre los proyectos se destaca el de mejoras en los actos administrativos, en las resoluciones de las nuevas tecnolog\u00edas y las formas de comunicar la gesti\u00f3n municipal\u201d.<img loading=\"lazy\" decoding=\"async\" class=\"aligncenter wp-image-50123 \" src=\"https:\/\/atecordoba.org\/wp-content\/uploads\/2025\/08\/WhatsApp-Image-2025-08-13-at-14.20.33-1-1024x576.jpeg\" alt=\"\" width=\"622\" height=\"350\" srcset=\"https:\/\/atecordoba.org\/wp-content\/uploads\/2025\/08\/WhatsApp-Image-2025-08-13-at-14.20.33-1-1024x576.jpeg 1024w, https:\/\/atecordoba.org\/wp-content\/uploads\/2025\/08\/WhatsApp-Image-2025-08-13-at-14.20.33-1-300x169.jpeg 300w, https:\/\/atecordoba.org\/wp-content\/uploads\/2025\/08\/WhatsApp-Image-2025-08-13-at-14.20.33-1-768x432.jpeg 768w, https:\/\/atecordoba.org\/wp-content\/uploads\/2025\/08\/WhatsApp-Image-2025-08-13-at-14.20.33-1-750x422.jpeg 750w, https:\/\/atecordoba.org\/wp-content\/uploads\/2025\/08\/WhatsApp-Image-2025-08-13-at-14.20.33-1.jpeg 1080w\" sizes=\"auto, (max-width: 622px) 100vw, 622px\" \/><\/p>\n<p>Es en ese perfil de trabajador comprometido con su comunidad y reafirmado en la defensa de sus compa\u00f1eros y compa\u00f1eros lo que lo puso en foco del Departamento Ejecutivo.<\/p>\n<p>Frente a este atropello arbitrario que intenta sentar un precedente en la Municipalidad de San Francisco, ATE C\u00f3rdoba ratifica su respaldo gremial, pol\u00edtico e institucional al compa\u00f1ero, mientras el equipo legal de nuestra organizaci\u00f3n tramita en la Justicia de San Justo la reinstalaci\u00f3n del dirigente en su puesto de trabajo y su reconocimiento como trabajador municipal, dando por tierra la campa\u00f1a de persecuci\u00f3n puesta en marcha por el Departamento Ejecutivo<\/p>\n","protected":false},"excerpt":{"rendered":"<p>ATE repudia la persecuci\u00f3n antisindical que impone la gesti\u00f3n del Intendente Dami\u00e1n Bernarte en la Municipalidad de San Francisco, pol\u00edtica de corte antidemocr\u00e1tico que sufri\u00f3 en carne propia el compa\u00f1ero Mario Bongiovani, referente de las y los trabajadores municipales que fue cesanteado aduciendo faltas injustificadas y desconociendo los permisos gremiales presentados oportunamente, que luego el [&hellip;]<\/p>\n","protected":false},"author":7,"featured_media":50117,"comment_status":"open","ping_status":"open","sticky":false,"template":"","format":"standard","meta":{"_exactmetrics_skip_tracking":false,"_exactmetrics_sitenote_active":false,"_exactmetrics_sitenote_note":"","_exactmetrics_sitenote_category":0,"jnews-multi-image_gallery":[],"jnews_single_post":{"format":"standard","override":[{"template":"1","parallax":"1","fullscreen":"1","layout":"no-sidebar-narrow","sidebar":"default-sidebar","second_sidebar":"default-sidebar","sticky_sidebar":"1","share_position":"bottom","share_float_style":"share-monocrhome","show_share_counter":"1","show_view_counter":"1","show_post_meta":"1","show_post_author_image":"1","show_post_date":"1","post_date_format":"default","post_date_format_custom":"Y\/m\/d","show_post_category":"1","show_post_reading_time":"0","post_reading_time_wpm":"300","post_calculate_word_method":"str_word_count","show_zoom_button":"0","zoom_button_out_step":"2","zoom_button_in_step":"3","show_post_tag":"1","number_popup_post":"1","show_post_related":"1","show_inline_post_related":"0"}],"image_override":[{"single_post_thumbnail_size":"crop-500","single_post_gallery_size":"crop-500"}],"trending_post_position":"meta","trending_post_label":"Trending","sponsored_post_label":"Sponsored by","disable_ad":"0"},"jnews_primary_category":[],"jnews_social_meta":[],"jnews_review":[],"enable_review":"","type":"percentage","name":"","summary":"","brand":"","sku":"","good":[],"bad":[],"score_override":"","override_value":"","rating":[],"price":[],"jnews_override_counter":{"view_counter_number":"0","share_counter_number":"0","like_counter_number":"0","dislike_counter_number":"0"},"jnews_post_split":{"post_split":[{"template":"1","tag":"h2","numbering":"asc","mode":"normal","first":"0","enable_toc":"0","toc_type":"normal"}]},"footnotes":""},"categories":[20],"tags":[],"class_list":["post-50101","post","type-post","status-publish","format-standard","has-post-thumbnail","hentry","category-municipales"],"jetpack_featured_media_url":"https:\/\/atecordoba.org\/wp-content\/uploads\/2025\/08\/WhatsApp-Image-2025-08-14-at-13.24.05.jpeg","_links":{"self":[{"href":"https:\/\/atecordoba.org\/index.php?rest_route=\/wp\/v2\/posts\/50101","targetHints":{"allow":["GET"]}}],"collection":[{"href":"https:\/\/atecordoba.org\/index.php?rest_route=\/wp\/v2\/posts"}],"about":[{"href":"https:\/\/atecordoba.org\/index.php?rest_route=\/wp\/v2\/types\/post"}],"author":[{"embeddable":true,"href":"https:\/\/atecordoba.org\/index.php?rest_route=\/wp\/v2\/users\/7"}],"replies":[{"embeddable":true,"href":"https:\/\/atecordoba.org\/index.php?rest_route=%2Fwp%2Fv2%2Fcomments&post=50101"}],"version-history":[{"count":3,"href":"https:\/\/atecordoba.org\/index.php?rest_route=\/wp\/v2\/posts\/50101\/revisions"}],"predecessor-version":[{"id":50124,"href":"https:\/\/atecordoba.org\/index.php?rest_route=\/wp\/v2\/posts\/50101\/revisions\/50124"}],"wp:featuredmedia":[{"embeddable":true,"href":"https:\/\/atecordoba.org\/index.php?rest_route=\/wp\/v2\/media\/50117"}],"wp:attachment":[{"href":"https:\/\/atecordoba.org\/index.php?rest_route=%2Fwp%2Fv2%2Fmedia&parent=50101"}],"wp:term":[{"taxonomy":"category","embeddable":true,"href":"https:\/\/atecordoba.org\/index.php?rest_route=%2Fwp%2Fv2%2Fcategories&post=50101"},{"taxonomy":"post_tag","embeddable":true,"href":"https:\/\/atecordoba.org\/index.php?rest_route=%2Fwp%2Fv2%2Ftags&post=50101"}],"curies":[{"name":"wp","href":"https:\/\/api.w.org\/{rel}","templated":true}]}}