{"id":5009,"date":"2015-02-24T16:08:58","date_gmt":"2015-02-24T19:08:58","guid":{"rendered":"http:\/\/www.atecordoba.org\/?p=5009"},"modified":"2015-02-24T16:08:58","modified_gmt":"2015-02-24T19:08:58","slug":"los-provinciales-reclamamos-una-suma-fija-de-aumento-y-el-fin-de-la-discriminacion","status":"publish","type":"post","link":"https:\/\/atecordoba.org\/?p=5009","title":{"rendered":"Los provinciales reclamamos una suma fija de aumento y el fin de la discriminaci\u00f3n"},"content":{"rendered":"<p style=\"text-align: left;\" align=\"center\"><em>Comunicado de prensa del Consejo Directivo Provincial expresando la posici\u00f3n de ATE respecto a la pauta salarial anunciada por el gobierno.<\/em><\/p>\n<p style=\"text-align: left;\" align=\"center\"><a href=\"http:\/\/www.atecordoba.org\/wp-content\/uploads\/2014\/11\/foto-firma-editorial.jpg\"><img loading=\"lazy\" decoding=\"async\" class=\"aligncenter size-full wp-image-4704\" src=\"http:\/\/www.atecordoba.org\/wp-content\/uploads\/2014\/11\/foto-firma-editorial.jpg\" alt=\"foto firma editorial\" width=\"480\" height=\"640\" \/><\/a><\/p>\n<p style=\"text-align: left;\" align=\"center\">Ante la pauta\u00a0salarial que el gobierno provincial estableci\u00f3 para el corriente a\u00f1o, ATE reafirma el reclamo de una suma fija de 5000 pesos al b\u00e1sico para todos los trabajadores provinciales.<\/p>\n<p>Vale se\u00f1alar que el incremento de precios de los productos b\u00e1sicos es uniforme para todos, independientemente de la categor\u00eda que hayan logrado. As\u00ed, la carne, el pan, el papel higi\u00e9nico o el arroz se cobra por igual los comercios, m\u00e1s all\u00e1 del cargo que tenga cada compa\u00f1ero.<\/p>\n<p>Esta recomposici\u00f3n apenas compensa lo que perdimos de capacidad adquisitiva durante el a\u00f1o pasado, cuando la inflaci\u00f3n super\u00f3 ampliamente los acuerdos salariales, que nuestro gremio rechaz\u00f3 en su oportunidad.<\/p>\n<p>En ese sentido, tampoco estamos de acuerdo con las sumas no remunerativas que se estipularon, ya que sostenemos que todos los aumentos deben realizarse al b\u00e1sico, por el impacto que genera en los jubilados. De otra forma, estar\u00edamos avalando la profundizaci\u00f3n de la estafa previsional que el gobierno cordob\u00e9s viene perpetrando con los trabajadores que aportaron a la Caja de Jubilaciones durante toda su vida laboral.<\/p>\n<p>En consecuencia, reclamamos salarios que cubran la canasta familiar para lograr la dignidad que nos merecemos como trabajadores y no acuerdo a las apuradas para garantizar al gobernador tapas de los diarios durante el a\u00f1o electoral.<\/p>\n<p>De la misma forma, desde ATE dejamos expresamente aclarado que no podemos rechazar un acuerdo del que no tenemos conocimiento, toda vez que el gobierno no nos convoc\u00f3 a la discusi\u00f3n de haberes del 2015, a pesar de la obligaci\u00f3n legal que se lo exige.<\/p>\n<p>Al mando de Jos\u00e9 Manuel de la Sota, el Ejecutivo provincial mantiene vigente su pol\u00edtica discriminatoria con ATE, sin cumplir con los fallos judiciales por todos conocidos y la legislaci\u00f3n laboral para el \u00e1mbito del Estado.<\/p>\n<p>Esto confirma el perfil autoritario y discriminador de un gobierno que funda su costosa campa\u00f1a publicitaria sobre las espaldas de los trabajadores activos y los jubilados. Por eso afirmamos que el supuesto \u2018estilo dialoguista\u2019, que el gobernador promociona en su costosa campa\u00f1a proselitista, no tiene correlato con la realidad en C\u00f3rdoba.<\/p>\n<p>Por todo ello, continuaremos reclamando y organizando a los trabajadores hasta que nuestros justos reclamos sean escuchados.<\/p>\n<p><b><span id=\"OBJ_PREFIX_DWT194_com_zimbra_date\" class=\"Object\">2 de marzo<\/span>, paro nacional<\/b><\/p>\n<p>El pr\u00f3ximo <span id=\"OBJ_PREFIX_DWT195_com_zimbra_date\" class=\"Object\">2 de marzo<\/span> se llevar\u00e1 a cabo un paro nacional de los estatales nacionales, provinciales y municipales, conforme lo resuelto por la mesa nacional de ATE. Aun resta determinar la modalidad de la medida de fuerza, que se informar\u00e1 durante el transcurso de la semana.<\/p>\n<p style=\"text-align: right;\">Mar\u00eda Teresa Romero<\/p>\n<p style=\"text-align: right;\">Secretaria General<\/p>\n<p style=\"text-align: right;\">ATE C\u00f3rdoba<\/p>\n","protected":false},"excerpt":{"rendered":"<p>Comunicado de prensa del Consejo Directivo Provincial expresando la posici\u00f3n de ATE respecto a la pauta salarial anunciada por el gobierno. Ante la pauta\u00a0salarial que el gobierno provincial estableci\u00f3 para el corriente a\u00f1o, ATE reafirma el reclamo de una suma fija de 5000 pesos al b\u00e1sico para todos los trabajadores provinciales. Vale se\u00f1alar que el [&hellip;]<\/p>\n","protected":false},"author":1,"featured_media":19220,"comment_status":"open","ping_status":"open","sticky":false,"template":"","format":"standard","meta":{"_exactmetrics_skip_tracking":false,"_exactmetrics_sitenote_active":false,"_exactmetrics_sitenote_note":"","_exactmetrics_sitenote_category":0,"jnews-multi-image_gallery":[],"jnews_single_post":[],"jnews_primary_category":[],"jnews_social_meta":[],"jnews_review":[],"enable_review":"","type":"","name":"","summary":"","brand":"","sku":"","good":[],"bad":[],"score_override":"","override_value":"","rating":[],"price":[],"jnews_override_counter":[],"jnews_post_split":[],"footnotes":""},"categories":[53,7,8],"tags":[],"class_list":["post-5009","post","type-post","status-publish","format-standard","has-post-thumbnail","hentry","category-comunicados-de-prensa","category-hospitales","category-provinciales"],"jetpack_featured_media_url":"https:\/\/atecordoba.org\/wp-content\/uploads\/2020\/05\/logo-nuevochico-e1561581322808.png","_links":{"self":[{"href":"https:\/\/atecordoba.org\/index.php?rest_route=\/wp\/v2\/posts\/5009","targetHints":{"allow":["GET"]}}],"collection":[{"href":"https:\/\/atecordoba.org\/index.php?rest_route=\/wp\/v2\/posts"}],"about":[{"href":"https:\/\/atecordoba.org\/index.php?rest_route=\/wp\/v2\/types\/post"}],"author":[{"embeddable":true,"href":"https:\/\/atecordoba.org\/index.php?rest_route=\/wp\/v2\/users\/1"}],"replies":[{"embeddable":true,"href":"https:\/\/atecordoba.org\/index.php?rest_route=%2Fwp%2Fv2%2Fcomments&post=5009"}],"version-history":[{"count":0,"href":"https:\/\/atecordoba.org\/index.php?rest_route=\/wp\/v2\/posts\/5009\/revisions"}],"wp:featuredmedia":[{"embeddable":true,"href":"https:\/\/atecordoba.org\/index.php?rest_route=\/wp\/v2\/media\/19220"}],"wp:attachment":[{"href":"https:\/\/atecordoba.org\/index.php?rest_route=%2Fwp%2Fv2%2Fmedia&parent=5009"}],"wp:term":[{"taxonomy":"category","embeddable":true,"href":"https:\/\/atecordoba.org\/index.php?rest_route=%2Fwp%2Fv2%2Fcategories&post=5009"},{"taxonomy":"post_tag","embeddable":true,"href":"https:\/\/atecordoba.org\/index.php?rest_route=%2Fwp%2Fv2%2Ftags&post=5009"}],"curies":[{"name":"wp","href":"https:\/\/api.w.org\/{rel}","templated":true}]}}