{"id":50083,"date":"2025-08-13T15:00:02","date_gmt":"2025-08-13T18:00:02","guid":{"rendered":"https:\/\/atecordoba.org\/?p=50083"},"modified":"2025-08-13T15:15:08","modified_gmt":"2025-08-13T18:15:08","slug":"los-hornillos-sexto-dia-de-asamblea-en-la-comuna-para-exigir-el-cumplimiento-del-acta-acuerdo-de-junio-que-fijo-20-de-aumento-salarial","status":"publish","type":"post","link":"https:\/\/atecordoba.org\/?p=50083","title":{"rendered":"Los Hornillos: sexto d\u00eda de asamblea en la Comuna para exigir el cumplimiento del acta-acuerdo de junio que fij\u00f3 20% de aumento salarial"},"content":{"rendered":"<p><img loading=\"lazy\" decoding=\"async\" class=\"aligncenter wp-image-50084 \" src=\"https:\/\/atecordoba.org\/wp-content\/uploads\/2025\/08\/WhatsApp-Image-2025-08-13-at-14.09.55-2-1024x576.jpeg\" alt=\"\" width=\"631\" height=\"355\" srcset=\"https:\/\/atecordoba.org\/wp-content\/uploads\/2025\/08\/WhatsApp-Image-2025-08-13-at-14.09.55-2-1024x576.jpeg 1024w, https:\/\/atecordoba.org\/wp-content\/uploads\/2025\/08\/WhatsApp-Image-2025-08-13-at-14.09.55-2-300x169.jpeg 300w, https:\/\/atecordoba.org\/wp-content\/uploads\/2025\/08\/WhatsApp-Image-2025-08-13-at-14.09.55-2-768x432.jpeg 768w, https:\/\/atecordoba.org\/wp-content\/uploads\/2025\/08\/WhatsApp-Image-2025-08-13-at-14.09.55-2-1536x864.jpeg 1536w, https:\/\/atecordoba.org\/wp-content\/uploads\/2025\/08\/WhatsApp-Image-2025-08-13-at-14.09.55-2-750x422.jpeg 750w, https:\/\/atecordoba.org\/wp-content\/uploads\/2025\/08\/WhatsApp-Image-2025-08-13-at-14.09.55-2-1140x641.jpeg 1140w, https:\/\/atecordoba.org\/wp-content\/uploads\/2025\/08\/WhatsApp-Image-2025-08-13-at-14.09.55-2.jpeg 1600w\" sizes=\"auto, (max-width: 631px) 100vw, 631px\" \/>Los y las trabajadoras municipales de Los Hornillos llevaron adelante una masiva asamblea, convocada por ATE en las puertas de la Comuna, continuando con una seguidilla de medidas de fuerza en reclamo del cumplimiento de los acuerdos salariales de junio pasado.<\/p>\n<p>El Departamento Ejecutivo a cargo de la jefa comunal Carolina Caballero a\u00fan no hizo efectivos el pago del aumento del 20% para el personal de planta y un bono de 100 mil pesos para las y los no registrados, mientras cierra las puertas al di\u00e1logo, somete a los y las trabajadoras a las inclemencias de salarios de miseria y entorpece la atenci\u00f3n a la comunidad, que observa pasmada la falta total de gesti\u00f3n que sufre Los Hornillos. <img loading=\"lazy\" decoding=\"async\" class=\"aligncenter wp-image-50085 \" src=\"https:\/\/atecordoba.org\/wp-content\/uploads\/2025\/08\/WhatsApp-Image-2025-08-13-at-14.09.53-2-1024x770.jpeg\" alt=\"\" width=\"617\" height=\"464\" srcset=\"https:\/\/atecordoba.org\/wp-content\/uploads\/2025\/08\/WhatsApp-Image-2025-08-13-at-14.09.53-2-1024x770.jpeg 1024w, https:\/\/atecordoba.org\/wp-content\/uploads\/2025\/08\/WhatsApp-Image-2025-08-13-at-14.09.53-2-300x226.jpeg 300w, https:\/\/atecordoba.org\/wp-content\/uploads\/2025\/08\/WhatsApp-Image-2025-08-13-at-14.09.53-2-768x578.jpeg 768w, https:\/\/atecordoba.org\/wp-content\/uploads\/2025\/08\/WhatsApp-Image-2025-08-13-at-14.09.53-2-750x564.jpeg 750w, https:\/\/atecordoba.org\/wp-content\/uploads\/2025\/08\/WhatsApp-Image-2025-08-13-at-14.09.53-2-1140x858.jpeg 1140w, https:\/\/atecordoba.org\/wp-content\/uploads\/2025\/08\/WhatsApp-Image-2025-08-13-at-14.09.53-2.jpeg 1280w\" sizes=\"auto, (max-width: 617px) 100vw, 617px\" \/><\/p>\n<p>En una nota cursada a la Comuna, ATE denunci\u00f3 &#8220;el comportamiento antisindical que tiene este Municipio respecto a los espacios de negociaci\u00f3n colectiva solicitados oportunamente, ya que pese a los compromisos asumidos en audiencia con nuestra organizaci\u00f3n sindical el 20 de junio, no mantuvo el espacio de di\u00e1logo institucional, interrumpiendo una negociaci\u00f3n que se hab\u00eda comprometido avanzar para otorgar un aumento salarial&#8221;.<\/p>\n<p>Cabe mencionar que\u00a0el 4 de agosto pasado debi\u00f3 realizarse una audiencia pactada anteriormente pero llegado el momento de la cita &#8220;ning\u00fan funcionario ni funcionaria se hizo presente en el lugar, es decir, no hubo autoridad competente que pudiera escuchar nuestros pedidos y evaluar las condiciones de labor por parte de los\/as trabajadores\/as de este municipio&#8221;.<img loading=\"lazy\" decoding=\"async\" class=\"aligncenter wp-image-50086 \" src=\"https:\/\/atecordoba.org\/wp-content\/uploads\/2025\/08\/WhatsApp-Image-2025-08-13-at-14.09.56-1024x770.jpeg\" alt=\"\" width=\"616\" height=\"463\" srcset=\"https:\/\/atecordoba.org\/wp-content\/uploads\/2025\/08\/WhatsApp-Image-2025-08-13-at-14.09.56-1024x770.jpeg 1024w, https:\/\/atecordoba.org\/wp-content\/uploads\/2025\/08\/WhatsApp-Image-2025-08-13-at-14.09.56-300x226.jpeg 300w, https:\/\/atecordoba.org\/wp-content\/uploads\/2025\/08\/WhatsApp-Image-2025-08-13-at-14.09.56-768x578.jpeg 768w, https:\/\/atecordoba.org\/wp-content\/uploads\/2025\/08\/WhatsApp-Image-2025-08-13-at-14.09.56-750x564.jpeg 750w, https:\/\/atecordoba.org\/wp-content\/uploads\/2025\/08\/WhatsApp-Image-2025-08-13-at-14.09.56-1140x858.jpeg 1140w, https:\/\/atecordoba.org\/wp-content\/uploads\/2025\/08\/WhatsApp-Image-2025-08-13-at-14.09.56.jpeg 1280w\" sizes=\"auto, (max-width: 616px) 100vw, 616px\" \/><\/p>\n<p>Debido a ello ATE fustig\u00f3 a la gesti\u00f3n de Caballero a criticar que &#8220;este Departamento Ejecutivo no se puede percibir fuera de estas obligaciones. Por el contrario, est\u00e1 obligado a negociar colectivamente, est\u00e1 obligado a participar con poder suficiente en las negociaciones y est\u00e1 obligado a contribuir a la realizaci\u00f3n de acuerdos. Por eso evita las reuniones, fija reuniones a donde manda funcionarios sin poder suficiente o simplemente aplaza las fechas en las cuales la convoca, o niega la posibilidad de reuniones sin justificaci\u00f3n alguna, cometiendo un il\u00edcito de orden laboral grave&#8221;.<\/p>\n<p>Por esto y otras razones, ATE hizo expresa reserva de denuncia administrativa y judicialmente a la autoridad administrativa por comportamiento antisindical.<\/p>\n<p>&nbsp;<\/p>\n<div id='gallery_1' class='gallery galleryid-50083 gallery-columns-3 gallery-size-thumbnail'><figure class='gallery-item'>\n                <div class='gallery-icon landscape'>\n                    <a href='https:\/\/atecordoba.org\/wp-content\/uploads\/2025\/08\/WhatsApp-Image-2025-08-13-at-14.09.58.jpeg'><img loading=\"lazy\" decoding=\"async\" width=\"150\" height=\"150\" src=\"\" class=\"attachment-thumbnail size-thumbnail lazyload\" alt=\"\" data-src=\"https:\/\/atecordoba.org\/wp-content\/uploads\/2025\/08\/WhatsApp-Image-2025-08-13-at-14.09.58-150x150.jpeg\" data-sizes=\"auto\" data-srcset=\"https:\/\/atecordoba.org\/wp-content\/uploads\/2025\/08\/WhatsApp-Image-2025-08-13-at-14.09.58-150x150.jpeg 150w, https:\/\/atecordoba.org\/wp-content\/uploads\/2025\/08\/WhatsApp-Image-2025-08-13-at-14.09.58-560x560.jpeg 560w, https:\/\/atecordoba.org\/wp-content\/uploads\/2025\/08\/WhatsApp-Image-2025-08-13-at-14.09.58-75x75.jpeg 75w, https:\/\/atecordoba.org\/wp-content\/uploads\/2025\/08\/WhatsApp-Image-2025-08-13-at-14.09.58-350x350.jpeg 350w\" data-expand=\"700\" \/><\/a>\n                <\/div><\/figure><figure class='gallery-item'>\n                <div class='gallery-icon portrait'>\n                    <a href='https:\/\/atecordoba.org\/wp-content\/uploads\/2025\/08\/WhatsApp-Image-2025-08-13-at-14.09.57-2.jpeg'><img loading=\"lazy\" decoding=\"async\" width=\"150\" height=\"150\" src=\"\" class=\"attachment-thumbnail size-thumbnail lazyload\" alt=\"\" data-src=\"https:\/\/atecordoba.org\/wp-content\/uploads\/2025\/08\/WhatsApp-Image-2025-08-13-at-14.09.57-2-150x150.jpeg\" data-sizes=\"auto\" data-srcset=\"https:\/\/atecordoba.org\/wp-content\/uploads\/2025\/08\/WhatsApp-Image-2025-08-13-at-14.09.57-2-150x150.jpeg 150w, https:\/\/atecordoba.org\/wp-content\/uploads\/2025\/08\/WhatsApp-Image-2025-08-13-at-14.09.57-2-560x560.jpeg 560w, https:\/\/atecordoba.org\/wp-content\/uploads\/2025\/08\/WhatsApp-Image-2025-08-13-at-14.09.57-2-75x75.jpeg 75w, https:\/\/atecordoba.org\/wp-content\/uploads\/2025\/08\/WhatsApp-Image-2025-08-13-at-14.09.57-2-350x350.jpeg 350w\" data-expand=\"700\" \/><\/a>\n                <\/div><\/figure><figure class='gallery-item'>\n                <div class='gallery-icon landscape'>\n                    <a href='https:\/\/atecordoba.org\/wp-content\/uploads\/2025\/08\/WhatsApp-Image-2025-08-13-at-14.09.52.jpeg'><img loading=\"lazy\" decoding=\"async\" width=\"150\" height=\"150\" src=\"\" class=\"attachment-thumbnail size-thumbnail lazyload\" alt=\"\" data-src=\"https:\/\/atecordoba.org\/wp-content\/uploads\/2025\/08\/WhatsApp-Image-2025-08-13-at-14.09.52-150x150.jpeg\" data-sizes=\"auto\" data-srcset=\"https:\/\/atecordoba.org\/wp-content\/uploads\/2025\/08\/WhatsApp-Image-2025-08-13-at-14.09.52-150x150.jpeg 150w, https:\/\/atecordoba.org\/wp-content\/uploads\/2025\/08\/WhatsApp-Image-2025-08-13-at-14.09.52-560x560.jpeg 560w, https:\/\/atecordoba.org\/wp-content\/uploads\/2025\/08\/WhatsApp-Image-2025-08-13-at-14.09.52-75x75.jpeg 75w, https:\/\/atecordoba.org\/wp-content\/uploads\/2025\/08\/WhatsApp-Image-2025-08-13-at-14.09.52-350x350.jpeg 350w\" data-expand=\"700\" \/><\/a>\n                <\/div><\/figure><br style=\"clear: both\" \/>\n            <\/div>\n\n","protected":false},"excerpt":{"rendered":"<p>Los y las trabajadoras municipales de Los Hornillos llevaron adelante una masiva asamblea, convocada por ATE en las puertas de la Comuna, continuando con una seguidilla de medidas de fuerza en reclamo del cumplimiento de los acuerdos salariales de junio pasado. El Departamento Ejecutivo a cargo de la jefa comunal Carolina Caballero a\u00fan no hizo [&hellip;]<\/p>\n","protected":false},"author":7,"featured_media":50085,"comment_status":"open","ping_status":"open","sticky":false,"template":"","format":"standard","meta":{"_exactmetrics_skip_tracking":false,"_exactmetrics_sitenote_active":false,"_exactmetrics_sitenote_note":"","_exactmetrics_sitenote_category":0,"jnews-multi-image_gallery":[],"jnews_single_post":{"format":"standard","override":[{"template":"1","parallax":"1","fullscreen":"1","layout":"no-sidebar-narrow","sidebar":"default-sidebar","second_sidebar":"default-sidebar","sticky_sidebar":"1","share_position":"bottom","share_float_style":"share-monocrhome","show_share_counter":"1","show_view_counter":"1","show_post_meta":"1","show_post_author_image":"1","show_post_date":"1","post_date_format":"default","post_date_format_custom":"Y\/m\/d","show_post_category":"1","show_post_reading_time":"0","post_reading_time_wpm":"300","post_calculate_word_method":"str_word_count","show_zoom_button":"0","zoom_button_out_step":"2","zoom_button_in_step":"3","show_post_tag":"1","number_popup_post":"1","show_post_related":"1","show_inline_post_related":"0"}],"image_override":[{"single_post_thumbnail_size":"crop-500","single_post_gallery_size":"crop-500"}],"trending_post_position":"meta","trending_post_label":"Trending","sponsored_post_label":"Sponsored by","disable_ad":"0"},"jnews_primary_category":[],"jnews_social_meta":[],"jnews_review":[],"enable_review":"","type":"percentage","name":"","summary":"","brand":"","sku":"","good":[],"bad":[],"score_override":"","override_value":"","rating":[],"price":[],"jnews_override_counter":{"view_counter_number":"0","share_counter_number":"0","like_counter_number":"0","dislike_counter_number":"0"},"jnews_post_split":{"post_split":[{"template":"1","tag":"h2","numbering":"asc","mode":"normal","first":"0","enable_toc":"0","toc_type":"normal"}]},"footnotes":""},"categories":[20],"tags":[],"class_list":["post-50083","post","type-post","status-publish","format-standard","has-post-thumbnail","hentry","category-municipales"],"jetpack_featured_media_url":"https:\/\/atecordoba.org\/wp-content\/uploads\/2025\/08\/WhatsApp-Image-2025-08-13-at-14.09.53-2.jpeg","_links":{"self":[{"href":"https:\/\/atecordoba.org\/index.php?rest_route=\/wp\/v2\/posts\/50083","targetHints":{"allow":["GET"]}}],"collection":[{"href":"https:\/\/atecordoba.org\/index.php?rest_route=\/wp\/v2\/posts"}],"about":[{"href":"https:\/\/atecordoba.org\/index.php?rest_route=\/wp\/v2\/types\/post"}],"author":[{"embeddable":true,"href":"https:\/\/atecordoba.org\/index.php?rest_route=\/wp\/v2\/users\/7"}],"replies":[{"embeddable":true,"href":"https:\/\/atecordoba.org\/index.php?rest_route=%2Fwp%2Fv2%2Fcomments&post=50083"}],"version-history":[{"count":4,"href":"https:\/\/atecordoba.org\/index.php?rest_route=\/wp\/v2\/posts\/50083\/revisions"}],"predecessor-version":[{"id":50099,"href":"https:\/\/atecordoba.org\/index.php?rest_route=\/wp\/v2\/posts\/50083\/revisions\/50099"}],"wp:featuredmedia":[{"embeddable":true,"href":"https:\/\/atecordoba.org\/index.php?rest_route=\/wp\/v2\/media\/50085"}],"wp:attachment":[{"href":"https:\/\/atecordoba.org\/index.php?rest_route=%2Fwp%2Fv2%2Fmedia&parent=50083"}],"wp:term":[{"taxonomy":"category","embeddable":true,"href":"https:\/\/atecordoba.org\/index.php?rest_route=%2Fwp%2Fv2%2Fcategories&post=50083"},{"taxonomy":"post_tag","embeddable":true,"href":"https:\/\/atecordoba.org\/index.php?rest_route=%2Fwp%2Fv2%2Ftags&post=50083"}],"curies":[{"name":"wp","href":"https:\/\/api.w.org\/{rel}","templated":true}]}}