{"id":50064,"date":"2025-08-13T12:11:25","date_gmt":"2025-08-13T15:11:25","guid":{"rendered":"https:\/\/atecordoba.org\/?p=50064"},"modified":"2025-08-13T12:12:34","modified_gmt":"2025-08-13T15:12:34","slug":"jornadas-internacionalistas-en-ate-defensa-de-la-revolucion-bolivariana","status":"publish","type":"post","link":"https:\/\/atecordoba.org\/?p=50064","title":{"rendered":"Jornadas Internacionalistas en ATE: Defensa de la Revoluci\u00f3n Bolivariana"},"content":{"rendered":"<p><img loading=\"lazy\" decoding=\"async\" class=\"aligncenter wp-image-50065 \" src=\"https:\/\/atecordoba.org\/wp-content\/uploads\/2025\/08\/charla-venezuela-jornadas-internacionalistas-724x1024.jpg\" alt=\"\" width=\"615\" height=\"870\" srcset=\"https:\/\/atecordoba.org\/wp-content\/uploads\/2025\/08\/charla-venezuela-jornadas-internacionalistas-724x1024.jpg 724w, https:\/\/atecordoba.org\/wp-content\/uploads\/2025\/08\/charla-venezuela-jornadas-internacionalistas-212x300.jpg 212w, https:\/\/atecordoba.org\/wp-content\/uploads\/2025\/08\/charla-venezuela-jornadas-internacionalistas-768x1086.jpg 768w, https:\/\/atecordoba.org\/wp-content\/uploads\/2025\/08\/charla-venezuela-jornadas-internacionalistas-1086x1536.jpg 1086w, https:\/\/atecordoba.org\/wp-content\/uploads\/2025\/08\/charla-venezuela-jornadas-internacionalistas-750x1061.jpg 750w, https:\/\/atecordoba.org\/wp-content\/uploads\/2025\/08\/charla-venezuela-jornadas-internacionalistas.jpg 1131w\" sizes=\"auto, (max-width: 615px) 100vw, 615px\" \/>Este jueves 14 de agosto, de las 18 horas, en la sede del Consejo Directivo Provincial (Entre R\u00edos 450) se realizar\u00e1 una charla\/debate imperdible sobre el presente y la resistencia del pueblo venezolano, en el marco de \u00a0las Jornadas Internacionalistas organizadas por ATE C\u00f3rdoba.<\/p>\n<p>Desde las 18 horas, tanto de manera presencial como v\u00eda online a trav\u00e9s del <a href=\"https:\/\/www.instagram.com\/atecdpcba\/?hl=es\">Instagram<\/a> de ATE C\u00f3rdoba, un panel de especialistas abordar\u00e1n la realidad de la Rep\u00fablica Bolivariana de Venezuela, con un panel coordinado por el periodista Carlos Aznarez, director del medio Resumen Latinoamericano, con la disertaci\u00f3n del secretario General de ATE y la CTA Aut\u00f3noma C\u00f3rdoba, Federico Giuliani, la representante de la Uni\u00f3n por la Reconstrucci\u00f3n Comunista, Camila Monge Pizarro, y el secretario Pol\u00edtico de la Juventud Comunista de C\u00f3rdoba, Bruno Lonatti.<\/p>\n<p>ATE organiza esta actividad pol\u00edtico cultural, reafirmando los principios de solidaridad internacional, junto a la CTAA, la Fundaci\u00f3n UMMEP, la Comisi\u00f3n de Solidaridad Palestina en C\u00f3rdoba, el Partido Comunista, OLP Resistir y Luchar, y Resumen Latinoamericano.<\/p>\n<p>\u201cEn el marco de las jornadas por Cuba, Palestina y Venezuela, seguimos diciendo: La lucha de los pueblos no tiene fronteras&#8221;, convoca nuestra ATE.<\/p>\n<p>&nbsp;<\/p>\n<p>&nbsp;<\/p>\n","protected":false},"excerpt":{"rendered":"<p>Este jueves 14 de agosto, de las 18 horas, en la sede del Consejo Directivo Provincial (Entre R\u00edos 450) se realizar\u00e1 una charla\/debate imperdible sobre el presente y la resistencia del pueblo venezolano, en el marco de \u00a0las Jornadas Internacionalistas organizadas por ATE C\u00f3rdoba. Desde las 18 horas, tanto de manera presencial como v\u00eda online [&hellip;]<\/p>\n","protected":false},"author":7,"featured_media":50066,"comment_status":"open","ping_status":"open","sticky":false,"template":"","format":"standard","meta":{"_exactmetrics_skip_tracking":false,"_exactmetrics_sitenote_active":false,"_exactmetrics_sitenote_note":"","_exactmetrics_sitenote_category":0,"jnews-multi-image_gallery":[],"jnews_single_post":{"format":"standard","override":[{"template":"1","parallax":"1","fullscreen":"1","layout":"no-sidebar-narrow","sidebar":"default-sidebar","second_sidebar":"default-sidebar","sticky_sidebar":"1","share_position":"bottom","share_float_style":"share-monocrhome","show_share_counter":"1","show_view_counter":"1","show_post_meta":"1","show_post_author_image":"1","show_post_date":"1","post_date_format":"default","post_date_format_custom":"Y\/m\/d","show_post_category":"1","show_post_reading_time":"0","post_reading_time_wpm":"300","post_calculate_word_method":"str_word_count","show_zoom_button":"0","zoom_button_out_step":"2","zoom_button_in_step":"3","show_post_tag":"1","number_popup_post":"1","show_post_related":"1","show_inline_post_related":"0"}],"image_override":[{"single_post_thumbnail_size":"crop-500","single_post_gallery_size":"crop-500"}],"trending_post_position":"meta","trending_post_label":"Trending","sponsored_post_label":"Sponsored by","disable_ad":"0"},"jnews_primary_category":[],"jnews_social_meta":[],"jnews_review":[],"enable_review":"","type":"percentage","name":"","summary":"","brand":"","sku":"","good":[],"bad":[],"score_override":"","override_value":"","rating":[],"price":[],"jnews_override_counter":{"view_counter_number":"0","share_counter_number":"0","like_counter_number":"0","dislike_counter_number":"0"},"jnews_post_split":{"post_split":[{"template":"1","tag":"h2","numbering":"asc","mode":"normal","first":"0","enable_toc":"0","toc_type":"normal"}]},"footnotes":""},"categories":[10],"tags":[],"class_list":["post-50064","post","type-post","status-publish","format-standard","has-post-thumbnail","hentry","category-accion-politica"],"jetpack_featured_media_url":"https:\/\/atecordoba.org\/wp-content\/uploads\/2025\/08\/charla-venezuela-jornadas-internacionalistas-1.jpg","_links":{"self":[{"href":"https:\/\/atecordoba.org\/index.php?rest_route=\/wp\/v2\/posts\/50064","targetHints":{"allow":["GET"]}}],"collection":[{"href":"https:\/\/atecordoba.org\/index.php?rest_route=\/wp\/v2\/posts"}],"about":[{"href":"https:\/\/atecordoba.org\/index.php?rest_route=\/wp\/v2\/types\/post"}],"author":[{"embeddable":true,"href":"https:\/\/atecordoba.org\/index.php?rest_route=\/wp\/v2\/users\/7"}],"replies":[{"embeddable":true,"href":"https:\/\/atecordoba.org\/index.php?rest_route=%2Fwp%2Fv2%2Fcomments&post=50064"}],"version-history":[{"count":2,"href":"https:\/\/atecordoba.org\/index.php?rest_route=\/wp\/v2\/posts\/50064\/revisions"}],"predecessor-version":[{"id":50069,"href":"https:\/\/atecordoba.org\/index.php?rest_route=\/wp\/v2\/posts\/50064\/revisions\/50069"}],"wp:featuredmedia":[{"embeddable":true,"href":"https:\/\/atecordoba.org\/index.php?rest_route=\/wp\/v2\/media\/50066"}],"wp:attachment":[{"href":"https:\/\/atecordoba.org\/index.php?rest_route=%2Fwp%2Fv2%2Fmedia&parent=50064"}],"wp:term":[{"taxonomy":"category","embeddable":true,"href":"https:\/\/atecordoba.org\/index.php?rest_route=%2Fwp%2Fv2%2Fcategories&post=50064"},{"taxonomy":"post_tag","embeddable":true,"href":"https:\/\/atecordoba.org\/index.php?rest_route=%2Fwp%2Fv2%2Ftags&post=50064"}],"curies":[{"name":"wp","href":"https:\/\/api.w.org\/{rel}","templated":true}]}}