{"id":50050,"date":"2025-08-13T09:59:03","date_gmt":"2025-08-13T12:59:03","guid":{"rendered":"https:\/\/atecordoba.org\/?p=50050"},"modified":"2025-08-22T12:08:52","modified_gmt":"2025-08-22T15:08:52","slug":"ate-presento-una-cautelar-ante-la-justicia-para-que-se-suspendan-los-pases-a-disponibilidad","status":"publish","type":"post","link":"https:\/\/atecordoba.org\/?p=50050","title":{"rendered":"ATE present\u00f3 una cautelar ante la Justicia para suspender los pases a disponibilidad"},"content":{"rendered":"<p><img loading=\"lazy\" decoding=\"async\" class=\"aligncenter wp-image-50052 \" src=\"https:\/\/atecordoba.org\/wp-content\/uploads\/2025\/08\/CNAT.jpg\" alt=\"\" width=\"633\" height=\"475\" srcset=\"https:\/\/atecordoba.org\/wp-content\/uploads\/2025\/08\/CNAT.jpg 1024w, https:\/\/atecordoba.org\/wp-content\/uploads\/2025\/08\/CNAT-300x225.jpg 300w, https:\/\/atecordoba.org\/wp-content\/uploads\/2025\/08\/CNAT-768x576.jpg 768w, https:\/\/atecordoba.org\/wp-content\/uploads\/2025\/08\/CNAT-750x563.jpg 750w\" sizes=\"auto, (max-width: 633px) 100vw, 633px\" \/>ATE demand\u00f3 ante la Justicia al Gobierno Nacional para que se suspendan las resoluciones de los ministerios de Capital Humano, Econom\u00eda y Desregulaci\u00f3n y Transformaci\u00f3n del Estado, que disponen el pase a disponibilidad de cientos de trabajadores, vulnerando el derecho a la estabilidad laboral.<\/p>\n<p>Adem\u00e1s, nuestro sindicato intim\u00f3 al ministro Federico Sturzenegger a convocar de manera urgente a una mesa de negociaci\u00f3n para revertir los casos de disponibilidad y reubicar a los trabajadores en sus funciones o similares.<\/p>\n<p>\u201cEl r\u00e9gimen de disponibilidad que dispuso el Gobierno es manifiestamente ilegal. Las resoluciones ministeriales son inv\u00e1lidas, arbitrarias y violan derechos laborales consagrados en la Constituci\u00f3n. Ni las facultades delegadas oportunamente otorgadas ni la Ley Bases justifican este pisoteo al derecho a la estabilidad en el Empleo P\u00fablico\u201d, indic\u00f3 Rodolfo Aguiar, Secretario General de ATE Nacional.<\/p>\n<p>Y agreg\u00f3 que \u201cel Poder Ejecutivo est\u00e1 excedido en sus atribuciones y de ninguna manera se cumplen los requisitos exigidos por la normativa vigente para que agente alguno sea declarado en disponibilidad. No podemos aceptar la discrecionalidad que supone que sea el propio empleador quien defina cu\u00e1l es la \u2018dotaci\u00f3n \u00f3ptima\u2019\u201d, agreg\u00f3 el referente estatal.<img loading=\"lazy\" decoding=\"async\" class=\"aligncenter wp-image-50056 \" src=\"https:\/\/atecordoba.org\/wp-content\/uploads\/2025\/08\/trabajo.jpg\" alt=\"\" width=\"610\" height=\"458\" srcset=\"https:\/\/atecordoba.org\/wp-content\/uploads\/2025\/08\/trabajo.jpg 800w, https:\/\/atecordoba.org\/wp-content\/uploads\/2025\/08\/trabajo-300x225.jpg 300w, https:\/\/atecordoba.org\/wp-content\/uploads\/2025\/08\/trabajo-768x576.jpg 768w, https:\/\/atecordoba.org\/wp-content\/uploads\/2025\/08\/trabajo-750x563.jpg 750w\" sizes=\"auto, (max-width: 610px) 100vw, 610px\" \/><\/p>\n<p>En esta l\u00ednea, el dirigente apunt\u00f3: \u201cA lo largo de estos \u00faltimos 20 meses, la Justicia ha fallado en numerosas ocasiones en favor de los trabajadores entendiendo que este Gobierno act\u00faa contra la Constituci\u00f3n Nacional y al margen de la ley. Ahora debe actuar nuevamente para volver a poner en el ejercicio de sus derechos a los trabajadores del Sector P\u00fablico. S\u00f3lo los gobiernos militares pusieron en disponibilidad y declararon prescindibles a los trabajadores afectando el derecho constitucional a la estabilidad\u201d.<\/p>\n<p>La presentaci\u00f3n ante el Juzgado Contencioso Federal fue realizada por los equipos jur\u00eddicos de ATE Nacional y ATE Capital. En este marco, Aguiar explic\u00f3 que \u201cla articulaci\u00f3n y el trabajo conjunto de todos los equipos jur\u00eddicos de nuestro sindicato, como as\u00ed tambi\u00e9n la unidad pol\u00edtica que se sigue consolidando, son los que nos ha permitido obtener resultados positivos en el \u00faltimo tiempo, como han sido la defensa del derecho de huelga y el D\u00eda del Empleado P\u00fablico, entre otros\u201d.<\/p>\n<p>La medida cautelar advierte que el pase a disponibilidad es una figura excepcional regulada por la Ley Marco de Regulaci\u00f3n de Empleo P\u00fablico Nacional N\u00b025.164 y la misma exige la supresi\u00f3n real de funciones para ser efectuado, lo que no ocurri\u00f3: las tareas siguen realiz\u00e1ndose en otras \u00e1reas, configur\u00e1ndose una simulaci\u00f3n de reestructuraci\u00f3n.<\/p>\n<p>ATE apunt\u00f3 contra el concepto de \u2018dotaci\u00f3n \u00f3ptima\u2019 de personal como condici\u00f3n para efectuar el pase a disponibilidad, el cual fue agregado por la Ley Bases (27.742) y que su arbitrariedad depende s\u00f3lo de la mirada del funcionario a cargo de la gesti\u00f3n.<\/p>\n<a href=\"https:\/\/atecordoba.org\/wp-content\/uploads\/2025\/08\/Medida-Cautelar-ATE.pdf\" class=\"pdfemb-viewer\" style=\"\" data-width=\"max\" data-height=\"max\" data-toolbar=\"bottom\" data-toolbar-fixed=\"off\">Medida Cautelar - ATE<\/a>\n","protected":false},"excerpt":{"rendered":"<p>ATE demand\u00f3 ante la Justicia al Gobierno Nacional para que se suspendan las resoluciones de los ministerios de Capital Humano, Econom\u00eda y Desregulaci\u00f3n y Transformaci\u00f3n del Estado, que disponen el pase a disponibilidad de cientos de trabajadores, vulnerando el derecho a la estabilidad laboral. Adem\u00e1s, nuestro sindicato intim\u00f3 al ministro Federico Sturzenegger a convocar de [&hellip;]<\/p>\n","protected":false},"author":7,"featured_media":50056,"comment_status":"open","ping_status":"open","sticky":false,"template":"","format":"standard","meta":{"_exactmetrics_skip_tracking":false,"_exactmetrics_sitenote_active":false,"_exactmetrics_sitenote_note":"","_exactmetrics_sitenote_category":0,"jnews-multi-image_gallery":[],"jnews_single_post":{"format":"standard","override":[{"template":"1","parallax":"1","fullscreen":"1","layout":"no-sidebar-narrow","sidebar":"default-sidebar","second_sidebar":"default-sidebar","sticky_sidebar":"1","share_position":"bottom","share_float_style":"share-monocrhome","show_share_counter":"1","show_view_counter":"1","show_post_meta":"1","show_post_author_image":"1","show_post_date":"1","post_date_format":"default","post_date_format_custom":"Y\/m\/d","show_post_category":"1","show_post_reading_time":"0","post_reading_time_wpm":"300","post_calculate_word_method":"str_word_count","show_zoom_button":"0","zoom_button_out_step":"2","zoom_button_in_step":"3","show_post_tag":"1","number_popup_post":"1","show_post_related":"1","show_inline_post_related":"0"}],"image_override":[{"single_post_thumbnail_size":"crop-500","single_post_gallery_size":"crop-500"}],"trending_post_position":"meta","trending_post_label":"Trending","sponsored_post_label":"Sponsored by","disable_ad":"0"},"jnews_primary_category":[],"jnews_social_meta":[],"jnews_review":[],"enable_review":"","type":"percentage","name":"","summary":"","brand":"","sku":"","good":[],"bad":[],"score_override":"","override_value":"","rating":[],"price":[],"jnews_override_counter":{"view_counter_number":"0","share_counter_number":"0","like_counter_number":"0","dislike_counter_number":"0"},"jnews_post_split":{"post_split":[{"template":"1","tag":"h2","numbering":"asc","mode":"normal","first":"0","enable_toc":"0","toc_type":"normal"}]},"footnotes":""},"categories":[756],"tags":[],"class_list":["post-50050","post","type-post","status-publish","format-standard","has-post-thumbnail","hentry","category-consejo-directivo-nacional-cdn"],"jetpack_featured_media_url":"https:\/\/atecordoba.org\/wp-content\/uploads\/2025\/08\/trabajo.jpg","_links":{"self":[{"href":"https:\/\/atecordoba.org\/index.php?rest_route=\/wp\/v2\/posts\/50050","targetHints":{"allow":["GET"]}}],"collection":[{"href":"https:\/\/atecordoba.org\/index.php?rest_route=\/wp\/v2\/posts"}],"about":[{"href":"https:\/\/atecordoba.org\/index.php?rest_route=\/wp\/v2\/types\/post"}],"author":[{"embeddable":true,"href":"https:\/\/atecordoba.org\/index.php?rest_route=\/wp\/v2\/users\/7"}],"replies":[{"embeddable":true,"href":"https:\/\/atecordoba.org\/index.php?rest_route=%2Fwp%2Fv2%2Fcomments&post=50050"}],"version-history":[{"count":7,"href":"https:\/\/atecordoba.org\/index.php?rest_route=\/wp\/v2\/posts\/50050\/revisions"}],"predecessor-version":[{"id":50268,"href":"https:\/\/atecordoba.org\/index.php?rest_route=\/wp\/v2\/posts\/50050\/revisions\/50268"}],"wp:featuredmedia":[{"embeddable":true,"href":"https:\/\/atecordoba.org\/index.php?rest_route=\/wp\/v2\/media\/50056"}],"wp:attachment":[{"href":"https:\/\/atecordoba.org\/index.php?rest_route=%2Fwp%2Fv2%2Fmedia&parent=50050"}],"wp:term":[{"taxonomy":"category","embeddable":true,"href":"https:\/\/atecordoba.org\/index.php?rest_route=%2Fwp%2Fv2%2Fcategories&post=50050"},{"taxonomy":"post_tag","embeddable":true,"href":"https:\/\/atecordoba.org\/index.php?rest_route=%2Fwp%2Fv2%2Ftags&post=50050"}],"curies":[{"name":"wp","href":"https:\/\/api.w.org\/{rel}","templated":true}]}}