{"id":5005,"date":"2015-02-20T17:39:30","date_gmt":"2015-02-20T20:39:30","guid":{"rendered":"http:\/\/www.atecordoba.org\/?p=5005"},"modified":"2015-02-20T17:39:30","modified_gmt":"2015-02-20T20:39:30","slug":"2-de-marzo-unificar-la-pelea-para-nacionalizar-las-luchas","status":"publish","type":"post","link":"https:\/\/atecordoba.org\/?p=5005","title":{"rendered":"2 de Marzo: Unificar la pelea para nacionalizar las luchas"},"content":{"rendered":"<p><em>ATE convoc\u00f3 a un Paro Nacional para el pr\u00f3ximo 2 de marzo. Julio Fuentes, Secretario General del Consejo Directivo Nacional de ATE, indic\u00f3: \u201cEl secretariado Nacional de ATE ha resuelto esta medida para nacionalizar las luchas que desde 2014 han venido dando a lo largo y ancho del pa\u00eds trabajadores del Estado nacional, provincial y municipal\u201d.<\/em><\/p>\n<p><a href=\"http:\/\/www.atecordoba.org\/wp-content\/uploads\/2013\/10\/IMG_4960-e1381351191337.jpg\"><img loading=\"lazy\" decoding=\"async\" class=\"aligncenter size-full wp-image-3405\" src=\"http:\/\/www.atecordoba.org\/wp-content\/uploads\/2013\/10\/IMG_4960-e1381351191337.jpg\" alt=\"IMG_4960\" width=\"400\" height=\"300\" \/><\/a><\/p>\n<p><span style=\"font-style: inherit; font-weight: inherit;\">El dirigente se\u00f1al\u00f3 que ya desde fines del a\u00f1o pasado ATE reclam\u00f3 un bono de fin de a\u00f1o, un pago extraordinario que sirviera para compensar la p\u00e9rdida del poder adquisitivo del salario. &#8220;En lo que va de este a\u00f1o estamos con paros y movilizaciones en municipios, provincias y organismos nacionales para reclamar la apertura de mesas de negociaci\u00f3n salarial para discutir una recomposici\u00f3n de los salarios. Frente a esta realidad de lucha que tenemos en todo nuestro gremio, se ha resuelto \u2013 a partir del mandato expreso del \u00faltimo Consejo Federal- el 2 de marzo unificar las acciones convocando a un Paro Nacional de los trabajadores del Estado en todo el pa\u00eds\u201d, agreg\u00f3 Fuentes.<\/span><\/p>\n<p>El dirigente nacional de ATE adem\u00e1s dijo: \u201cSe trata de un paro que va a estar acompa\u00f1ado de movilizaciones y medidas de fuerza no s\u00f3lo en las capitales de provincias y grandes localidades, sino tambi\u00e9n en la Ciudad Aut\u00f3noma de Buenos Aires. Aspiramos a que este paro se de en concordancia con otras organizaciones del Estado, ya sea del sector Educaci\u00f3n como de Justicia, Salud, etc\u00e9tera\u201d.<\/p>\n<p>\u201cNuestras demandas tienen que ver con recuperar el poder adquisitivo del salario, el pase a planta de todos los contratados y la vigencia de los Convenios Colectivos de Trabajo\u201d, cerr\u00f3 Julio Fuentes.<\/p>\n","protected":false},"excerpt":{"rendered":"<p>ATE convoc\u00f3 a un Paro Nacional para el pr\u00f3ximo 2 de marzo. Julio Fuentes, Secretario General del Consejo Directivo Nacional de ATE, indic\u00f3: \u201cEl secretariado Nacional de ATE ha resuelto esta medida para nacionalizar las luchas que desde 2014 han venido dando a lo largo y ancho del pa\u00eds trabajadores del Estado nacional, provincial y [&hellip;]<\/p>\n","protected":false},"author":1,"featured_media":19220,"comment_status":"open","ping_status":"open","sticky":false,"template":"","format":"standard","meta":{"_exactmetrics_skip_tracking":false,"_exactmetrics_sitenote_active":false,"_exactmetrics_sitenote_note":"","_exactmetrics_sitenote_category":0,"jnews-multi-image_gallery":[],"jnews_single_post":[],"jnews_primary_category":[],"jnews_social_meta":[],"jnews_review":[],"enable_review":"","type":"","name":"","summary":"","brand":"","sku":"","good":[],"bad":[],"score_override":"","override_value":"","rating":[],"price":[],"jnews_override_counter":[],"jnews_post_split":[],"footnotes":""},"categories":[18],"tags":[],"class_list":["post-5005","post","type-post","status-publish","format-standard","has-post-thumbnail","hentry","category-nacionales"],"jetpack_featured_media_url":"https:\/\/atecordoba.org\/wp-content\/uploads\/2020\/05\/logo-nuevochico-e1561581322808.png","_links":{"self":[{"href":"https:\/\/atecordoba.org\/index.php?rest_route=\/wp\/v2\/posts\/5005","targetHints":{"allow":["GET"]}}],"collection":[{"href":"https:\/\/atecordoba.org\/index.php?rest_route=\/wp\/v2\/posts"}],"about":[{"href":"https:\/\/atecordoba.org\/index.php?rest_route=\/wp\/v2\/types\/post"}],"author":[{"embeddable":true,"href":"https:\/\/atecordoba.org\/index.php?rest_route=\/wp\/v2\/users\/1"}],"replies":[{"embeddable":true,"href":"https:\/\/atecordoba.org\/index.php?rest_route=%2Fwp%2Fv2%2Fcomments&post=5005"}],"version-history":[{"count":0,"href":"https:\/\/atecordoba.org\/index.php?rest_route=\/wp\/v2\/posts\/5005\/revisions"}],"wp:featuredmedia":[{"embeddable":true,"href":"https:\/\/atecordoba.org\/index.php?rest_route=\/wp\/v2\/media\/19220"}],"wp:attachment":[{"href":"https:\/\/atecordoba.org\/index.php?rest_route=%2Fwp%2Fv2%2Fmedia&parent=5005"}],"wp:term":[{"taxonomy":"category","embeddable":true,"href":"https:\/\/atecordoba.org\/index.php?rest_route=%2Fwp%2Fv2%2Fcategories&post=5005"},{"taxonomy":"post_tag","embeddable":true,"href":"https:\/\/atecordoba.org\/index.php?rest_route=%2Fwp%2Fv2%2Ftags&post=5005"}],"curies":[{"name":"wp","href":"https:\/\/api.w.org\/{rel}","templated":true}]}}