{"id":50032,"date":"2025-08-11T15:15:50","date_gmt":"2025-08-11T18:15:50","guid":{"rendered":"https:\/\/atecordoba.org\/?p=50032"},"modified":"2025-08-11T15:15:50","modified_gmt":"2025-08-11T18:15:50","slug":"taller-de-formacion-sobre-violencia-laboral-en-villa-ciudad-parque","status":"publish","type":"post","link":"https:\/\/atecordoba.org\/?p=50032","title":{"rendered":"Taller de formaci\u00f3n sobre &#8216;violencia laboral&#8217; en Villa Ciudad Parque"},"content":{"rendered":"<p><img loading=\"lazy\" decoding=\"async\" class=\"aligncenter wp-image-50034 \" src=\"https:\/\/atecordoba.org\/wp-content\/uploads\/2025\/08\/WhatsApp-Image-2025-08-11-at-13.25.36-1024x768.jpeg\" alt=\"\" width=\"611\" height=\"459\" srcset=\"https:\/\/atecordoba.org\/wp-content\/uploads\/2025\/08\/WhatsApp-Image-2025-08-11-at-13.25.36-1024x768.jpeg 1024w, https:\/\/atecordoba.org\/wp-content\/uploads\/2025\/08\/WhatsApp-Image-2025-08-11-at-13.25.36-300x225.jpeg 300w, https:\/\/atecordoba.org\/wp-content\/uploads\/2025\/08\/WhatsApp-Image-2025-08-11-at-13.25.36-768x576.jpeg 768w, https:\/\/atecordoba.org\/wp-content\/uploads\/2025\/08\/WhatsApp-Image-2025-08-11-at-13.25.36-1536x1152.jpeg 1536w, https:\/\/atecordoba.org\/wp-content\/uploads\/2025\/08\/WhatsApp-Image-2025-08-11-at-13.25.36-750x563.jpeg 750w, https:\/\/atecordoba.org\/wp-content\/uploads\/2025\/08\/WhatsApp-Image-2025-08-11-at-13.25.36-1140x855.jpeg 1140w, https:\/\/atecordoba.org\/wp-content\/uploads\/2025\/08\/WhatsApp-Image-2025-08-11-at-13.25.36.jpeg 1600w\" sizes=\"auto, (max-width: 611px) 100vw, 611px\" \/>En un verdadero hito que marca la pol\u00edtica que viene llevando adelante nuestra organizaci\u00f3n en materia de violencia laboral hoy se llev\u00f3 a cabo un taller de formaci\u00f3n donde participaron masivamente las y los trabajadores municipales de las Comuna Villa Ciudad Parque.<\/p>\n<p>Lo distintivo de esta formaci\u00f3n en relaci\u00f3n a la cantidad de otras capacitaciones brindadas por ATE es que se realiz\u00f3 en el marco de una acuerdo paritario, institucionalizando esta herramienta de promoci\u00f3n de derechos laborales, de g\u00e9nero y DDHH, donde los funcionarios y personal de direcci\u00f3n tambi\u00e9n estuvieron presentes. <img loading=\"lazy\" decoding=\"async\" class=\"aligncenter wp-image-50035 \" src=\"https:\/\/atecordoba.org\/wp-content\/uploads\/2025\/08\/WhatsApp-Image-2025-08-11-at-13.25.37-1-1024x768.jpeg\" alt=\"\" width=\"617\" height=\"463\" srcset=\"https:\/\/atecordoba.org\/wp-content\/uploads\/2025\/08\/WhatsApp-Image-2025-08-11-at-13.25.37-1-1024x768.jpeg 1024w, https:\/\/atecordoba.org\/wp-content\/uploads\/2025\/08\/WhatsApp-Image-2025-08-11-at-13.25.37-1-300x225.jpeg 300w, https:\/\/atecordoba.org\/wp-content\/uploads\/2025\/08\/WhatsApp-Image-2025-08-11-at-13.25.37-1-768x576.jpeg 768w, https:\/\/atecordoba.org\/wp-content\/uploads\/2025\/08\/WhatsApp-Image-2025-08-11-at-13.25.37-1-1536x1152.jpeg 1536w, https:\/\/atecordoba.org\/wp-content\/uploads\/2025\/08\/WhatsApp-Image-2025-08-11-at-13.25.37-1-750x563.jpeg 750w, https:\/\/atecordoba.org\/wp-content\/uploads\/2025\/08\/WhatsApp-Image-2025-08-11-at-13.25.37-1-1140x855.jpeg 1140w, https:\/\/atecordoba.org\/wp-content\/uploads\/2025\/08\/WhatsApp-Image-2025-08-11-at-13.25.37-1.jpeg 1600w\" sizes=\"auto, (max-width: 617px) 100vw, 617px\" \/><\/p>\n<p>De esta forma, el proceso organizativo de nuestro sindicato tambi\u00e9n se plasma en la sana convivencia laboral, en una comuna donde fueron constantes las denuncias por malos tratos y violencia laboral. Tambi\u00e9n se destaca la predisposici\u00f3n del Departamento Ejecutivo para superar el flagelo de la violencia laboral, mostrando que la gesti\u00f3n debe tener un ojo en la salud del personal, al tiempo que fija un precedente para otras comunas y municipios del interior provincial.<\/p>\n<p>En la oportunidad, dictaron el taller la secretaria de Prensa de ATE C\u00f3rdoba, Julia Giuliani, y las compa\u00f1eras que forman parte del Consejo Directivo Provincial Angelina Lauman, Malena Berger, J\u00e9sica Rojas, Irina Silberman, junto al secretario de Organizaci\u00f3n Javier Bracamonte.<img loading=\"lazy\" decoding=\"async\" class=\"aligncenter wp-image-50037 \" src=\"https:\/\/atecordoba.org\/wp-content\/uploads\/2025\/08\/WhatsApp-Image-2025-08-11-at-13.25.37-2-1024x768.jpeg\" alt=\"\" width=\"609\" height=\"457\" srcset=\"https:\/\/atecordoba.org\/wp-content\/uploads\/2025\/08\/WhatsApp-Image-2025-08-11-at-13.25.37-2-1024x768.jpeg 1024w, https:\/\/atecordoba.org\/wp-content\/uploads\/2025\/08\/WhatsApp-Image-2025-08-11-at-13.25.37-2-300x225.jpeg 300w, https:\/\/atecordoba.org\/wp-content\/uploads\/2025\/08\/WhatsApp-Image-2025-08-11-at-13.25.37-2-768x576.jpeg 768w, https:\/\/atecordoba.org\/wp-content\/uploads\/2025\/08\/WhatsApp-Image-2025-08-11-at-13.25.37-2-1536x1152.jpeg 1536w, https:\/\/atecordoba.org\/wp-content\/uploads\/2025\/08\/WhatsApp-Image-2025-08-11-at-13.25.37-2-750x563.jpeg 750w, https:\/\/atecordoba.org\/wp-content\/uploads\/2025\/08\/WhatsApp-Image-2025-08-11-at-13.25.37-2-1140x855.jpeg 1140w, https:\/\/atecordoba.org\/wp-content\/uploads\/2025\/08\/WhatsApp-Image-2025-08-11-at-13.25.37-2.jpeg 1600w\" sizes=\"auto, (max-width: 609px) 100vw, 609px\" \/><\/p>\n<p>&#8220;Estamos muy satisfechas por la gran cantidad de gente que se sum\u00f3 al taller, atento a la importancia de generar este tipo de instancias donde trabajadores y trabajadoras incorporan cu\u00e1les son sus derechos, que normativa hay vigente en la materia&#8221;, resumi\u00f3 Giuliani<\/p>\n<p>Despu\u00e9s de la exposici\u00f3n inicial, las organizadoras dividieron el taller en cinco grupos de trabajo para abordar qu\u00e9 tipo de violencias laborales est\u00e1n identificadas, situaciones se naturalizan e invisibilizan. &#8220;En ese marco, se\u00a0 destac\u00f3 la importancia del rol del sindicato a la hora de enfrentar la problem\u00e1tica, algo muy grave que transcurre en los espacios de trabajo, mayormente en aquellos donde hay un alto nivel de precarizaci\u00f3n&#8221;, agreg\u00f3 la secretaria de Prensa.<\/p>\n<p><img loading=\"lazy\" decoding=\"async\" class=\"wp-image-50038  aligncenter\" src=\"https:\/\/atecordoba.org\/wp-content\/uploads\/2025\/08\/WhatsApp-Image-2025-08-11-at-13.25.37-e1754935753701-1024x578.jpeg\" alt=\"\" width=\"606\" height=\"342\" srcset=\"https:\/\/atecordoba.org\/wp-content\/uploads\/2025\/08\/WhatsApp-Image-2025-08-11-at-13.25.37-e1754935753701-1024x578.jpeg 1024w, https:\/\/atecordoba.org\/wp-content\/uploads\/2025\/08\/WhatsApp-Image-2025-08-11-at-13.25.37-e1754935753701-300x169.jpeg 300w, https:\/\/atecordoba.org\/wp-content\/uploads\/2025\/08\/WhatsApp-Image-2025-08-11-at-13.25.37-e1754935753701-768x433.jpeg 768w, https:\/\/atecordoba.org\/wp-content\/uploads\/2025\/08\/WhatsApp-Image-2025-08-11-at-13.25.37-e1754935753701-750x423.jpeg 750w, https:\/\/atecordoba.org\/wp-content\/uploads\/2025\/08\/WhatsApp-Image-2025-08-11-at-13.25.37-e1754935753701-1140x643.jpeg 1140w, https:\/\/atecordoba.org\/wp-content\/uploads\/2025\/08\/WhatsApp-Image-2025-08-11-at-13.25.37-e1754935753701.jpeg 1200w\" sizes=\"auto, (max-width: 606px) 100vw, 606px\" \/><\/p>\n<p><strong>El taller<\/strong><\/p>\n<p>El taller se brind\u00f3 con disertaciones y <a href=\"http:\/\/&lt;!-- PDF Embedder: Please provide an &quot;URL&quot; attribute in your shortcode. --&gt;\">material bibliogr\u00e1fico especializado<\/a>.<\/p>\n<p>En su introducci\u00f3n el manual explica que la violencia laboral y de g\u00e9nero en el \u00e1mbito del trabajo constituye una problem\u00e1tica estructural que afecta de manera directa los derechos fundamentales de trabajadoras y trabajadores, y representa una barrera para el desarrollo de entornos laborales seguros, equitativos y libres de discriminaci\u00f3n.<\/p>\n<p>La provincia adhiere a la Ley Nacional N.\u00ba 27.580, que aprueba el Convenio 190 de la Organizaci\u00f3n Internacional del Trabajo (OIT) sobre la violencia y el acoso en el mundo del trabajo, y reconociendo la necesidad de implementar pol\u00edticas p\u00fablicas que visibilicen y aborden esta problem\u00e1tica.<\/p>\n<p>El CONVENIO 190 define a la violencia y el acoso en el \u00e1mbito laboral como \u201cuna serie de comportamientos y pr\u00e1cticas inaceptables, o amenazas de tales comportamientos y pr\u00e1cticas, que resulten en un da\u00f1o f\u00edsico, psicol\u00f3gico, sexual o econ\u00f3mico\u201d.<\/p>\n<p>Las formas comunes en que se manifiesta la violencia laboral son:<\/p>\n<p>&#8211; Sobrecarga o disminuci\u00f3n arbitraria de tareas, sin justificaci\u00f3n ni sustento t\u00e9cnico.<\/p>\n<p>&#8211; Negaci\u00f3n de acceso a la normativa laboral vigente, dificultando el conocimiento y ejercicio de los derechos.<\/p>\n<p>&#8211; Obstrucci\u00f3n de canales de comunicaci\u00f3n entre el personal y los espacios jer\u00e1rquicos o gremiales.<\/p>\n<p>&#8211; Liderazgos negativos: pr\u00e1cticas autoritarias, humillaciones, favoritismos o estilos de gesti\u00f3n que generan ambientes hostiles.<\/p>\n<p>&#8211; Ascensos o concursos no transparentes, con criterios arbitrarios o discriminatorios.<\/p>\n<div id='gallery_1' class='gallery galleryid-50032 gallery-columns-3 gallery-size-thumbnail'><figure class='gallery-item'>\n                <div class='gallery-icon landscape'>\n                    <a href='https:\/\/atecordoba.org\/wp-content\/uploads\/2025\/08\/WhatsApp-Image-2025-08-11-at-13.25.38.jpeg'><img loading=\"lazy\" decoding=\"async\" width=\"150\" height=\"150\" src=\"\" class=\"attachment-thumbnail size-thumbnail lazyload\" alt=\"\" data-src=\"https:\/\/atecordoba.org\/wp-content\/uploads\/2025\/08\/WhatsApp-Image-2025-08-11-at-13.25.38-150x150.jpeg\" data-sizes=\"auto\" data-srcset=\"https:\/\/atecordoba.org\/wp-content\/uploads\/2025\/08\/WhatsApp-Image-2025-08-11-at-13.25.38-150x150.jpeg 150w, https:\/\/atecordoba.org\/wp-content\/uploads\/2025\/08\/WhatsApp-Image-2025-08-11-at-13.25.38-560x560.jpeg 560w, https:\/\/atecordoba.org\/wp-content\/uploads\/2025\/08\/WhatsApp-Image-2025-08-11-at-13.25.38-75x75.jpeg 75w, https:\/\/atecordoba.org\/wp-content\/uploads\/2025\/08\/WhatsApp-Image-2025-08-11-at-13.25.38-350x350.jpeg 350w\" data-expand=\"700\" \/><\/a>\n                <\/div><\/figure><figure class='gallery-item'>\n                <div class='gallery-icon landscape'>\n                    <a href='https:\/\/atecordoba.org\/wp-content\/uploads\/2025\/08\/WhatsApp-Image-2025-08-11-at-13.25.39-2.jpeg'><img loading=\"lazy\" decoding=\"async\" width=\"150\" height=\"150\" src=\"\" class=\"attachment-thumbnail size-thumbnail lazyload\" alt=\"\" data-src=\"https:\/\/atecordoba.org\/wp-content\/uploads\/2025\/08\/WhatsApp-Image-2025-08-11-at-13.25.39-2-150x150.jpeg\" data-sizes=\"auto\" data-srcset=\"https:\/\/atecordoba.org\/wp-content\/uploads\/2025\/08\/WhatsApp-Image-2025-08-11-at-13.25.39-2-150x150.jpeg 150w, https:\/\/atecordoba.org\/wp-content\/uploads\/2025\/08\/WhatsApp-Image-2025-08-11-at-13.25.39-2-560x560.jpeg 560w, https:\/\/atecordoba.org\/wp-content\/uploads\/2025\/08\/WhatsApp-Image-2025-08-11-at-13.25.39-2-75x75.jpeg 75w, https:\/\/atecordoba.org\/wp-content\/uploads\/2025\/08\/WhatsApp-Image-2025-08-11-at-13.25.39-2-350x350.jpeg 350w\" data-expand=\"700\" \/><\/a>\n                <\/div><\/figure><figure class='gallery-item'>\n                <div class='gallery-icon landscape'>\n                    <a href='https:\/\/atecordoba.org\/wp-content\/uploads\/2025\/08\/WhatsApp-Image-2025-08-11-at-13.25.39.jpeg'><img loading=\"lazy\" decoding=\"async\" width=\"150\" height=\"150\" src=\"\" class=\"attachment-thumbnail size-thumbnail lazyload\" alt=\"\" data-src=\"https:\/\/atecordoba.org\/wp-content\/uploads\/2025\/08\/WhatsApp-Image-2025-08-11-at-13.25.39-150x150.jpeg\" data-sizes=\"auto\" data-srcset=\"https:\/\/atecordoba.org\/wp-content\/uploads\/2025\/08\/WhatsApp-Image-2025-08-11-at-13.25.39-150x150.jpeg 150w, https:\/\/atecordoba.org\/wp-content\/uploads\/2025\/08\/WhatsApp-Image-2025-08-11-at-13.25.39-560x560.jpeg 560w, https:\/\/atecordoba.org\/wp-content\/uploads\/2025\/08\/WhatsApp-Image-2025-08-11-at-13.25.39-75x75.jpeg 75w, https:\/\/atecordoba.org\/wp-content\/uploads\/2025\/08\/WhatsApp-Image-2025-08-11-at-13.25.39-350x350.jpeg 350w\" data-expand=\"700\" \/><\/a>\n                <\/div><\/figure><br style=\"clear: both\" \/><figure class='gallery-item'>\n                <div class='gallery-icon landscape'>\n                    <a href='https:\/\/atecordoba.org\/wp-content\/uploads\/2025\/08\/WhatsApp-Image-2025-08-11-at-13.25.40-1.jpeg'><img loading=\"lazy\" decoding=\"async\" width=\"150\" height=\"150\" src=\"\" class=\"attachment-thumbnail size-thumbnail lazyload\" alt=\"\" data-src=\"https:\/\/atecordoba.org\/wp-content\/uploads\/2025\/08\/WhatsApp-Image-2025-08-11-at-13.25.40-1-150x150.jpeg\" data-sizes=\"auto\" data-srcset=\"https:\/\/atecordoba.org\/wp-content\/uploads\/2025\/08\/WhatsApp-Image-2025-08-11-at-13.25.40-1-150x150.jpeg 150w, https:\/\/atecordoba.org\/wp-content\/uploads\/2025\/08\/WhatsApp-Image-2025-08-11-at-13.25.40-1-560x560.jpeg 560w, https:\/\/atecordoba.org\/wp-content\/uploads\/2025\/08\/WhatsApp-Image-2025-08-11-at-13.25.40-1-75x75.jpeg 75w, https:\/\/atecordoba.org\/wp-content\/uploads\/2025\/08\/WhatsApp-Image-2025-08-11-at-13.25.40-1-350x350.jpeg 350w\" data-expand=\"700\" \/><\/a>\n                <\/div><\/figure><figure class='gallery-item'>\n                <div class='gallery-icon landscape'>\n                    <a href='https:\/\/atecordoba.org\/wp-content\/uploads\/2025\/08\/WhatsApp-Image-2025-08-11-at-13.25.40-2.jpeg'><img loading=\"lazy\" decoding=\"async\" width=\"150\" height=\"150\" src=\"\" class=\"attachment-thumbnail size-thumbnail lazyload\" alt=\"\" data-src=\"https:\/\/atecordoba.org\/wp-content\/uploads\/2025\/08\/WhatsApp-Image-2025-08-11-at-13.25.40-2-150x150.jpeg\" data-sizes=\"auto\" data-srcset=\"https:\/\/atecordoba.org\/wp-content\/uploads\/2025\/08\/WhatsApp-Image-2025-08-11-at-13.25.40-2-150x150.jpeg 150w, https:\/\/atecordoba.org\/wp-content\/uploads\/2025\/08\/WhatsApp-Image-2025-08-11-at-13.25.40-2-560x560.jpeg 560w, https:\/\/atecordoba.org\/wp-content\/uploads\/2025\/08\/WhatsApp-Image-2025-08-11-at-13.25.40-2-75x75.jpeg 75w, https:\/\/atecordoba.org\/wp-content\/uploads\/2025\/08\/WhatsApp-Image-2025-08-11-at-13.25.40-2-350x350.jpeg 350w\" data-expand=\"700\" \/><\/a>\n                <\/div><\/figure><figure class='gallery-item'>\n                <div class='gallery-icon landscape'>\n                    <a href='https:\/\/atecordoba.org\/wp-content\/uploads\/2025\/08\/WhatsApp-Image-2025-08-11-at-13.25.40.jpeg'><img loading=\"lazy\" decoding=\"async\" width=\"150\" height=\"150\" src=\"\" class=\"attachment-thumbnail size-thumbnail lazyload\" alt=\"\" data-src=\"https:\/\/atecordoba.org\/wp-content\/uploads\/2025\/08\/WhatsApp-Image-2025-08-11-at-13.25.40-150x150.jpeg\" data-sizes=\"auto\" data-srcset=\"https:\/\/atecordoba.org\/wp-content\/uploads\/2025\/08\/WhatsApp-Image-2025-08-11-at-13.25.40-150x150.jpeg 150w, https:\/\/atecordoba.org\/wp-content\/uploads\/2025\/08\/WhatsApp-Image-2025-08-11-at-13.25.40-560x560.jpeg 560w, https:\/\/atecordoba.org\/wp-content\/uploads\/2025\/08\/WhatsApp-Image-2025-08-11-at-13.25.40-75x75.jpeg 75w, https:\/\/atecordoba.org\/wp-content\/uploads\/2025\/08\/WhatsApp-Image-2025-08-11-at-13.25.40-350x350.jpeg 350w\" data-expand=\"700\" \/><\/a>\n                <\/div><\/figure><br style=\"clear: both\" \/><figure class='gallery-item'>\n                <div class='gallery-icon landscape'>\n                    <a href='https:\/\/atecordoba.org\/wp-content\/uploads\/2025\/08\/WhatsApp-Image-2025-08-11-at-13.25.41.jpeg'><img loading=\"lazy\" decoding=\"async\" width=\"150\" height=\"150\" src=\"\" class=\"attachment-thumbnail size-thumbnail lazyload\" alt=\"\" data-src=\"https:\/\/atecordoba.org\/wp-content\/uploads\/2025\/08\/WhatsApp-Image-2025-08-11-at-13.25.41-150x150.jpeg\" data-sizes=\"auto\" data-srcset=\"https:\/\/atecordoba.org\/wp-content\/uploads\/2025\/08\/WhatsApp-Image-2025-08-11-at-13.25.41-150x150.jpeg 150w, https:\/\/atecordoba.org\/wp-content\/uploads\/2025\/08\/WhatsApp-Image-2025-08-11-at-13.25.41-560x560.jpeg 560w, https:\/\/atecordoba.org\/wp-content\/uploads\/2025\/08\/WhatsApp-Image-2025-08-11-at-13.25.41-75x75.jpeg 75w, https:\/\/atecordoba.org\/wp-content\/uploads\/2025\/08\/WhatsApp-Image-2025-08-11-at-13.25.41-350x350.jpeg 350w\" data-expand=\"700\" \/><\/a>\n                <\/div><\/figure><figure class='gallery-item'>\n                <div class='gallery-icon landscape'>\n                    <a href='https:\/\/atecordoba.org\/wp-content\/uploads\/2025\/08\/WhatsApp-Image-2025-08-11-at-13.25.38-1.jpeg'><img loading=\"lazy\" decoding=\"async\" width=\"150\" height=\"150\" src=\"\" class=\"attachment-thumbnail size-thumbnail lazyload\" alt=\"\" data-src=\"https:\/\/atecordoba.org\/wp-content\/uploads\/2025\/08\/WhatsApp-Image-2025-08-11-at-13.25.38-1-150x150.jpeg\" data-sizes=\"auto\" data-srcset=\"https:\/\/atecordoba.org\/wp-content\/uploads\/2025\/08\/WhatsApp-Image-2025-08-11-at-13.25.38-1-150x150.jpeg 150w, https:\/\/atecordoba.org\/wp-content\/uploads\/2025\/08\/WhatsApp-Image-2025-08-11-at-13.25.38-1-560x560.jpeg 560w, https:\/\/atecordoba.org\/wp-content\/uploads\/2025\/08\/WhatsApp-Image-2025-08-11-at-13.25.38-1-75x75.jpeg 75w, https:\/\/atecordoba.org\/wp-content\/uploads\/2025\/08\/WhatsApp-Image-2025-08-11-at-13.25.38-1-350x350.jpeg 350w\" data-expand=\"700\" \/><\/a>\n                <\/div><\/figure><figure class='gallery-item'>\n                <div class='gallery-icon landscape'>\n                    <a href='https:\/\/atecordoba.org\/wp-content\/uploads\/2025\/08\/WhatsApp-Image-2025-08-11-at-13.25.38-2.jpeg'><img loading=\"lazy\" decoding=\"async\" width=\"150\" height=\"150\" src=\"\" class=\"attachment-thumbnail size-thumbnail lazyload\" alt=\"\" data-src=\"https:\/\/atecordoba.org\/wp-content\/uploads\/2025\/08\/WhatsApp-Image-2025-08-11-at-13.25.38-2-150x150.jpeg\" data-sizes=\"auto\" data-srcset=\"https:\/\/atecordoba.org\/wp-content\/uploads\/2025\/08\/WhatsApp-Image-2025-08-11-at-13.25.38-2-150x150.jpeg 150w, https:\/\/atecordoba.org\/wp-content\/uploads\/2025\/08\/WhatsApp-Image-2025-08-11-at-13.25.38-2-560x560.jpeg 560w, https:\/\/atecordoba.org\/wp-content\/uploads\/2025\/08\/WhatsApp-Image-2025-08-11-at-13.25.38-2-75x75.jpeg 75w, https:\/\/atecordoba.org\/wp-content\/uploads\/2025\/08\/WhatsApp-Image-2025-08-11-at-13.25.38-2-350x350.jpeg 350w\" data-expand=\"700\" \/><\/a>\n                <\/div><\/figure><br style=\"clear: both\" \/>\n            <\/div>\n\n","protected":false},"excerpt":{"rendered":"<p>En un verdadero hito que marca la pol\u00edtica que viene llevando adelante nuestra organizaci\u00f3n en materia de violencia laboral hoy se llev\u00f3 a cabo un taller de formaci\u00f3n donde participaron masivamente las y los trabajadores municipales de las Comuna Villa Ciudad Parque. Lo distintivo de esta formaci\u00f3n en relaci\u00f3n a la cantidad de otras capacitaciones [&hellip;]<\/p>\n","protected":false},"author":7,"featured_media":50038,"comment_status":"open","ping_status":"open","sticky":false,"template":"","format":"standard","meta":{"_exactmetrics_skip_tracking":false,"_exactmetrics_sitenote_active":false,"_exactmetrics_sitenote_note":"","_exactmetrics_sitenote_category":0,"jnews-multi-image_gallery":[],"jnews_single_post":[],"jnews_primary_category":[],"jnews_social_meta":[],"jnews_review":[],"enable_review":"","type":"","name":"","summary":"","brand":"","sku":"","good":[],"bad":[],"score_override":"","override_value":"","rating":[],"price":[],"jnews_override_counter":[],"jnews_post_split":[],"footnotes":""},"categories":[20],"tags":[],"class_list":["post-50032","post","type-post","status-publish","format-standard","has-post-thumbnail","hentry","category-municipales"],"jetpack_featured_media_url":"https:\/\/atecordoba.org\/wp-content\/uploads\/2025\/08\/WhatsApp-Image-2025-08-11-at-13.25.37-e1754935753701.jpeg","_links":{"self":[{"href":"https:\/\/atecordoba.org\/index.php?rest_route=\/wp\/v2\/posts\/50032","targetHints":{"allow":["GET"]}}],"collection":[{"href":"https:\/\/atecordoba.org\/index.php?rest_route=\/wp\/v2\/posts"}],"about":[{"href":"https:\/\/atecordoba.org\/index.php?rest_route=\/wp\/v2\/types\/post"}],"author":[{"embeddable":true,"href":"https:\/\/atecordoba.org\/index.php?rest_route=\/wp\/v2\/users\/7"}],"replies":[{"embeddable":true,"href":"https:\/\/atecordoba.org\/index.php?rest_route=%2Fwp%2Fv2%2Fcomments&post=50032"}],"version-history":[{"count":1,"href":"https:\/\/atecordoba.org\/index.php?rest_route=\/wp\/v2\/posts\/50032\/revisions"}],"predecessor-version":[{"id":50048,"href":"https:\/\/atecordoba.org\/index.php?rest_route=\/wp\/v2\/posts\/50032\/revisions\/50048"}],"wp:featuredmedia":[{"embeddable":true,"href":"https:\/\/atecordoba.org\/index.php?rest_route=\/wp\/v2\/media\/50038"}],"wp:attachment":[{"href":"https:\/\/atecordoba.org\/index.php?rest_route=%2Fwp%2Fv2%2Fmedia&parent=50032"}],"wp:term":[{"taxonomy":"category","embeddable":true,"href":"https:\/\/atecordoba.org\/index.php?rest_route=%2Fwp%2Fv2%2Fcategories&post=50032"},{"taxonomy":"post_tag","embeddable":true,"href":"https:\/\/atecordoba.org\/index.php?rest_route=%2Fwp%2Fv2%2Ftags&post=50032"}],"curies":[{"name":"wp","href":"https:\/\/api.w.org\/{rel}","templated":true}]}}