{"id":50024,"date":"2025-08-11T14:00:34","date_gmt":"2025-08-11T17:00:34","guid":{"rendered":"https:\/\/atecordoba.org\/?p=50024"},"modified":"2025-08-11T14:01:02","modified_gmt":"2025-08-11T17:01:02","slug":"solidaridad-con-los-trabajadores-de-petroquimica-rio-tercero-y-su-sindicato","status":"publish","type":"post","link":"https:\/\/atecordoba.org\/?p=50024","title":{"rendered":"Solidaridad con los trabajadores de Petroqu\u00edmica R\u00edo Tercero y su sindicato"},"content":{"rendered":"<p><img loading=\"lazy\" decoding=\"async\" class=\"aligncenter wp-image-50025 \" src=\"https:\/\/atecordoba.org\/wp-content\/uploads\/2025\/08\/WhatsApp-Image-2025-08-11-at-13.33.48-1024x576.jpeg\" alt=\"\" width=\"615\" height=\"346\" srcset=\"https:\/\/atecordoba.org\/wp-content\/uploads\/2025\/08\/WhatsApp-Image-2025-08-11-at-13.33.48-1024x576.jpeg 1024w, https:\/\/atecordoba.org\/wp-content\/uploads\/2025\/08\/WhatsApp-Image-2025-08-11-at-13.33.48-300x169.jpeg 300w, https:\/\/atecordoba.org\/wp-content\/uploads\/2025\/08\/WhatsApp-Image-2025-08-11-at-13.33.48-768x432.jpeg 768w, https:\/\/atecordoba.org\/wp-content\/uploads\/2025\/08\/WhatsApp-Image-2025-08-11-at-13.33.48-1536x864.jpeg 1536w, https:\/\/atecordoba.org\/wp-content\/uploads\/2025\/08\/WhatsApp-Image-2025-08-11-at-13.33.48-750x422.jpeg 750w, https:\/\/atecordoba.org\/wp-content\/uploads\/2025\/08\/WhatsApp-Image-2025-08-11-at-13.33.48-1140x641.jpeg 1140w, https:\/\/atecordoba.org\/wp-content\/uploads\/2025\/08\/WhatsApp-Image-2025-08-11-at-13.33.48.jpeg 1599w\" sizes=\"auto, (max-width: 615px) 100vw, 615px\" \/>Hoy el El Sindicato del Personal de Industrias Qu\u00edmicas y Petroqu\u00edmicas de R\u00edo Tercero realiz\u00f3 unas protesta frente al ingreso de Petroqu\u00edmica R\u00edo Tercero en el marco del plan de lucha que llevan adelante los trabajadores de la firma en rechazo a los despidos y ante el riesgo de cierre de la planta de producci\u00f3n.<\/p>\n<p>Desde las primeras horas del d\u00eda el personal realiz\u00f3 un acto en el lugar, donde cont\u00f3 con el apoyo de ATE y otras organizaciones, brindando la solidaridad de las y los estatales frente al dif\u00edcil momento que le toca atravesar. Estuvieron presentes miembros del Consejo Directivo Provincial, junto a integrantes de ATE R\u00edo Tercero y ATE R\u00edo Cuarto.<img loading=\"lazy\" decoding=\"async\" class=\"aligncenter wp-image-50026 \" src=\"https:\/\/atecordoba.org\/wp-content\/uploads\/2025\/08\/WhatsApp-Image-2025-08-11-at-13.55.36-1024x565.jpeg\" alt=\"\" width=\"609\" height=\"336\" srcset=\"https:\/\/atecordoba.org\/wp-content\/uploads\/2025\/08\/WhatsApp-Image-2025-08-11-at-13.55.36-1024x565.jpeg 1024w, https:\/\/atecordoba.org\/wp-content\/uploads\/2025\/08\/WhatsApp-Image-2025-08-11-at-13.55.36-300x166.jpeg 300w, https:\/\/atecordoba.org\/wp-content\/uploads\/2025\/08\/WhatsApp-Image-2025-08-11-at-13.55.36-768x424.jpeg 768w, https:\/\/atecordoba.org\/wp-content\/uploads\/2025\/08\/WhatsApp-Image-2025-08-11-at-13.55.36-750x414.jpeg 750w, https:\/\/atecordoba.org\/wp-content\/uploads\/2025\/08\/WhatsApp-Image-2025-08-11-at-13.55.36.jpeg 1080w\" sizes=\"auto, (max-width: 609px) 100vw, 609px\" \/><\/p>\n<p>Vale mencionar que, a pesar de encontrarse en conciliaci\u00f3n obligatoria, la empresa no ha pagado los sueldos, obligaci\u00f3n de la patronal para demostrar buena fe para dialogar durante el conflicto.<\/p>\n<div id='gallery_1' class='gallery galleryid-50024 gallery-columns-2 gallery-size-medium'><figure class='gallery-item'>\n                <div class='gallery-icon portrait'>\n                    <a href='https:\/\/atecordoba.org\/wp-content\/uploads\/2025\/08\/WhatsApp-Image-2025-08-11-at-13.33.47-1.jpeg'><img loading=\"lazy\" decoding=\"async\" width=\"169\" height=\"300\" src=\"\" class=\"attachment-medium size-medium lazyload\" alt=\"\" data-src=\"https:\/\/atecordoba.org\/wp-content\/uploads\/2025\/08\/WhatsApp-Image-2025-08-11-at-13.33.47-1-169x300.jpeg\" data-sizes=\"auto\" data-srcset=\"https:\/\/atecordoba.org\/wp-content\/uploads\/2025\/08\/WhatsApp-Image-2025-08-11-at-13.33.47-1-169x300.jpeg 169w, https:\/\/atecordoba.org\/wp-content\/uploads\/2025\/08\/WhatsApp-Image-2025-08-11-at-13.33.47-1-576x1024.jpeg 576w, https:\/\/atecordoba.org\/wp-content\/uploads\/2025\/08\/WhatsApp-Image-2025-08-11-at-13.33.47-1-768x1366.jpeg 768w, https:\/\/atecordoba.org\/wp-content\/uploads\/2025\/08\/WhatsApp-Image-2025-08-11-at-13.33.47-1-864x1536.jpeg 864w, https:\/\/atecordoba.org\/wp-content\/uploads\/2025\/08\/WhatsApp-Image-2025-08-11-at-13.33.47-1-750x1334.jpeg 750w, https:\/\/atecordoba.org\/wp-content\/uploads\/2025\/08\/WhatsApp-Image-2025-08-11-at-13.33.47-1.jpeg 899w\" data-expand=\"700\" \/><\/a>\n                <\/div><\/figure><figure class='gallery-item'>\n                <div class='gallery-icon portrait'>\n                    <a href='https:\/\/atecordoba.org\/wp-content\/uploads\/2025\/08\/WhatsApp-Image-2025-08-11-at-13.33.48-1.jpeg'><img loading=\"lazy\" decoding=\"async\" width=\"169\" height=\"300\" src=\"\" class=\"attachment-medium size-medium lazyload\" alt=\"\" data-src=\"https:\/\/atecordoba.org\/wp-content\/uploads\/2025\/08\/WhatsApp-Image-2025-08-11-at-13.33.48-1-169x300.jpeg\" data-sizes=\"auto\" data-srcset=\"https:\/\/atecordoba.org\/wp-content\/uploads\/2025\/08\/WhatsApp-Image-2025-08-11-at-13.33.48-1-169x300.jpeg 169w, https:\/\/atecordoba.org\/wp-content\/uploads\/2025\/08\/WhatsApp-Image-2025-08-11-at-13.33.48-1-576x1024.jpeg 576w, https:\/\/atecordoba.org\/wp-content\/uploads\/2025\/08\/WhatsApp-Image-2025-08-11-at-13.33.48-1-768x1366.jpeg 768w, https:\/\/atecordoba.org\/wp-content\/uploads\/2025\/08\/WhatsApp-Image-2025-08-11-at-13.33.48-1-864x1536.jpeg 864w, https:\/\/atecordoba.org\/wp-content\/uploads\/2025\/08\/WhatsApp-Image-2025-08-11-at-13.33.48-1-750x1334.jpeg 750w, https:\/\/atecordoba.org\/wp-content\/uploads\/2025\/08\/WhatsApp-Image-2025-08-11-at-13.33.48-1.jpeg 899w\" data-expand=\"700\" \/><\/a>\n                <\/div><\/figure><br style=\"clear: both\" \/>\n            <\/div>\n\n<p>&#8220;Responsabilizamos a los gobiernos local, provincial y nacional de la seguridad de las y los trabajadores, denunciamos que la empresa en representaci\u00f3n de sus gerentes extorsionaron al sindicato a efectuar el %50 por ciento del salario a cambio que desconoci\u00e9ramos la conciliaci\u00f3n obligatoria y entregar\u00edamos el futuro de los compa\u00f1eros tanto despedidos como dispensados&#8221;, denunci\u00f3 el sindicato.<\/p>\n<p>En este marco, solidaridad y lucha de la clase trabajadora.<\/p>\n","protected":false},"excerpt":{"rendered":"<p>Hoy el El Sindicato del Personal de Industrias Qu\u00edmicas y Petroqu\u00edmicas de R\u00edo Tercero realiz\u00f3 unas protesta frente al ingreso de Petroqu\u00edmica R\u00edo Tercero en el marco del plan de lucha que llevan adelante los trabajadores de la firma en rechazo a los despidos y ante el riesgo de cierre de la planta de producci\u00f3n. [&hellip;]<\/p>\n","protected":false},"author":7,"featured_media":50026,"comment_status":"open","ping_status":"open","sticky":false,"template":"","format":"standard","meta":{"_exactmetrics_skip_tracking":false,"_exactmetrics_sitenote_active":false,"_exactmetrics_sitenote_note":"","_exactmetrics_sitenote_category":0,"jnews-multi-image_gallery":[],"jnews_single_post":{"format":"standard","override":[{"template":"1","parallax":"1","fullscreen":"1","layout":"no-sidebar-narrow","sidebar":"default-sidebar","second_sidebar":"default-sidebar","sticky_sidebar":"1","share_position":"bottom","share_float_style":"share-monocrhome","show_share_counter":"1","show_view_counter":"1","show_post_meta":"1","show_post_author_image":"1","show_post_date":"1","post_date_format":"default","post_date_format_custom":"Y\/m\/d","show_post_category":"1","show_post_reading_time":"0","post_reading_time_wpm":"300","post_calculate_word_method":"str_word_count","show_zoom_button":"0","zoom_button_out_step":"2","zoom_button_in_step":"3","show_post_tag":"1","number_popup_post":"1","show_post_related":"1","show_inline_post_related":"0"}],"image_override":[{"single_post_thumbnail_size":"crop-500","single_post_gallery_size":"crop-500"}],"trending_post_position":"meta","trending_post_label":"Trending","sponsored_post_label":"Sponsored by","disable_ad":"0"},"jnews_primary_category":[],"jnews_social_meta":[],"jnews_review":[],"enable_review":"","type":"percentage","name":"","summary":"","brand":"","sku":"","good":[],"bad":[],"score_override":"","override_value":"","rating":[],"price":[],"jnews_override_counter":{"view_counter_number":"0","share_counter_number":"0","like_counter_number":"0","dislike_counter_number":"0"},"jnews_post_split":{"post_split":[{"template":"1","tag":"h2","numbering":"asc","mode":"normal","first":"0","enable_toc":"0","toc_type":"normal"}]},"footnotes":""},"categories":[10],"tags":[],"class_list":["post-50024","post","type-post","status-publish","format-standard","has-post-thumbnail","hentry","category-accion-politica"],"jetpack_featured_media_url":"https:\/\/atecordoba.org\/wp-content\/uploads\/2025\/08\/WhatsApp-Image-2025-08-11-at-13.55.36.jpeg","_links":{"self":[{"href":"https:\/\/atecordoba.org\/index.php?rest_route=\/wp\/v2\/posts\/50024","targetHints":{"allow":["GET"]}}],"collection":[{"href":"https:\/\/atecordoba.org\/index.php?rest_route=\/wp\/v2\/posts"}],"about":[{"href":"https:\/\/atecordoba.org\/index.php?rest_route=\/wp\/v2\/types\/post"}],"author":[{"embeddable":true,"href":"https:\/\/atecordoba.org\/index.php?rest_route=\/wp\/v2\/users\/7"}],"replies":[{"embeddable":true,"href":"https:\/\/atecordoba.org\/index.php?rest_route=%2Fwp%2Fv2%2Fcomments&post=50024"}],"version-history":[{"count":2,"href":"https:\/\/atecordoba.org\/index.php?rest_route=\/wp\/v2\/posts\/50024\/revisions"}],"predecessor-version":[{"id":50030,"href":"https:\/\/atecordoba.org\/index.php?rest_route=\/wp\/v2\/posts\/50024\/revisions\/50030"}],"wp:featuredmedia":[{"embeddable":true,"href":"https:\/\/atecordoba.org\/index.php?rest_route=\/wp\/v2\/media\/50026"}],"wp:attachment":[{"href":"https:\/\/atecordoba.org\/index.php?rest_route=%2Fwp%2Fv2%2Fmedia&parent=50024"}],"wp:term":[{"taxonomy":"category","embeddable":true,"href":"https:\/\/atecordoba.org\/index.php?rest_route=%2Fwp%2Fv2%2Fcategories&post=50024"},{"taxonomy":"post_tag","embeddable":true,"href":"https:\/\/atecordoba.org\/index.php?rest_route=%2Fwp%2Fv2%2Ftags&post=50024"}],"curies":[{"name":"wp","href":"https:\/\/api.w.org\/{rel}","templated":true}]}}