{"id":50019,"date":"2025-08-11T10:54:08","date_gmt":"2025-08-11T13:54:08","guid":{"rendered":"https:\/\/atecordoba.org\/?p=50019"},"modified":"2025-08-11T10:55:36","modified_gmt":"2025-08-11T13:55:36","slug":"hacia-un-plenario-provincial-de-delegados-de-ate-cordoba-reunion-del-cdp-y-seccionales-en-rio-cuarto","status":"publish","type":"post","link":"https:\/\/atecordoba.org\/?p=50019","title":{"rendered":"Hacia un Plenario Provincial de Delegados de ATE C\u00f3rdoba: reuni\u00f3n  del CDP y seccionales en R\u00edo Cuarto"},"content":{"rendered":"<p><img loading=\"lazy\" decoding=\"async\" class=\"aligncenter wp-image-50020 \" src=\"https:\/\/atecordoba.org\/wp-content\/uploads\/2025\/08\/reunion-cdp-seccionales-rio-4-1024x721.jpg\" alt=\"\" width=\"618\" height=\"435\" srcset=\"https:\/\/atecordoba.org\/wp-content\/uploads\/2025\/08\/reunion-cdp-seccionales-rio-4-1024x721.jpg 1024w, https:\/\/atecordoba.org\/wp-content\/uploads\/2025\/08\/reunion-cdp-seccionales-rio-4-300x211.jpg 300w, https:\/\/atecordoba.org\/wp-content\/uploads\/2025\/08\/reunion-cdp-seccionales-rio-4-768x541.jpg 768w, https:\/\/atecordoba.org\/wp-content\/uploads\/2025\/08\/reunion-cdp-seccionales-rio-4-750x528.jpg 750w, https:\/\/atecordoba.org\/wp-content\/uploads\/2025\/08\/reunion-cdp-seccionales-rio-4-1140x803.jpg 1140w, https:\/\/atecordoba.org\/wp-content\/uploads\/2025\/08\/reunion-cdp-seccionales-rio-4.jpg 1439w\" sizes=\"auto, (max-width: 618px) 100vw, 618px\" \/>El viernes pasado, en R\u00edo Cuarto, se llev\u00f3 adelante una reuni\u00f3n del Consejo Directivo Provincial (CDP) de ATE C\u00f3rdoba con las seccionales del interior.<\/p>\n<p>En la ocasi\u00f3n, se acord\u00f3 trabajar y articular en unidad para enfrentar todos los desaf\u00edos que hay por delante, entendiendo que despu\u00e9s de las elecciones legislativas la crisis se va a profundizar, la coyuntura en el campo popular va a ser cada vez m\u00e1s cr\u00edtica y, para ello, hay que organizarse.<\/p>\n<p>El Secretario General de ATE y la CTA Aut\u00f3noma C\u00f3rdoba, Federico Giuliani, anunci\u00f3 el fin de semana que \u201ccomo Consejo Directivo Provincial de ATE C\u00f3rdoba estuve reunido con las secretarias generales de ATE R\u00edo Cuarto, Rafaela Alcoba; y de ATE Villa Mar\u00eda, Mar\u00eda Maturano; los secretarios generales de ATE R\u00edo Tercero, David Salto; de ATE Adelia Mar\u00eda, Diego Villegas; y de ATE Cruz Del Eje, Juan Pablo Pozzi\u201d.<\/p>\n<p>Y agreg\u00f3: \u201cen el encuentro intercambiamos puntos de vista sobre la realidad en los territorios provinciales y planificamos un Plenario General de Delegados y Delegadas para septiembre\u201d.<\/p>\n<p>Por su parte, desde ATE R\u00edo Tercero manifestaron: \u201cEn cada municipio de la provincia en el que nos toca representar a los trabajadores, debemos poder elevar propuestas conjuntas; seguir creciendo en los sectores provinciales, a\u00fan en la adversidad de tener leyes que beneficien a gremios \u2018amigos\u2019 del poder; y en los nacionales seguir resistiendo el plan motosierra que tanto da\u00f1o nos hace\u201d.<\/p>\n<p>\u201cEl objetivo de ATE en la provincia de C\u00f3rdoba es construir, a\u00fan con diferencias, una mirada que unifica la lucha, la construcci\u00f3n y el crecimiento. La madurez pol\u00edtica para construir unidad pensando en nuestros afiliados y no en intereses personales\u201d, concluye la conducci\u00f3n provincial de ATE.<\/p>\n","protected":false},"excerpt":{"rendered":"<p>El viernes pasado, en R\u00edo Cuarto, se llev\u00f3 adelante una reuni\u00f3n del Consejo Directivo Provincial (CDP) de ATE C\u00f3rdoba con las seccionales del interior. En la ocasi\u00f3n, se acord\u00f3 trabajar y articular en unidad para enfrentar todos los desaf\u00edos que hay por delante, entendiendo que despu\u00e9s de las elecciones legislativas la crisis se va a [&hellip;]<\/p>\n","protected":false},"author":7,"featured_media":50020,"comment_status":"open","ping_status":"open","sticky":false,"template":"","format":"standard","meta":{"_exactmetrics_skip_tracking":false,"_exactmetrics_sitenote_active":false,"_exactmetrics_sitenote_note":"","_exactmetrics_sitenote_category":0,"jnews-multi-image_gallery":[],"jnews_single_post":{"format":"standard","override":[{"template":"1","parallax":"1","fullscreen":"1","layout":"no-sidebar-narrow","sidebar":"default-sidebar","second_sidebar":"default-sidebar","sticky_sidebar":"1","share_position":"bottom","share_float_style":"share-monocrhome","show_share_counter":"1","show_view_counter":"1","show_post_meta":"1","show_post_author_image":"1","show_post_date":"1","post_date_format":"default","post_date_format_custom":"Y\/m\/d","show_post_category":"1","show_post_reading_time":"0","post_reading_time_wpm":"300","post_calculate_word_method":"str_word_count","show_zoom_button":"0","zoom_button_out_step":"2","zoom_button_in_step":"3","show_post_tag":"1","number_popup_post":"1","show_post_related":"1","show_inline_post_related":"0"}],"image_override":[{"single_post_thumbnail_size":"crop-500","single_post_gallery_size":"crop-500"}],"trending_post_position":"meta","trending_post_label":"Trending","sponsored_post_label":"Sponsored by","disable_ad":"0"},"jnews_primary_category":[],"jnews_social_meta":[],"jnews_review":[],"enable_review":"","type":"percentage","name":"","summary":"","brand":"","sku":"","good":[],"bad":[],"score_override":"","override_value":"","rating":[],"price":[],"jnews_override_counter":{"view_counter_number":"0","share_counter_number":"0","like_counter_number":"0","dislike_counter_number":"0"},"jnews_post_split":{"post_split":[{"template":"1","tag":"h2","numbering":"asc","mode":"normal","first":"0","enable_toc":"0","toc_type":"normal"}]},"footnotes":""},"categories":[341,1],"tags":[],"class_list":["post-50019","post","type-post","status-publish","format-standard","has-post-thumbnail","hentry","category-cdp","category-sin-categoria"],"jetpack_featured_media_url":"https:\/\/atecordoba.org\/wp-content\/uploads\/2025\/08\/reunion-cdp-seccionales-rio-4.jpg","_links":{"self":[{"href":"https:\/\/atecordoba.org\/index.php?rest_route=\/wp\/v2\/posts\/50019","targetHints":{"allow":["GET"]}}],"collection":[{"href":"https:\/\/atecordoba.org\/index.php?rest_route=\/wp\/v2\/posts"}],"about":[{"href":"https:\/\/atecordoba.org\/index.php?rest_route=\/wp\/v2\/types\/post"}],"author":[{"embeddable":true,"href":"https:\/\/atecordoba.org\/index.php?rest_route=\/wp\/v2\/users\/7"}],"replies":[{"embeddable":true,"href":"https:\/\/atecordoba.org\/index.php?rest_route=%2Fwp%2Fv2%2Fcomments&post=50019"}],"version-history":[{"count":1,"href":"https:\/\/atecordoba.org\/index.php?rest_route=\/wp\/v2\/posts\/50019\/revisions"}],"predecessor-version":[{"id":50022,"href":"https:\/\/atecordoba.org\/index.php?rest_route=\/wp\/v2\/posts\/50019\/revisions\/50022"}],"wp:featuredmedia":[{"embeddable":true,"href":"https:\/\/atecordoba.org\/index.php?rest_route=\/wp\/v2\/media\/50020"}],"wp:attachment":[{"href":"https:\/\/atecordoba.org\/index.php?rest_route=%2Fwp%2Fv2%2Fmedia&parent=50019"}],"wp:term":[{"taxonomy":"category","embeddable":true,"href":"https:\/\/atecordoba.org\/index.php?rest_route=%2Fwp%2Fv2%2Fcategories&post=50019"},{"taxonomy":"post_tag","embeddable":true,"href":"https:\/\/atecordoba.org\/index.php?rest_route=%2Fwp%2Fv2%2Ftags&post=50019"}],"curies":[{"name":"wp","href":"https:\/\/api.w.org\/{rel}","templated":true}]}}