{"id":50012,"date":"2025-08-11T10:33:34","date_gmt":"2025-08-11T13:33:34","guid":{"rendered":"https:\/\/atecordoba.org\/?p=50012"},"modified":"2025-08-11T10:42:52","modified_gmt":"2025-08-11T13:42:52","slug":"comienzan-manana-las-jornadas-internacionalistas-en-ate-cuba-resistencia-palestina-y-venezuela","status":"publish","type":"post","link":"https:\/\/atecordoba.org\/?p=50012","title":{"rendered":"Comienzan ma\u00f1ana las Jornadas Internacionalistas en ATE: Cuba, Resistencia Palestina y Venezuela"},"content":{"rendered":"<p><img loading=\"lazy\" decoding=\"async\" class=\"aligncenter wp-image-50013 size-full\" src=\"https:\/\/atecordoba.org\/wp-content\/uploads\/2025\/08\/flyer-pelicula-cubana.jpg\" alt=\"\" width=\"509\" height=\"720\" srcset=\"https:\/\/atecordoba.org\/wp-content\/uploads\/2025\/08\/flyer-pelicula-cubana.jpg 509w, https:\/\/atecordoba.org\/wp-content\/uploads\/2025\/08\/flyer-pelicula-cubana-212x300.jpg 212w\" sizes=\"auto, (max-width: 509px) 100vw, 509px\" \/>En defensa de Cuba, la resistencia de Palestina y la Revoluci\u00f3n Bolivariana de Venezuela, se inician ma\u00f1ana 12 de agosto las Jornadas Internacionalistas organizadas por ATE C\u00f3rdoba.<\/p>\n<p>ATE llama a participar de esta importante actividad en defensa de los pueblos libres contra el ataque permanente y genocida del imperialismo yanky-sionista.<img loading=\"lazy\" decoding=\"async\" class=\" wp-image-50014 alignright\" src=\"https:\/\/atecordoba.org\/wp-content\/uploads\/2025\/08\/cubanas_mujeres_en_revolucion-297704976-large-232x300.jpg\" alt=\"\" width=\"349\" height=\"451\" srcset=\"https:\/\/atecordoba.org\/wp-content\/uploads\/2025\/08\/cubanas_mujeres_en_revolucion-297704976-large-232x300.jpg 232w, https:\/\/atecordoba.org\/wp-content\/uploads\/2025\/08\/cubanas_mujeres_en_revolucion-297704976-large.jpg 435w\" sizes=\"auto, (max-width: 349px) 100vw, 349px\" \/><\/p>\n<p>A partir de las 18 horas, en el auditorio H\u00e9ctor La Perra Castro de la sede del Consejo Directivo Provincial, se llevar\u00e1 a cabo una charla-debate, con la proyecci\u00f3n del film <em>Cubanas, guardianas de la Revoluci\u00f3n\u201d.\u00a0<\/em>Una pel\u00edcula de Mar\u00eda Torrellas que rescata las voces imprescindibles de las mujeres en la Revoluci\u00f3n Cubana.<\/p>\n<p>La jornada contar\u00e1 con un panel de lujo, integrado por Claudia Camba, directora de la Cl\u00ednica Ernesto \u201cChe\u201d Guevara, Mar\u00eda Torrellas, directora de la pel\u00edcula, Nancy Luc\u00eda Chac\u00f3n Arteaga, presidenta de la C\u00e1tedra de \u00c9tica Aplicada, Universidad de Ciencias Pedag\u00f3gicas y\u00a0Enrique Jos\u00e9 Varona (La Habana), con la moderaci\u00f3n del secretario General de ATE C\u00f3rdobas, Federico Giuliani.<\/p>\n<p>ATE organiza esta actividad pol\u00edtico cultural, reafirmando los principios de solidaridad internacional, junto a la CTAA, la Fundaci\u00f3n UMMEP, la Comisi\u00f3n de Solidaridad Palestina en C\u00f3rdoba, el Partido Comunista, OLP Resistir y Luchar, y Resumen Latinoamericano.<\/p>\n<p>No te lo pierdas. Tra\u00e9 tu mate, tu bandera y tus ganas de debatir por una Patria Grande, Libre y Soberana.<\/p>\n<p>&nbsp;<\/p>\n<p>&nbsp;<\/p>\n<p>&nbsp;<\/p>\n","protected":false},"excerpt":{"rendered":"<p>En defensa de Cuba, la resistencia de Palestina y la Revoluci\u00f3n Bolivariana de Venezuela, se inician ma\u00f1ana 12 de agosto las Jornadas Internacionalistas organizadas por ATE C\u00f3rdoba. ATE llama a participar de esta importante actividad en defensa de los pueblos libres contra el ataque permanente y genocida del imperialismo yanky-sionista. A partir de las 18 [&hellip;]<\/p>\n","protected":false},"author":7,"featured_media":50014,"comment_status":"open","ping_status":"open","sticky":false,"template":"","format":"standard","meta":{"_exactmetrics_skip_tracking":false,"_exactmetrics_sitenote_active":false,"_exactmetrics_sitenote_note":"","_exactmetrics_sitenote_category":0,"jnews-multi-image_gallery":[],"jnews_single_post":{"format":"standard","override":[{"template":"1","parallax":"1","fullscreen":"1","layout":"no-sidebar-narrow","sidebar":"default-sidebar","second_sidebar":"default-sidebar","sticky_sidebar":"1","share_position":"bottom","share_float_style":"share-monocrhome","show_share_counter":"1","show_view_counter":"1","show_post_meta":"1","show_post_author_image":"1","show_post_date":"1","post_date_format":"default","post_date_format_custom":"Y\/m\/d","show_post_category":"1","show_post_reading_time":"0","post_reading_time_wpm":"300","post_calculate_word_method":"str_word_count","show_zoom_button":"0","zoom_button_out_step":"2","zoom_button_in_step":"3","show_post_tag":"1","number_popup_post":"1","show_post_related":"1","show_inline_post_related":"0"}],"image_override":[{"single_post_thumbnail_size":"crop-500","single_post_gallery_size":"crop-500"}],"trending_post_position":"meta","trending_post_label":"Trending","sponsored_post_label":"Sponsored by","disable_ad":"0"},"jnews_primary_category":[],"jnews_social_meta":[],"jnews_review":[],"enable_review":"","type":"percentage","name":"","summary":"","brand":"","sku":"","good":[],"bad":[],"score_override":"","override_value":"","rating":[],"price":[],"jnews_override_counter":{"view_counter_number":"0","share_counter_number":"0","like_counter_number":"0","dislike_counter_number":"0"},"jnews_post_split":{"post_split":[{"template":"1","tag":"h2","numbering":"asc","mode":"normal","first":"0","enable_toc":"0","toc_type":"normal"}]},"footnotes":""},"categories":[10,108],"tags":[],"class_list":["post-50012","post","type-post","status-publish","format-standard","has-post-thumbnail","hentry","category-accion-politica","category-internacional"],"jetpack_featured_media_url":"https:\/\/atecordoba.org\/wp-content\/uploads\/2025\/08\/cubanas_mujeres_en_revolucion-297704976-large.jpg","_links":{"self":[{"href":"https:\/\/atecordoba.org\/index.php?rest_route=\/wp\/v2\/posts\/50012","targetHints":{"allow":["GET"]}}],"collection":[{"href":"https:\/\/atecordoba.org\/index.php?rest_route=\/wp\/v2\/posts"}],"about":[{"href":"https:\/\/atecordoba.org\/index.php?rest_route=\/wp\/v2\/types\/post"}],"author":[{"embeddable":true,"href":"https:\/\/atecordoba.org\/index.php?rest_route=\/wp\/v2\/users\/7"}],"replies":[{"embeddable":true,"href":"https:\/\/atecordoba.org\/index.php?rest_route=%2Fwp%2Fv2%2Fcomments&post=50012"}],"version-history":[{"count":3,"href":"https:\/\/atecordoba.org\/index.php?rest_route=\/wp\/v2\/posts\/50012\/revisions"}],"predecessor-version":[{"id":50017,"href":"https:\/\/atecordoba.org\/index.php?rest_route=\/wp\/v2\/posts\/50012\/revisions\/50017"}],"wp:featuredmedia":[{"embeddable":true,"href":"https:\/\/atecordoba.org\/index.php?rest_route=\/wp\/v2\/media\/50014"}],"wp:attachment":[{"href":"https:\/\/atecordoba.org\/index.php?rest_route=%2Fwp%2Fv2%2Fmedia&parent=50012"}],"wp:term":[{"taxonomy":"category","embeddable":true,"href":"https:\/\/atecordoba.org\/index.php?rest_route=%2Fwp%2Fv2%2Fcategories&post=50012"},{"taxonomy":"post_tag","embeddable":true,"href":"https:\/\/atecordoba.org\/index.php?rest_route=%2Fwp%2Fv2%2Ftags&post=50012"}],"curies":[{"name":"wp","href":"https:\/\/api.w.org\/{rel}","templated":true}]}}