{"id":49982,"date":"2025-08-07T13:05:36","date_gmt":"2025-08-07T16:05:36","guid":{"rendered":"https:\/\/atecordoba.org\/?p=49982"},"modified":"2025-08-07T14:38:15","modified_gmt":"2025-08-07T17:38:15","slug":"salsipuedes-el-departamento-ejecutivo-pide-cuarto-intermedio-en-la-audiencia-paritaria","status":"publish","type":"post","link":"https:\/\/atecordoba.org\/?p=49982","title":{"rendered":"Salsipuedes: el Departamento Ejecutivo pide cuarto intermedio en la audiencia paritaria"},"content":{"rendered":"<p><img loading=\"lazy\" decoding=\"async\" class=\"aligncenter wp-image-49983 \" src=\"https:\/\/atecordoba.org\/wp-content\/uploads\/2025\/08\/WhatsApp-Image-2025-08-07-at-12.51.12-1024x768.jpeg\" alt=\"\" width=\"626\" height=\"470\" srcset=\"https:\/\/atecordoba.org\/wp-content\/uploads\/2025\/08\/WhatsApp-Image-2025-08-07-at-12.51.12-1024x768.jpeg 1024w, https:\/\/atecordoba.org\/wp-content\/uploads\/2025\/08\/WhatsApp-Image-2025-08-07-at-12.51.12-300x225.jpeg 300w, https:\/\/atecordoba.org\/wp-content\/uploads\/2025\/08\/WhatsApp-Image-2025-08-07-at-12.51.12-768x576.jpeg 768w, https:\/\/atecordoba.org\/wp-content\/uploads\/2025\/08\/WhatsApp-Image-2025-08-07-at-12.51.12-750x563.jpeg 750w, https:\/\/atecordoba.org\/wp-content\/uploads\/2025\/08\/WhatsApp-Image-2025-08-07-at-12.51.12-1140x855.jpeg 1140w, https:\/\/atecordoba.org\/wp-content\/uploads\/2025\/08\/WhatsApp-Image-2025-08-07-at-12.51.12.jpeg 1280w\" sizes=\"auto, (max-width: 626px) 100vw, 626px\" \/>En una audiencia paritaria desarrollada hoy en la Secretar\u00eda de Trabajo de la provincia, la Municipalidad de Salsipuedes solicit\u00f3 a ATE un cuarto intermedio en la negociaci\u00f3n salarial.<\/p>\n<p>La patronal estuvo representada por el secretario de Gobierno, Jos\u00e9 Combina, en tanto ATE cont\u00f3 con la presencia de la secretaria de Prensa del Consejo Directivo Provincial, Julia Giuliani, su par de Organizaci\u00f3n, Javier Bracamonte, y los delegados Vladimir Su\u00e1rez, y Luis Tapia.<\/p>\n<p>ATE mantuvo un largo conflicto durante ocho jornadas en reclamo de un 63% de recomposici\u00f3n salarial prorrateado en cuatro meses, mientras el Ejecutivo ofreci\u00f3 seguir el aumento del IPC, que para julio significa 1.6%.<\/p>\n<p>Tras negarse a abrir el di\u00e1logo, finalmente la Municipalidad accedi\u00f3 a negociar con nuestro sindicato.<\/p>\n","protected":false},"excerpt":{"rendered":"<p>En una audiencia paritaria desarrollada hoy en la Secretar\u00eda de Trabajo de la provincia, la Municipalidad de Salsipuedes solicit\u00f3 a ATE un cuarto intermedio en la negociaci\u00f3n salarial. La patronal estuvo representada por el secretario de Gobierno, Jos\u00e9 Combina, en tanto ATE cont\u00f3 con la presencia de la secretaria de Prensa del Consejo Directivo Provincial, [&hellip;]<\/p>\n","protected":false},"author":7,"featured_media":49983,"comment_status":"open","ping_status":"open","sticky":false,"template":"","format":"standard","meta":{"_exactmetrics_skip_tracking":false,"_exactmetrics_sitenote_active":false,"_exactmetrics_sitenote_note":"","_exactmetrics_sitenote_category":0,"jnews-multi-image_gallery":[],"jnews_single_post":{"format":"standard","override":[{"template":"1","parallax":"1","fullscreen":"1","layout":"no-sidebar-narrow","sidebar":"default-sidebar","second_sidebar":"default-sidebar","sticky_sidebar":"1","share_position":"bottom","share_float_style":"share-monocrhome","show_share_counter":"1","show_view_counter":"1","show_post_meta":"1","show_post_author_image":"1","show_post_date":"1","post_date_format":"default","post_date_format_custom":"Y\/m\/d","show_post_category":"1","show_post_reading_time":"0","post_reading_time_wpm":"300","post_calculate_word_method":"str_word_count","show_zoom_button":"0","zoom_button_out_step":"2","zoom_button_in_step":"3","show_post_tag":"1","number_popup_post":"1","show_post_related":"1","show_inline_post_related":"0"}],"image_override":[{"single_post_thumbnail_size":"crop-500","single_post_gallery_size":"crop-500"}],"trending_post_position":"meta","trending_post_label":"Trending","sponsored_post_label":"Sponsored by","disable_ad":"0"},"jnews_primary_category":[],"jnews_social_meta":[],"jnews_review":[],"enable_review":"","type":"percentage","name":"","summary":"","brand":"","sku":"","good":[],"bad":[],"score_override":"","override_value":"","rating":[],"price":[],"jnews_override_counter":{"view_counter_number":"0","share_counter_number":"0","like_counter_number":"0","dislike_counter_number":"0"},"jnews_post_split":{"post_split":[{"template":"1","tag":"h2","numbering":"asc","mode":"normal","first":"0","enable_toc":"0","toc_type":"normal"}]},"footnotes":""},"categories":[20],"tags":[],"class_list":["post-49982","post","type-post","status-publish","format-standard","has-post-thumbnail","hentry","category-municipales"],"jetpack_featured_media_url":"https:\/\/atecordoba.org\/wp-content\/uploads\/2025\/08\/WhatsApp-Image-2025-08-07-at-12.51.12.jpeg","_links":{"self":[{"href":"https:\/\/atecordoba.org\/index.php?rest_route=\/wp\/v2\/posts\/49982","targetHints":{"allow":["GET"]}}],"collection":[{"href":"https:\/\/atecordoba.org\/index.php?rest_route=\/wp\/v2\/posts"}],"about":[{"href":"https:\/\/atecordoba.org\/index.php?rest_route=\/wp\/v2\/types\/post"}],"author":[{"embeddable":true,"href":"https:\/\/atecordoba.org\/index.php?rest_route=\/wp\/v2\/users\/7"}],"replies":[{"embeddable":true,"href":"https:\/\/atecordoba.org\/index.php?rest_route=%2Fwp%2Fv2%2Fcomments&post=49982"}],"version-history":[{"count":2,"href":"https:\/\/atecordoba.org\/index.php?rest_route=\/wp\/v2\/posts\/49982\/revisions"}],"predecessor-version":[{"id":50005,"href":"https:\/\/atecordoba.org\/index.php?rest_route=\/wp\/v2\/posts\/49982\/revisions\/50005"}],"wp:featuredmedia":[{"embeddable":true,"href":"https:\/\/atecordoba.org\/index.php?rest_route=\/wp\/v2\/media\/49983"}],"wp:attachment":[{"href":"https:\/\/atecordoba.org\/index.php?rest_route=%2Fwp%2Fv2%2Fmedia&parent=49982"}],"wp:term":[{"taxonomy":"category","embeddable":true,"href":"https:\/\/atecordoba.org\/index.php?rest_route=%2Fwp%2Fv2%2Fcategories&post=49982"},{"taxonomy":"post_tag","embeddable":true,"href":"https:\/\/atecordoba.org\/index.php?rest_route=%2Fwp%2Fv2%2Ftags&post=49982"}],"curies":[{"name":"wp","href":"https:\/\/api.w.org\/{rel}","templated":true}]}}