{"id":49977,"date":"2025-08-07T12:51:25","date_gmt":"2025-08-07T15:51:25","guid":{"rendered":"https:\/\/atecordoba.org\/?p=49977"},"modified":"2025-08-07T12:51:25","modified_gmt":"2025-08-07T15:51:25","slug":"los-hornillos-asamblea-intima-respuesta-urgente-a-la-comuna-a-reclamos-gremiales","status":"publish","type":"post","link":"https:\/\/atecordoba.org\/?p=49977","title":{"rendered":"Los Hornillos: asamblea intima respuesta urgente a la comuna a reclamos gremiales"},"content":{"rendered":"<p><img loading=\"lazy\" decoding=\"async\" class=\"aligncenter wp-image-49978 \" src=\"https:\/\/atecordoba.org\/wp-content\/uploads\/2025\/08\/WhatsApp-Image-2025-08-07-at-11.30.27-768x1024.jpeg\" alt=\"\" width=\"613\" height=\"818\" srcset=\"https:\/\/atecordoba.org\/wp-content\/uploads\/2025\/08\/WhatsApp-Image-2025-08-07-at-11.30.27-768x1024.jpeg 768w, https:\/\/atecordoba.org\/wp-content\/uploads\/2025\/08\/WhatsApp-Image-2025-08-07-at-11.30.27-225x300.jpeg 225w, https:\/\/atecordoba.org\/wp-content\/uploads\/2025\/08\/WhatsApp-Image-2025-08-07-at-11.30.27-1152x1536.jpeg 1152w, https:\/\/atecordoba.org\/wp-content\/uploads\/2025\/08\/WhatsApp-Image-2025-08-07-at-11.30.27-750x1000.jpeg 750w, https:\/\/atecordoba.org\/wp-content\/uploads\/2025\/08\/WhatsApp-Image-2025-08-07-at-11.30.27-1140x1520.jpeg 1140w, https:\/\/atecordoba.org\/wp-content\/uploads\/2025\/08\/WhatsApp-Image-2025-08-07-at-11.30.27.jpeg 1200w\" sizes=\"auto, (max-width: 613px) 100vw, 613px\" \/>La asamblea de trabajadores y trabajadoras municipales de ATE de la Comuna Los Hornillos intim\u00f3 a la jefa comuna, Carolina Caballero, a dar una respuesta a la serie de planteos gremiales que viene realizando, sin obtener contestaci\u00f3n alguna hasta el momento.<\/p>\n<p>El personal fij\u00f3 un plazo de 24 horas para obtener respuesta formal ya que de lo contrario\u00a0&#8220;nos reservamos el derecho de iniciar las acciones gremiales y legales que correspondan&#8221;.<\/p>\n<p>En tal sentido, la asamblea solicit\u00f3:<\/p>\n<p>1-Aumento de los \u00edtems:<\/p>\n<ul>\n<li>Insalubridad el 15%<\/li>\n<li>asignaci\u00f3n familiar $56.475<\/li>\n<li>Asistencia 4%<\/li>\n<li>Puntualidad 8%<\/li>\n<li>Refrigerio 5%.<\/li>\n<\/ul>\n<p>2-Que el aumento impacte en el salario b\u00e1sico sea m\u00e1s el 10% qu\u00e9 otorg\u00f3 oportunamente, m\u00e1s el bono de $100.000 que el Ejecutivo prometi\u00f3 y no cumpli\u00f3.<\/p>\n<p>3-Que a los contratados se les pague del 5 al 10 de cada mes.<\/p>\n<p>4-Hasta fines de septiembre respuesta definitiva al pedido de aumento salarial del 25% solicitado oportunamente por nuestro sindicato, que se comprometi\u00f3 a dar dos partes.<\/p>\n<p>5-Cumplimiento del aumento del 20% previamente acordado, seg\u00fan consta en el acta de la \u00faltima instancia de negociaci\u00f3n entre ATE y el Departamento Ejecutivo.<\/p>\n<p><a href=\"https:\/\/atecordoba.org\/?p=49893\">ATE viene reclamando la recomposici\u00f3n de haberes<\/a> del sector, sin que Caballero concrete la medida.<\/p>\n","protected":false},"excerpt":{"rendered":"<p>La asamblea de trabajadores y trabajadoras municipales de ATE de la Comuna Los Hornillos intim\u00f3 a la jefa comuna, Carolina Caballero, a dar una respuesta a la serie de planteos gremiales que viene realizando, sin obtener contestaci\u00f3n alguna hasta el momento. El personal fij\u00f3 un plazo de 24 horas para obtener respuesta formal ya que [&hellip;]<\/p>\n","protected":false},"author":7,"featured_media":49979,"comment_status":"open","ping_status":"open","sticky":false,"template":"","format":"standard","meta":{"_exactmetrics_skip_tracking":false,"_exactmetrics_sitenote_active":false,"_exactmetrics_sitenote_note":"","_exactmetrics_sitenote_category":0,"jnews-multi-image_gallery":[],"jnews_single_post":[],"jnews_primary_category":[],"jnews_social_meta":[],"jnews_review":[],"enable_review":"","type":"","name":"","summary":"","brand":"","sku":"","good":[],"bad":[],"score_override":"","override_value":"","rating":[],"price":[],"jnews_override_counter":[],"jnews_post_split":[],"footnotes":""},"categories":[20],"tags":[],"class_list":["post-49977","post","type-post","status-publish","format-standard","has-post-thumbnail","hentry","category-municipales"],"jetpack_featured_media_url":"https:\/\/atecordoba.org\/wp-content\/uploads\/2025\/08\/WhatsApp-Image-2025-08-07-at-11.30.27-1.jpeg","_links":{"self":[{"href":"https:\/\/atecordoba.org\/index.php?rest_route=\/wp\/v2\/posts\/49977","targetHints":{"allow":["GET"]}}],"collection":[{"href":"https:\/\/atecordoba.org\/index.php?rest_route=\/wp\/v2\/posts"}],"about":[{"href":"https:\/\/atecordoba.org\/index.php?rest_route=\/wp\/v2\/types\/post"}],"author":[{"embeddable":true,"href":"https:\/\/atecordoba.org\/index.php?rest_route=\/wp\/v2\/users\/7"}],"replies":[{"embeddable":true,"href":"https:\/\/atecordoba.org\/index.php?rest_route=%2Fwp%2Fv2%2Fcomments&post=49977"}],"version-history":[{"count":1,"href":"https:\/\/atecordoba.org\/index.php?rest_route=\/wp\/v2\/posts\/49977\/revisions"}],"predecessor-version":[{"id":49980,"href":"https:\/\/atecordoba.org\/index.php?rest_route=\/wp\/v2\/posts\/49977\/revisions\/49980"}],"wp:featuredmedia":[{"embeddable":true,"href":"https:\/\/atecordoba.org\/index.php?rest_route=\/wp\/v2\/media\/49979"}],"wp:attachment":[{"href":"https:\/\/atecordoba.org\/index.php?rest_route=%2Fwp%2Fv2%2Fmedia&parent=49977"}],"wp:term":[{"taxonomy":"category","embeddable":true,"href":"https:\/\/atecordoba.org\/index.php?rest_route=%2Fwp%2Fv2%2Fcategories&post=49977"},{"taxonomy":"post_tag","embeddable":true,"href":"https:\/\/atecordoba.org\/index.php?rest_route=%2Fwp%2Fv2%2Ftags&post=49977"}],"curies":[{"name":"wp","href":"https:\/\/api.w.org\/{rel}","templated":true}]}}