{"id":49971,"date":"2025-08-07T10:56:21","date_gmt":"2025-08-07T13:56:21","guid":{"rendered":"https:\/\/atecordoba.org\/?p=49971"},"modified":"2025-08-07T10:59:00","modified_gmt":"2025-08-07T13:59:00","slug":"saldan-ate-estuvo-presente-por-primera-vez-en-la-audiencia-paritaria-con-la-municipalidad","status":"publish","type":"post","link":"https:\/\/atecordoba.org\/?p=49971","title":{"rendered":"Sald\u00e1n: ATE estuvo presente por primera vez en la audiencia paritaria con la Municipalidad"},"content":{"rendered":"<p><img loading=\"lazy\" decoding=\"async\" class=\"aligncenter wp-image-49972 \" src=\"https:\/\/atecordoba.org\/wp-content\/uploads\/2025\/08\/WhatsApp-Image-2025-08-07-at-09.19.24-1024x576.jpeg\" alt=\"\" width=\"607\" height=\"341\" srcset=\"https:\/\/atecordoba.org\/wp-content\/uploads\/2025\/08\/WhatsApp-Image-2025-08-07-at-09.19.24-1024x576.jpeg 1024w, https:\/\/atecordoba.org\/wp-content\/uploads\/2025\/08\/WhatsApp-Image-2025-08-07-at-09.19.24-300x169.jpeg 300w, https:\/\/atecordoba.org\/wp-content\/uploads\/2025\/08\/WhatsApp-Image-2025-08-07-at-09.19.24-768x432.jpeg 768w, https:\/\/atecordoba.org\/wp-content\/uploads\/2025\/08\/WhatsApp-Image-2025-08-07-at-09.19.24-750x422.jpeg 750w, https:\/\/atecordoba.org\/wp-content\/uploads\/2025\/08\/WhatsApp-Image-2025-08-07-at-09.19.24-1140x641.jpeg 1140w, https:\/\/atecordoba.org\/wp-content\/uploads\/2025\/08\/WhatsApp-Image-2025-08-07-at-09.19.24.jpeg 1280w\" sizes=\"auto, (max-width: 607px) 100vw, 607px\" \/>Ayer se desarroll\u00f3 la audiencia paritaria en la Secretar\u00eda de Trabajo de la Municipalidad de Sald\u00e1n, la primera instancia con la participaci\u00f3n de ATE como parte de la representaci\u00f3n gremial.<\/p>\n<p>La audiencia cont\u00f3 con la presencia de la intendenta Carolina Cristori, as\u00ed como de la Federaci\u00f3n Municipal. La comitiva estatal estuvo integrada por la secretaria Adjunta del Consejo Directivo Provincial, Gabriela Alcoba, y el Gremial, Jorge Chalup, los y las delegadas Soledad Carrizo, Soledad Aliendro y Cristian Romero.<\/p>\n<p>De esta forma, ATE ya forma de manera estable de la representaci\u00f3n de las y los municipales de la localidad, dando cuenta del crecimiento organizativo de nuestra organizaci\u00f3n en el interior provincial.<\/p>\n<p>En la oportunidad, el Departamento Ejecutivo formaliz\u00f3 el acuerdo previo llevado a la mesa de negociaci\u00f3n de la Federaci\u00f3n Municipal para recomponer los coeficientes por categor\u00eda, aplicando un cuarto del coeficiente cada seis meses para aplicar en los salarios a partir del mes de septiembre.<\/p>\n<p>Por otro porte, en relaci\u00f3n con lo recomposici\u00f3n salarial, el Ejecutivo acept\u00f3 la propuesta de ATE para incorporar como rubro remunerativo el \u00edtem presentismo, equivalente a la suma fija no remunerativa, de 40 mil pesos por los meses de agosto, septiembre y octubre de 2025. Asimismo, la Municipalidad asumi\u00f3 el compromiso de llamar a una reuni\u00f3n de la mesa de negociaci\u00f3n salarial en noviembre pr\u00f3ximo.<\/p>\n<a href=\"https:\/\/atecordoba.org\/wp-content\/uploads\/2025\/08\/CBA_DIDR01_2025_00000764.pdf\" class=\"pdfemb-viewer\" style=\"\" data-width=\"max\" data-height=\"max\" data-toolbar=\"bottom\" data-toolbar-fixed=\"off\">CBA_DIDR01_2025_00000764<\/a>\n","protected":false},"excerpt":{"rendered":"<p>Ayer se desarroll\u00f3 la audiencia paritaria en la Secretar\u00eda de Trabajo de la Municipalidad de Sald\u00e1n, la primera instancia con la participaci\u00f3n de ATE como parte de la representaci\u00f3n gremial. La audiencia cont\u00f3 con la presencia de la intendenta Carolina Cristori, as\u00ed como de la Federaci\u00f3n Municipal. La comitiva estatal estuvo integrada por la secretaria [&hellip;]<\/p>\n","protected":false},"author":7,"featured_media":49972,"comment_status":"open","ping_status":"open","sticky":false,"template":"","format":"standard","meta":{"_exactmetrics_skip_tracking":false,"_exactmetrics_sitenote_active":false,"_exactmetrics_sitenote_note":"","_exactmetrics_sitenote_category":0,"jnews-multi-image_gallery":[],"jnews_single_post":{"format":"standard","override":[{"template":"1","parallax":"1","fullscreen":"1","layout":"no-sidebar-narrow","sidebar":"default-sidebar","second_sidebar":"default-sidebar","sticky_sidebar":"1","share_position":"bottom","share_float_style":"share-monocrhome","show_share_counter":"1","show_view_counter":"1","show_post_meta":"1","show_post_author_image":"1","show_post_date":"1","post_date_format":"default","post_date_format_custom":"Y\/m\/d","show_post_category":"1","show_post_reading_time":"0","post_reading_time_wpm":"300","post_calculate_word_method":"str_word_count","show_zoom_button":"0","zoom_button_out_step":"2","zoom_button_in_step":"3","show_post_tag":"1","number_popup_post":"1","show_post_related":"1","show_inline_post_related":"0"}],"image_override":[{"single_post_thumbnail_size":"crop-500","single_post_gallery_size":"crop-500"}],"trending_post_position":"meta","trending_post_label":"Trending","sponsored_post_label":"Sponsored by","disable_ad":"0"},"jnews_primary_category":[],"jnews_social_meta":[],"jnews_review":[],"enable_review":"","type":"percentage","name":"","summary":"","brand":"","sku":"","good":[],"bad":[],"score_override":"","override_value":"","rating":[],"price":[],"jnews_override_counter":{"view_counter_number":"0","share_counter_number":"0","like_counter_number":"0","dislike_counter_number":"0"},"jnews_post_split":{"post_split":[{"template":"1","tag":"h2","numbering":"asc","mode":"normal","first":"0","enable_toc":"0","toc_type":"normal"}]},"footnotes":""},"categories":[20],"tags":[],"class_list":["post-49971","post","type-post","status-publish","format-standard","has-post-thumbnail","hentry","category-municipales"],"jetpack_featured_media_url":"https:\/\/atecordoba.org\/wp-content\/uploads\/2025\/08\/WhatsApp-Image-2025-08-07-at-09.19.24.jpeg","_links":{"self":[{"href":"https:\/\/atecordoba.org\/index.php?rest_route=\/wp\/v2\/posts\/49971","targetHints":{"allow":["GET"]}}],"collection":[{"href":"https:\/\/atecordoba.org\/index.php?rest_route=\/wp\/v2\/posts"}],"about":[{"href":"https:\/\/atecordoba.org\/index.php?rest_route=\/wp\/v2\/types\/post"}],"author":[{"embeddable":true,"href":"https:\/\/atecordoba.org\/index.php?rest_route=\/wp\/v2\/users\/7"}],"replies":[{"embeddable":true,"href":"https:\/\/atecordoba.org\/index.php?rest_route=%2Fwp%2Fv2%2Fcomments&post=49971"}],"version-history":[{"count":2,"href":"https:\/\/atecordoba.org\/index.php?rest_route=\/wp\/v2\/posts\/49971\/revisions"}],"predecessor-version":[{"id":49975,"href":"https:\/\/atecordoba.org\/index.php?rest_route=\/wp\/v2\/posts\/49971\/revisions\/49975"}],"wp:featuredmedia":[{"embeddable":true,"href":"https:\/\/atecordoba.org\/index.php?rest_route=\/wp\/v2\/media\/49972"}],"wp:attachment":[{"href":"https:\/\/atecordoba.org\/index.php?rest_route=%2Fwp%2Fv2%2Fmedia&parent=49971"}],"wp:term":[{"taxonomy":"category","embeddable":true,"href":"https:\/\/atecordoba.org\/index.php?rest_route=%2Fwp%2Fv2%2Fcategories&post=49971"},{"taxonomy":"post_tag","embeddable":true,"href":"https:\/\/atecordoba.org\/index.php?rest_route=%2Fwp%2Fv2%2Ftags&post=49971"}],"curies":[{"name":"wp","href":"https:\/\/api.w.org\/{rel}","templated":true}]}}