{"id":49963,"date":"2025-08-06T15:11:07","date_gmt":"2025-08-06T18:11:07","guid":{"rendered":"https:\/\/atecordoba.org\/?p=49963"},"modified":"2025-08-06T15:11:07","modified_gmt":"2025-08-06T18:11:07","slug":"conicet-jornada-de-lucha-y-feria-de-ciencias-en-plaza-san-martin-acompanando-la-ronda-no-70-de-los-jubiladosde","status":"publish","type":"post","link":"https:\/\/atecordoba.org\/?p=49963","title":{"rendered":"CONICET: Jornada de Lucha y Feria de Ciencias en Plaza San Mart\u00edn, acompa\u00f1ando la ronda N\u00ba 70 de los jubiladosde"},"content":{"rendered":"<p><img loading=\"lazy\" decoding=\"async\" class=\"aligncenter wp-image-49964 \" src=\"https:\/\/atecordoba.org\/wp-content\/uploads\/2025\/08\/WhatsApp-Image-2025-08-06-at-12.38.31-1-1024x769.jpeg\" alt=\"\" width=\"610\" height=\"458\" \/>Las y los trabajadores de CONICET C\u00f3rdoba, junto a integrantes de la Mesa Sindical de ciencia y T\u00e9cnica y miembros del Consejo Directivo Provincial (CDP) realizaron hoy la primera de las dos jornadas de protesta que el organismo de formaci\u00f3n y desarrollo cient\u00edfico estatal nacional celebran para reclamar presupuesto para el complejo cient\u00edfico tecnol\u00f3gico y la educaci\u00f3n p\u00fablica.<\/p>\n<p>La actividad consisti\u00f3 en la instalaci\u00f3n en Plaza San Mart\u00edn de una feria de ciencias, al tiempo que los y las manifestantes acompa\u00f1aron la Ronda 70 de las y los Jubilados, que se encuentran en estos d\u00edas reclamando contra el veto de Milei al aumento salarial que aprob\u00f3 el Congreso para los y las beneficiarias del sistema previsional nacional. <img loading=\"lazy\" decoding=\"async\" class=\"aligncenter wp-image-49965 \" src=\"https:\/\/atecordoba.org\/wp-content\/uploads\/2025\/08\/WhatsApp-Image-2025-08-06-at-12.38.32-1-769x1024.jpeg\" alt=\"\" width=\"613\" height=\"817\" srcset=\"https:\/\/atecordoba.org\/wp-content\/uploads\/2025\/08\/WhatsApp-Image-2025-08-06-at-12.38.32-1-769x1024.jpeg 769w, https:\/\/atecordoba.org\/wp-content\/uploads\/2025\/08\/WhatsApp-Image-2025-08-06-at-12.38.32-1-225x300.jpeg 225w, https:\/\/atecordoba.org\/wp-content\/uploads\/2025\/08\/WhatsApp-Image-2025-08-06-at-12.38.32-1-768x1023.jpeg 768w, https:\/\/atecordoba.org\/wp-content\/uploads\/2025\/08\/WhatsApp-Image-2025-08-06-at-12.38.32-1-1153x1536.jpeg 1153w, https:\/\/atecordoba.org\/wp-content\/uploads\/2025\/08\/WhatsApp-Image-2025-08-06-at-12.38.32-1-1537x2048.jpeg 1537w, https:\/\/atecordoba.org\/wp-content\/uploads\/2025\/08\/WhatsApp-Image-2025-08-06-at-12.38.32-1-750x999.jpeg 750w, https:\/\/atecordoba.org\/wp-content\/uploads\/2025\/08\/WhatsApp-Image-2025-08-06-at-12.38.32-1-1140x1519.jpeg 1140w, https:\/\/atecordoba.org\/wp-content\/uploads\/2025\/08\/WhatsApp-Image-2025-08-06-at-12.38.32-1-scaled.jpeg 1922w\" sizes=\"auto, (max-width: 613px) 100vw, 613px\" \/><\/p>\n<p>En una ma\u00f1ana soleada, la plaza fue epicentro del intercambio de paseantes y trabajadores, donde ATE CONICET pudo difundir la lamentable realidad que sufre el organismo desde el comienzo del mandato de Milei en Casa Rosada.<\/p>\n<p>Al mismo tiempo, la Junta Interna de ATE CONICET convoc\u00f3 a movilizar ma\u00f1ana junto a la comunidad universitaria en el paro con protestas p\u00fablicas que se realizar\u00e1 desde las primeras horas del d\u00eda en la Ciudad Universitaria.<\/p>\n<p>&#8220;Estamos realizando un plan de lucha con jornadas nacionales de lucha por 48 horas de CONICET, con actividades de protesta en todo el pa\u00eds. En plaza San Mart\u00edn, instalando una feria de ciencias y acompa\u00f1ando la ronda 70 de los jubilados. Ma\u00f1ana haremos corte de seis accesos de ciudad universitaria, con actividades como ollas populares, clases p\u00fablicas y un acto de cierre a las 12.30 en el pabell\u00f3n argentina.\u00a0Invitamos a toda la comunidad cient\u00edfica y la comunidad universitaria y a todo aquel que entienda que la ciencia p\u00fablica se defiende&#8221;, cont\u00f3 la secretaria de Prensa de la Junta Interna de ATE CONICET, Mar\u00eda C\u00f3rdoba.<img loading=\"lazy\" decoding=\"async\" class=\"aligncenter wp-image-49966 \" src=\"https:\/\/atecordoba.org\/wp-content\/uploads\/2025\/08\/WhatsApp-Image-2025-08-06-at-12.38.32-1024x769.jpeg\" alt=\"\" width=\"609\" height=\"457\" srcset=\"https:\/\/atecordoba.org\/wp-content\/uploads\/2025\/08\/WhatsApp-Image-2025-08-06-at-12.38.32-1024x769.jpeg 1024w, https:\/\/atecordoba.org\/wp-content\/uploads\/2025\/08\/WhatsApp-Image-2025-08-06-at-12.38.32-300x225.jpeg 300w, https:\/\/atecordoba.org\/wp-content\/uploads\/2025\/08\/WhatsApp-Image-2025-08-06-at-12.38.32-768x577.jpeg 768w, https:\/\/atecordoba.org\/wp-content\/uploads\/2025\/08\/WhatsApp-Image-2025-08-06-at-12.38.32-1536x1153.jpeg 1536w, https:\/\/atecordoba.org\/wp-content\/uploads\/2025\/08\/WhatsApp-Image-2025-08-06-at-12.38.32-2048x1537.jpeg 2048w, https:\/\/atecordoba.org\/wp-content\/uploads\/2025\/08\/WhatsApp-Image-2025-08-06-at-12.38.32-750x563.jpeg 750w, https:\/\/atecordoba.org\/wp-content\/uploads\/2025\/08\/WhatsApp-Image-2025-08-06-at-12.38.32-1140x856.jpeg 1140w\" sizes=\"auto, (max-width: 609px) 100vw, 609px\" \/><\/p>\n<p>A su turno, el secretario de DDHH del CDP, C\u00e9sar Theaux, afirm\u00f3 que &#8220;acompa\u00f1amos a los compa\u00f1eros de CONICET, INTI, INTA, defendiendo a la ciencia y el conocimiento nacional en una jornada de lucha que comienza hoy y tendr\u00e1 continuidad ma\u00f1ana, porque no solo est\u00e1 en juego la ciencia sino tambi\u00e9n la educaci\u00f3n p\u00fablica&#8221;.<\/p>\n<p>El dirigente alert\u00f3 que &#8220;C\u00f3rdoba tiene la universidad m\u00e1s antigua del pa\u00eds, y su presupuesto est\u00e1 reducido desde 2023, lo que casi le impide prestar servicios. Es un desastre lo que est\u00e1s haciendo el gobierno de Milei: veta las leyes que aprueba el Congreso para favorecer la educaci\u00f3n universitaria, la discapacidad, los jubilados. Estamos ac\u00e1 defendiendo la patria y nuestra soberan\u00eda cient\u00edfica&#8221;.<img loading=\"lazy\" decoding=\"async\" class=\"aligncenter wp-image-49967 \" src=\"https:\/\/atecordoba.org\/wp-content\/uploads\/2025\/08\/WhatsApp-Image-2025-08-06-at-12.38.30-1-769x1024.jpeg\" alt=\"\" width=\"605\" height=\"806\" srcset=\"https:\/\/atecordoba.org\/wp-content\/uploads\/2025\/08\/WhatsApp-Image-2025-08-06-at-12.38.30-1-769x1024.jpeg 769w, https:\/\/atecordoba.org\/wp-content\/uploads\/2025\/08\/WhatsApp-Image-2025-08-06-at-12.38.30-1-225x300.jpeg 225w, https:\/\/atecordoba.org\/wp-content\/uploads\/2025\/08\/WhatsApp-Image-2025-08-06-at-12.38.30-1-768x1023.jpeg 768w, https:\/\/atecordoba.org\/wp-content\/uploads\/2025\/08\/WhatsApp-Image-2025-08-06-at-12.38.30-1-1153x1536.jpeg 1153w, https:\/\/atecordoba.org\/wp-content\/uploads\/2025\/08\/WhatsApp-Image-2025-08-06-at-12.38.30-1-1537x2048.jpeg 1537w, https:\/\/atecordoba.org\/wp-content\/uploads\/2025\/08\/WhatsApp-Image-2025-08-06-at-12.38.30-1-750x999.jpeg 750w, https:\/\/atecordoba.org\/wp-content\/uploads\/2025\/08\/WhatsApp-Image-2025-08-06-at-12.38.30-1-1140x1519.jpeg 1140w, https:\/\/atecordoba.org\/wp-content\/uploads\/2025\/08\/WhatsApp-Image-2025-08-06-at-12.38.30-1-scaled.jpeg 1922w\" sizes=\"auto, (max-width: 605px) 100vw, 605px\" \/><\/p>\n<p>En tanto, el delegado de ATE CONAE y miembro de comisi\u00f3n directiva, Emiliano Baum, asegur\u00f3 que &#8220;estamos junto a los compa\u00f1eros de CONICET en este reclamo por el presupuesto del sistema universitario y del sistema cient\u00edfico t\u00e9cnico. Frente a un recorte feroz, que no es casual, porque el gobierno busca desmantelar el complejo cient\u00edfico tecnol\u00f3gico, en pos de un plan para reprimarizar la econom\u00eda argentina y que lleva en el futuro a que nuestros j\u00f3venes no tengan acceso a trabajos dignos ni de calidad para condenarlos a las formas precarias de empleo&#8221;.<\/p>\n<p><img loading=\"lazy\" decoding=\"async\" class=\"aligncenter wp-image-49968 \" src=\"https:\/\/atecordoba.org\/wp-content\/uploads\/2025\/08\/WhatsApp-Image-2025-08-06-at-12.38.31-2-769x1024.jpeg\" alt=\"\" width=\"607\" height=\"809\" srcset=\"https:\/\/atecordoba.org\/wp-content\/uploads\/2025\/08\/WhatsApp-Image-2025-08-06-at-12.38.31-2-769x1024.jpeg 769w, https:\/\/atecordoba.org\/wp-content\/uploads\/2025\/08\/WhatsApp-Image-2025-08-06-at-12.38.31-2-225x300.jpeg 225w, https:\/\/atecordoba.org\/wp-content\/uploads\/2025\/08\/WhatsApp-Image-2025-08-06-at-12.38.31-2-768x1023.jpeg 768w, https:\/\/atecordoba.org\/wp-content\/uploads\/2025\/08\/WhatsApp-Image-2025-08-06-at-12.38.31-2-1153x1536.jpeg 1153w, https:\/\/atecordoba.org\/wp-content\/uploads\/2025\/08\/WhatsApp-Image-2025-08-06-at-12.38.31-2-1537x2048.jpeg 1537w, https:\/\/atecordoba.org\/wp-content\/uploads\/2025\/08\/WhatsApp-Image-2025-08-06-at-12.38.31-2-750x999.jpeg 750w, https:\/\/atecordoba.org\/wp-content\/uploads\/2025\/08\/WhatsApp-Image-2025-08-06-at-12.38.31-2-1140x1519.jpeg 1140w, https:\/\/atecordoba.org\/wp-content\/uploads\/2025\/08\/WhatsApp-Image-2025-08-06-at-12.38.31-2-scaled.jpeg 1922w\" sizes=\"auto, (max-width: 607px) 100vw, 607px\" \/><\/p>\n","protected":false},"excerpt":{"rendered":"<p>Las y los trabajadores de CONICET C\u00f3rdoba, junto a integrantes de la Mesa Sindical de ciencia y T\u00e9cnica y miembros del Consejo Directivo Provincial (CDP) realizaron hoy la primera de las dos jornadas de protesta que el organismo de formaci\u00f3n y desarrollo cient\u00edfico estatal nacional celebran para reclamar presupuesto para el complejo cient\u00edfico tecnol\u00f3gico y [&hellip;]<\/p>\n","protected":false},"author":7,"featured_media":49964,"comment_status":"open","ping_status":"open","sticky":false,"template":"","format":"standard","meta":{"_exactmetrics_skip_tracking":false,"_exactmetrics_sitenote_active":false,"_exactmetrics_sitenote_note":"","_exactmetrics_sitenote_category":0,"jnews-multi-image_gallery":[],"jnews_single_post":[],"jnews_primary_category":[],"jnews_social_meta":[],"jnews_review":[],"enable_review":"","type":"","name":"","summary":"","brand":"","sku":"","good":[],"bad":[],"score_override":"","override_value":"","rating":[],"price":[],"jnews_override_counter":[],"jnews_post_split":[],"footnotes":""},"categories":[18],"tags":[],"class_list":["post-49963","post","type-post","status-publish","format-standard","has-post-thumbnail","hentry","category-nacionales"],"jetpack_featured_media_url":"https:\/\/atecordoba.org\/wp-content\/uploads\/2025\/08\/WhatsApp-Image-2025-08-06-at-12.38.31-1-scaled-e1754503858648.jpeg","_links":{"self":[{"href":"https:\/\/atecordoba.org\/index.php?rest_route=\/wp\/v2\/posts\/49963","targetHints":{"allow":["GET"]}}],"collection":[{"href":"https:\/\/atecordoba.org\/index.php?rest_route=\/wp\/v2\/posts"}],"about":[{"href":"https:\/\/atecordoba.org\/index.php?rest_route=\/wp\/v2\/types\/post"}],"author":[{"embeddable":true,"href":"https:\/\/atecordoba.org\/index.php?rest_route=\/wp\/v2\/users\/7"}],"replies":[{"embeddable":true,"href":"https:\/\/atecordoba.org\/index.php?rest_route=%2Fwp%2Fv2%2Fcomments&post=49963"}],"version-history":[{"count":1,"href":"https:\/\/atecordoba.org\/index.php?rest_route=\/wp\/v2\/posts\/49963\/revisions"}],"predecessor-version":[{"id":49969,"href":"https:\/\/atecordoba.org\/index.php?rest_route=\/wp\/v2\/posts\/49963\/revisions\/49969"}],"wp:featuredmedia":[{"embeddable":true,"href":"https:\/\/atecordoba.org\/index.php?rest_route=\/wp\/v2\/media\/49964"}],"wp:attachment":[{"href":"https:\/\/atecordoba.org\/index.php?rest_route=%2Fwp%2Fv2%2Fmedia&parent=49963"}],"wp:term":[{"taxonomy":"category","embeddable":true,"href":"https:\/\/atecordoba.org\/index.php?rest_route=%2Fwp%2Fv2%2Fcategories&post=49963"},{"taxonomy":"post_tag","embeddable":true,"href":"https:\/\/atecordoba.org\/index.php?rest_route=%2Fwp%2Fv2%2Ftags&post=49963"}],"curies":[{"name":"wp","href":"https:\/\/api.w.org\/{rel}","templated":true}]}}