{"id":49957,"date":"2025-08-06T12:07:15","date_gmt":"2025-08-06T15:07:15","guid":{"rendered":"https:\/\/atecordoba.org\/?p=49957"},"modified":"2025-08-06T12:11:17","modified_gmt":"2025-08-06T15:11:17","slug":"capacitacion-online-jueves-7-de-agosto-aportantes-provinciales-y-municipales-a-la-caja-de-jubilaciones-de-cordoba","status":"publish","type":"post","link":"https:\/\/atecordoba.org\/?p=49957","title":{"rendered":"Capacitaci\u00f3n online jueves 7 de agosto: Aportantes Provinciales y Municipales a la Caja de Jubilaciones de C\u00f3rdoba"},"content":{"rendered":"<p><img loading=\"lazy\" decoding=\"async\" class=\"aligncenter wp-image-49958 size-full\" src=\"https:\/\/atecordoba.org\/wp-content\/uploads\/2025\/08\/flyer-capacitacion-biafore-caja-de-jubilaciones.jpg\" alt=\"\" width=\"512\" height=\"640\" srcset=\"https:\/\/atecordoba.org\/wp-content\/uploads\/2025\/08\/flyer-capacitacion-biafore-caja-de-jubilaciones.jpg 512w, https:\/\/atecordoba.org\/wp-content\/uploads\/2025\/08\/flyer-capacitacion-biafore-caja-de-jubilaciones-240x300.jpg 240w\" sizes=\"auto, (max-width: 512px) 100vw, 512px\" \/>Ma\u00f1ana jueves 7 de agosto, a las 15 horas, el Consejo Directivo Provincial (CDP) llevar\u00e1 a cabo un taller de formaci\u00f3n virtual destinado a trabajadores y trabajadoras &#8220;Aportantes Provinciales y Municipales a la Caja de Jubilaciones de C\u00f3rdoba&#8221;<em>.<\/em><\/p>\n<p>El taller estar\u00e1 dictado por el abogado de ATE C\u00f3rdoba Dr. Eugenio Biafore, y tiene por objetivo abordar dudas, derechos y estrategias frente al Sistema Previsional Provincial.<\/p>\n<p>En la oportunidad se podr\u00e1n\u00a0despejar dudas como:<\/p>\n<div class=\"x14z9mp xat24cr x1lziwak x1vvkbs xtlvy1s x126k92a\">\n<ul>\n<li dir=\"auto\">\u00bfEs lo mismo jubilarse por la Caja de Jubilaciones de C\u00f3rdoba que por ANSES?<\/li>\n<\/ul>\n<\/div>\n<div class=\"x14z9mp xat24cr x1lziwak x1vvkbs xtlvy1s x126k92a\">\n<ul>\n<li dir=\"auto\">\u00bfD\u00f3nde van mis aportes previsionales si soy trabajador\/a municipal o provincial?<\/li>\n<\/ul>\n<\/div>\n<div class=\"x14z9mp xat24cr x1lziwak x1vvkbs xtlvy1s x126k92a\">\n<ul>\n<li dir=\"auto\">\u00bfMi municipio aporta a la Caja de Jubilaciones o a otro r\u00e9gimen?<\/li>\n<\/ul>\n<\/div>\n<div class=\"x14z9mp xat24cr x1lziwak x1vvkbs xtlvy1s x126k92a\">\n<ul>\n<li dir=\"auto\">\u00bfConviene traspasar mis aportes a la Caja de Jubilaciones de C\u00f3rdoba?<\/li>\n<\/ul>\n<\/div>\n<div class=\"x14z9mp xat24cr x1lziwak x1vvkbs xtlvy1s x126k92a\">\n<ul>\n<li dir=\"auto\">\u00bfQu\u00e9 pasos debo seguir si estoy cerca de jubilarme y tengo aportes en distintas cajas?<\/li>\n<\/ul>\n<\/div>\n<div class=\"x14z9mp xat24cr x1lziwak x1vvkbs xtlvy1s x126k92a\">\n<ul>\n<li dir=\"auto\">\u00bfQu\u00e9 rol cumple ATE C\u00f3rdoba en la defensa del sistema previsional provincial?<\/li>\n<\/ul>\n<p>La participaci\u00f3n es abierta y gratuita. Sumate a este espacio de informaci\u00f3n y organizaci\u00f3n para defender nuestros derechos previsionales.<\/p>\n<p>Los y las interesadas deben acceder al link de google meet https:\/\/meet.google.com\/six-zyui-tcd<\/p>\n<p>&nbsp;<\/p>\n<\/div>\n","protected":false},"excerpt":{"rendered":"<p>Ma\u00f1ana jueves 7 de agosto, a las 15 horas, el Consejo Directivo Provincial (CDP) llevar\u00e1 a cabo un taller de formaci\u00f3n virtual destinado a trabajadores y trabajadoras &#8220;Aportantes Provinciales y Municipales a la Caja de Jubilaciones de C\u00f3rdoba&#8221;. El taller estar\u00e1 dictado por el abogado de ATE C\u00f3rdoba Dr. Eugenio Biafore, y tiene por objetivo [&hellip;]<\/p>\n","protected":false},"author":7,"featured_media":49961,"comment_status":"open","ping_status":"open","sticky":false,"template":"","format":"standard","meta":{"_exactmetrics_skip_tracking":false,"_exactmetrics_sitenote_active":false,"_exactmetrics_sitenote_note":"","_exactmetrics_sitenote_category":0,"jnews-multi-image_gallery":[],"jnews_single_post":{"format":"standard","override":[{"template":"1","parallax":"1","fullscreen":"1","layout":"no-sidebar-narrow","sidebar":"default-sidebar","second_sidebar":"default-sidebar","sticky_sidebar":"1","share_position":"bottom","share_float_style":"share-monocrhome","show_share_counter":"1","show_view_counter":"1","show_post_meta":"1","show_post_author_image":"1","show_post_date":"1","post_date_format":"default","post_date_format_custom":"Y\/m\/d","show_post_category":"1","show_post_reading_time":"0","post_reading_time_wpm":"300","post_calculate_word_method":"str_word_count","show_zoom_button":"0","zoom_button_out_step":"2","zoom_button_in_step":"3","show_post_tag":"1","number_popup_post":"1","show_post_related":"1","show_inline_post_related":"0"}],"image_override":[{"single_post_thumbnail_size":"crop-500","single_post_gallery_size":"crop-500"}],"trending_post_position":"meta","trending_post_label":"Trending","sponsored_post_label":"Sponsored by","disable_ad":"0"},"jnews_primary_category":[],"jnews_social_meta":[],"jnews_review":[],"enable_review":"","type":"percentage","name":"","summary":"","brand":"","sku":"","good":[],"bad":[],"score_override":"","override_value":"","rating":[],"price":[],"jnews_override_counter":{"view_counter_number":"0","share_counter_number":"0","like_counter_number":"0","dislike_counter_number":"0"},"jnews_post_split":{"post_split":[{"template":"1","tag":"h2","numbering":"asc","mode":"normal","first":"0","enable_toc":"0","toc_type":"normal"}]},"footnotes":""},"categories":[88],"tags":[],"class_list":["post-49957","post","type-post","status-publish","format-standard","has-post-thumbnail","hentry","category-formacion"],"jetpack_featured_media_url":"https:\/\/atecordoba.org\/wp-content\/uploads\/2025\/08\/WhatsApp-Image-2020-09-23-at-10.56.23.jpeg","_links":{"self":[{"href":"https:\/\/atecordoba.org\/index.php?rest_route=\/wp\/v2\/posts\/49957","targetHints":{"allow":["GET"]}}],"collection":[{"href":"https:\/\/atecordoba.org\/index.php?rest_route=\/wp\/v2\/posts"}],"about":[{"href":"https:\/\/atecordoba.org\/index.php?rest_route=\/wp\/v2\/types\/post"}],"author":[{"embeddable":true,"href":"https:\/\/atecordoba.org\/index.php?rest_route=\/wp\/v2\/users\/7"}],"replies":[{"embeddable":true,"href":"https:\/\/atecordoba.org\/index.php?rest_route=%2Fwp%2Fv2%2Fcomments&post=49957"}],"version-history":[{"count":1,"href":"https:\/\/atecordoba.org\/index.php?rest_route=\/wp\/v2\/posts\/49957\/revisions"}],"predecessor-version":[{"id":49960,"href":"https:\/\/atecordoba.org\/index.php?rest_route=\/wp\/v2\/posts\/49957\/revisions\/49960"}],"wp:featuredmedia":[{"embeddable":true,"href":"https:\/\/atecordoba.org\/index.php?rest_route=\/wp\/v2\/media\/49961"}],"wp:attachment":[{"href":"https:\/\/atecordoba.org\/index.php?rest_route=%2Fwp%2Fv2%2Fmedia&parent=49957"}],"wp:term":[{"taxonomy":"category","embeddable":true,"href":"https:\/\/atecordoba.org\/index.php?rest_route=%2Fwp%2Fv2%2Fcategories&post=49957"},{"taxonomy":"post_tag","embeddable":true,"href":"https:\/\/atecordoba.org\/index.php?rest_route=%2Fwp%2Fv2%2Ftags&post=49957"}],"curies":[{"name":"wp","href":"https:\/\/api.w.org\/{rel}","templated":true}]}}