{"id":49952,"date":"2025-08-06T10:31:42","date_gmt":"2025-08-06T13:31:42","guid":{"rendered":"https:\/\/atecordoba.org\/?p=49952"},"modified":"2025-08-06T10:31:42","modified_gmt":"2025-08-06T13:31:42","slug":"segunda-jornada-de-asamblea-en-los-hornillos","status":"publish","type":"post","link":"https:\/\/atecordoba.org\/?p=49952","title":{"rendered":"Segunda jornada de asamblea en Los Hornillos"},"content":{"rendered":"<h6><img loading=\"lazy\" decoding=\"async\" class=\"aligncenter wp-image-49953 \" src=\"https:\/\/atecordoba.org\/wp-content\/uploads\/2025\/08\/WhatsApp-Image-2025-08-04-at-11.32.11-1-1-1024x768.jpeg\" alt=\"\" width=\"602\" height=\"452\" srcset=\"https:\/\/atecordoba.org\/wp-content\/uploads\/2025\/08\/WhatsApp-Image-2025-08-04-at-11.32.11-1-1-1024x768.jpeg 1024w, https:\/\/atecordoba.org\/wp-content\/uploads\/2025\/08\/WhatsApp-Image-2025-08-04-at-11.32.11-1-1-300x225.jpeg 300w, https:\/\/atecordoba.org\/wp-content\/uploads\/2025\/08\/WhatsApp-Image-2025-08-04-at-11.32.11-1-1-768x576.jpeg 768w, https:\/\/atecordoba.org\/wp-content\/uploads\/2025\/08\/WhatsApp-Image-2025-08-04-at-11.32.11-1-1-750x563.jpeg 750w, https:\/\/atecordoba.org\/wp-content\/uploads\/2025\/08\/WhatsApp-Image-2025-08-04-at-11.32.11-1-1.jpeg 1040w\" sizes=\"auto, (max-width: 602px) 100vw, 602px\" \/><\/h6>\n<h6>(fuente: Radio Verdad)<\/h6>\n<p>Hoy mi\u00e9rcoles, los empleados de la comuna de Los Hornillos iniciaron una asamblea en demanda de un aumento salarial del 20%. ATE ha solicitado un 25% adicional y no descarta intensificar las medidas ni recurrir a la justicia. La asamblea se replicar\u00e1 hasta el viernes. Por el momento la jefa comunal, Carolina Caballero no se manifest\u00f3 p\u00fablicamente.<\/p>\n<p>\u201cLos empleados reclamamos una mejora de salario, pero hasta el momento no llegamos a ning\u00fan acuerdo con el Ejecutivo as\u00ed que seguiremos con las asambleas y otras medidas hasta llegar a un acuerdo.\u201d, dijo a Radio Verdad Ariel Kastli, una de las voces del conflicto, y a\u00f1adi\u00f3 \u201chay que mejorar varios \u00edtems como puntualidad, refrigerio. Solicitamos un 20%, el Ejecutivo nos hab\u00eda prometido cien mil pesos que equival\u00eda ese 20%, pero se suspendi\u00f3 y por eso empezamos con las medidas de fuerza. Los sueldos son indignos, rondan los 350 mil pesos.\u201d<\/p>\n<p>Para cerrar, subray\u00f3 que \u201cestamos abiertos al di\u00e1logo y no pretendemos ganar fortunas, pero si tener un salario digno, espero que en alg\u00fan momento podamos llegar a un acuerdo, por ahora seguiremos con las asambleas de dos o de tres horas.\u201d<\/p>\n","protected":false},"excerpt":{"rendered":"<p>(fuente: Radio Verdad) Hoy mi\u00e9rcoles, los empleados de la comuna de Los Hornillos iniciaron una asamblea en demanda de un aumento salarial del 20%. ATE ha solicitado un 25% adicional y no descarta intensificar las medidas ni recurrir a la justicia. La asamblea se replicar\u00e1 hasta el viernes. Por el momento la jefa comunal, Carolina [&hellip;]<\/p>\n","protected":false},"author":7,"featured_media":49953,"comment_status":"open","ping_status":"open","sticky":false,"template":"","format":"standard","meta":{"_exactmetrics_skip_tracking":false,"_exactmetrics_sitenote_active":false,"_exactmetrics_sitenote_note":"","_exactmetrics_sitenote_category":0,"jnews-multi-image_gallery":[],"jnews_single_post":[],"jnews_primary_category":[],"jnews_social_meta":[],"jnews_review":[],"enable_review":"","type":"","name":"","summary":"","brand":"","sku":"","good":[],"bad":[],"score_override":"","override_value":"","rating":[],"price":[],"jnews_override_counter":[],"jnews_post_split":[],"footnotes":""},"categories":[20],"tags":[],"class_list":["post-49952","post","type-post","status-publish","format-standard","has-post-thumbnail","hentry","category-municipales"],"jetpack_featured_media_url":"https:\/\/atecordoba.org\/wp-content\/uploads\/2025\/08\/WhatsApp-Image-2025-08-04-at-11.32.11-1-1.jpeg","_links":{"self":[{"href":"https:\/\/atecordoba.org\/index.php?rest_route=\/wp\/v2\/posts\/49952","targetHints":{"allow":["GET"]}}],"collection":[{"href":"https:\/\/atecordoba.org\/index.php?rest_route=\/wp\/v2\/posts"}],"about":[{"href":"https:\/\/atecordoba.org\/index.php?rest_route=\/wp\/v2\/types\/post"}],"author":[{"embeddable":true,"href":"https:\/\/atecordoba.org\/index.php?rest_route=\/wp\/v2\/users\/7"}],"replies":[{"embeddable":true,"href":"https:\/\/atecordoba.org\/index.php?rest_route=%2Fwp%2Fv2%2Fcomments&post=49952"}],"version-history":[{"count":1,"href":"https:\/\/atecordoba.org\/index.php?rest_route=\/wp\/v2\/posts\/49952\/revisions"}],"predecessor-version":[{"id":49954,"href":"https:\/\/atecordoba.org\/index.php?rest_route=\/wp\/v2\/posts\/49952\/revisions\/49954"}],"wp:featuredmedia":[{"embeddable":true,"href":"https:\/\/atecordoba.org\/index.php?rest_route=\/wp\/v2\/media\/49953"}],"wp:attachment":[{"href":"https:\/\/atecordoba.org\/index.php?rest_route=%2Fwp%2Fv2%2Fmedia&parent=49952"}],"wp:term":[{"taxonomy":"category","embeddable":true,"href":"https:\/\/atecordoba.org\/index.php?rest_route=%2Fwp%2Fv2%2Fcategories&post=49952"},{"taxonomy":"post_tag","embeddable":true,"href":"https:\/\/atecordoba.org\/index.php?rest_route=%2Fwp%2Fv2%2Ftags&post=49952"}],"curies":[{"name":"wp","href":"https:\/\/api.w.org\/{rel}","templated":true}]}}