{"id":4995,"date":"2015-02-06T18:08:30","date_gmt":"2015-02-06T21:08:30","guid":{"rendered":"http:\/\/www.atecordoba.org\/?p=4995"},"modified":"2015-02-06T18:08:30","modified_gmt":"2015-02-06T21:08:30","slug":"150-companeros-restablecieron-la-junta-interna-de-delegados-de-ate-en-cruz-del-eje","status":"publish","type":"post","link":"https:\/\/atecordoba.org\/?p=4995","title":{"rendered":"150 compa\u00f1eros restablecieron la junta interna de delegados de ATE en Cruz del Eje"},"content":{"rendered":"<p><em>Con la elecci\u00f3n realizada el 19 de diciembre pasado, ATE vuelve a tener presencia organizada en el municipio del norte provincial despu\u00e9s de sufrir durante tres a\u00f1os el acoso, la persecuci\u00f3n y los despidos de numerosos compa\u00f1eros, sin que la justicia hiciera valer el estado de derecho en el sector. M\u00e1sivamente, los los municipales participaron de acto eleccionario de sus representantes gremiales, que abre una perspectiva de esperanza para los trabajadores.<\/em><\/p>\n<p><a href=\"http:\/\/www.atecordoba.org\/wp-content\/uploads\/2015\/02\/IMG-20141228-WA0000.jpg\"><img loading=\"lazy\" decoding=\"async\" class=\"aligncenter size-full wp-image-4996\" src=\"http:\/\/www.atecordoba.org\/wp-content\/uploads\/2015\/02\/IMG-20141228-WA0000.jpg\" alt=\"IMG-20141228-WA0000\" width=\"640\" height=\"480\" \/><\/a><\/p>\n<p>&#8220;Desde hace tiempo sufrimos un sistema que ha coartado la libertad de expresi\u00f3n de los compa\u00f1eros de una forma realmente ponzo\u00f1osa. El juego se repite nuevamente con\u00a0cada renovaci\u00f3n de autoridades: la voluntad del trabajador se enajenada a favor de los nuevos gobernantes por el solo hecho que m\u00e1s del 80% de los puestos ocupados son precarizados. Saben m\u00e1s que nadie que cualquier resistencia acabar\u00eda con su salario, por m\u00ednimo que este sea&#8221;, explica Leandro Barrionuevo, elegido como delegado General de la Junta Interna de delegados municipales de Cruz del Eje, para dar un contexto a la participaci\u00f3n de los trabajadores en la elecci\u00f3n de sus representantes.<\/p>\n<p>Esta elecci\u00f3n, realizada el 19 de diciembre, cont\u00f3 con el apoyo y el respaldo de la Comisi\u00f3n Directiva de ATE C\u00f3rdoba, que a trav\u00e9s de su secretario de Interior, Lu\u00eds Barcena, motoriz\u00f3 la reorganizaci\u00f3n del sector, duramente golpeado por la pol\u00edtica de tierra rasa y persecuci\u00f3n que implement\u00f3 el intendente radical, Francisco Esteban.<\/p>\n<p>En ese marco, la Junta Interna se propone un cambio rotundo en la forma de ver y actuar del trabajador, para recuperar su dignidad pisoteada por la patronal. &#8220;Consientes de eso, la perseverancia del convencimiento es la herramienta m\u00e1s poderosa que ATE nos ofrece. Como es de suponer la necesidad es m\u00e1s que conocida entre los trabajadores de este municipio, por lo tanto debemos apuntar sobre el blanco del d\u00e9ficit y tratar de combatirlo con alma y vida, sin escatimar esfuerzos&#8221;, sostiene Barrionuevo.<\/p>\n<p>Y agrega: &#8220;ATE nos abri\u00f3 la puerta, el lugar para comenzar a gestar el embri\u00f3n de la esperanza, la fuerza, la uni\u00f3n y\u00a0 la solidaridad, por consiguiente que de nacimiento de un futuro pr\u00f3spero y con justicia social&#8221;.<\/p>\n<p><strong>La lucha no es solo con el gobierno.<\/strong><\/p>\n<p>El dirigente detalla que &#8220;hace m\u00e1s de treinta a\u00f1os contamos con un sindicato de trabajadores municipales, cuyo concepto de los trabajadores\u00a0los coloca de antemano como negociadores compulsivos, empedernidos con los intereses propios descuidando, desatendiendo y hasta ultrajando los derechos de los compa\u00f1eros, que tanta falta les hace la defensa sindical en los distintos \u00e1mbitos, y terminar con el desconocimiento de los derechos, para comenzar a actuar para cumplirlos. Este es el camino a seguir por esta nueva Junta Interna&#8221;.<\/p>\n<p>En esa l\u00ednea, los nuevo delegados de ATE saben que la palabra solo se refuerza con hechos, no existe otro m\u00e9todo, no hay forma de convencer al compa\u00f1ero sino por actos, solo as\u00ed la confiabilidad ser\u00e1 una palabra con sentido y no una palabra hueca, arcaica, desvalida y olvidada.<\/p>\n<p><strong>Perseverancia: un camino en proceso.<\/strong><\/p>\n<p>Los compa\u00f1eros vienen acumulando experiencia, donde los avances y retrocesos en la conquista de derechos han sido una constante. &#8220;Lamentable la alegr\u00eda de muchos trabajadores fue puesta al margen de la dignidad en el a\u00f1o 2011-2012, cuando el Ejecutivo\u00a0culmina con la estabilidad ganada tras a\u00f1os de lucha incesante&#8221;, relata el presidente de la Junta Interna.<\/p>\n<p>Seg\u00fan el dirigente, la efectividad sufri\u00f3 un cambio rotundo cuando aquello que se cre\u00eda ganado se perdi\u00f3. &#8220;El Consejo Deliberante, el sindicato de trabajadores municipales y hasta la misma justicia nos dio ese regalo amargo. Mucho nos cost\u00f3 aceptar tal atropello, los principios consagrados de irrenunciabilidad, continuidad, buena fe, no discriminaci\u00f3n, equidad, justicia social, gratuidad, razonabilidad y progresividad (principios que nos enorgullecen) eran principios sin valor para la nueva gesti\u00f3n y esto no tardo en manifestarse&#8221;.<\/p>\n<p>Un gobernante con m\u00ednima instrucci\u00f3n del esp\u00edritu y coraz\u00f3n humano jam\u00e1s podr\u00eda haber cometido semejante atrocidad a la libertad y derechos de los trabajadores. &#8220;A casi cuatro a\u00f1os de la ca\u00edda de una medida cautelar -con el objetivo de mantener intacto el derecho otorgado con todas sus aristas-) aquellos\u00a0compa\u00f1eros que fueron despedidos sin causa, aun hoy contin\u00faan en la larga espera de regresar al municipio en busca de un futuro mejor y pan para sus hijos. La perseverancia, fiel aliada al igual que la miseria, nos tendr\u00e1n que rendir cuentas muy pronto y en pro de una causa social cuya importancia es inestimable&#8221;, sostiene Barrionuevo.<\/p>\n<p>&#8220;El 19 de diciembre fuimos elegidos por casi 150 compa\u00f1eros que, aunque con miedo, duda o cualquier otra causa, se atrevieron a participar y darle marco a esta nueva propuesta. Muy agradecido por ello a estos fieles compa\u00f1eros. Nuestro discurso fue simple, tratando de buscar la iniciativa a este prop\u00f3sito que ATE nos atreve a dar en beneficio de todos los ciudadanos, no solo en el campo del derecho del trabajo sino en muchas otras causas atendibles&#8221; afirma.<\/p>\n<p><strong>Un ideal en horizonte.<\/strong><\/p>\n<p>El dirigente resume las expectativas que se abren a partir de la elecci\u00f3n de diciembre pasado. &#8220;Tenemos la esperanza de comenzar a cambiar lo que tanto nos aqueja, pero las intenciones por si solas no bastan, estas deben tomar relevancia hasta alcanzar el esp\u00edritu humano y proyectarse en el campo de la acci\u00f3n concreta y reforzado con la creencia de lo justo y digno de tal lucha. Buscamos con la paciencia requerida pero sabemos que no debemos descansar hasta alcanzar el objetivo deseado&#8221;.<\/p>\n<p>Y finaliza: &#8220;Todo esto se lograra con humildad y coraje, tal como lo cree nuestro delegado general Barrionuevo Leandro \u201cla humildad es el \u00fanico camino que conduce al conocimiento del coraz\u00f3n humano, es la \u00fanica herramienta \u00fatil capaz de darnos la sensibilidad exacta para hacer que otras personas menos favorecidas tengan un presente mejor. Es la ciencia que nos lleva por el sendero del perfeccionamiento espiritual y es la manifestaci\u00f3n del \u00a0amor por el cual fuimos creados\u201d.<\/p>\n<p>Lista de compa\u00f1eros elegida para conducir la Junta Interna<\/p>\n<ul>\n<li>Delegado General Leandro Barrionuevo<\/li>\n<li>Adjunto Pedro Mor\u00e1n<\/li>\n<li>Gremial Manuel Gonz\u00e1lez<\/li>\n<li>Administrativo Diego Aliendro<\/li>\n<li>Organizaci\u00f3n Natalia Bonfiglio<\/li>\n<li>Prensa Lu\u00eds N\u00e9stor Zapata<\/li>\n<li>Vocal Martha P\u00e9rez<\/li>\n<\/ul>\n","protected":false},"excerpt":{"rendered":"<p>Con la elecci\u00f3n realizada el 19 de diciembre pasado, ATE vuelve a tener presencia organizada en el municipio del norte provincial despu\u00e9s de sufrir durante tres a\u00f1os el acoso, la persecuci\u00f3n y los despidos de numerosos compa\u00f1eros, sin que la justicia hiciera valer el estado de derecho en el sector. M\u00e1sivamente, los los municipales participaron [&hellip;]<\/p>\n","protected":false},"author":1,"featured_media":19220,"comment_status":"open","ping_status":"open","sticky":false,"template":"","format":"standard","meta":{"_exactmetrics_skip_tracking":false,"_exactmetrics_sitenote_active":false,"_exactmetrics_sitenote_note":"","_exactmetrics_sitenote_category":0,"jnews-multi-image_gallery":[],"jnews_single_post":[],"jnews_primary_category":[],"jnews_social_meta":[],"jnews_review":[],"enable_review":"","type":"","name":"","summary":"","brand":"","sku":"","good":[],"bad":[],"score_override":"","override_value":"","rating":[],"price":[],"jnews_override_counter":[],"jnews_post_split":[],"footnotes":""},"categories":[20],"tags":[],"class_list":["post-4995","post","type-post","status-publish","format-standard","has-post-thumbnail","hentry","category-municipales"],"jetpack_featured_media_url":"https:\/\/atecordoba.org\/wp-content\/uploads\/2020\/05\/logo-nuevochico-e1561581322808.png","_links":{"self":[{"href":"https:\/\/atecordoba.org\/index.php?rest_route=\/wp\/v2\/posts\/4995","targetHints":{"allow":["GET"]}}],"collection":[{"href":"https:\/\/atecordoba.org\/index.php?rest_route=\/wp\/v2\/posts"}],"about":[{"href":"https:\/\/atecordoba.org\/index.php?rest_route=\/wp\/v2\/types\/post"}],"author":[{"embeddable":true,"href":"https:\/\/atecordoba.org\/index.php?rest_route=\/wp\/v2\/users\/1"}],"replies":[{"embeddable":true,"href":"https:\/\/atecordoba.org\/index.php?rest_route=%2Fwp%2Fv2%2Fcomments&post=4995"}],"version-history":[{"count":0,"href":"https:\/\/atecordoba.org\/index.php?rest_route=\/wp\/v2\/posts\/4995\/revisions"}],"wp:featuredmedia":[{"embeddable":true,"href":"https:\/\/atecordoba.org\/index.php?rest_route=\/wp\/v2\/media\/19220"}],"wp:attachment":[{"href":"https:\/\/atecordoba.org\/index.php?rest_route=%2Fwp%2Fv2%2Fmedia&parent=4995"}],"wp:term":[{"taxonomy":"category","embeddable":true,"href":"https:\/\/atecordoba.org\/index.php?rest_route=%2Fwp%2Fv2%2Fcategories&post=4995"},{"taxonomy":"post_tag","embeddable":true,"href":"https:\/\/atecordoba.org\/index.php?rest_route=%2Fwp%2Fv2%2Ftags&post=4995"}],"curies":[{"name":"wp","href":"https:\/\/api.w.org\/{rel}","templated":true}]}}