{"id":49944,"date":"2025-08-05T15:04:52","date_gmt":"2025-08-05T18:04:52","guid":{"rendered":"https:\/\/atecordoba.org\/?p=49944"},"modified":"2025-08-05T15:08:23","modified_gmt":"2025-08-05T18:08:23","slug":"rio-primero-ate-logra-un-acuerdo-salarial-para-el-segundo-semestre-de-2025","status":"publish","type":"post","link":"https:\/\/atecordoba.org\/?p=49944","title":{"rendered":"R\u00edo Primero: ATE logra un acuerdo salarial para el segundo semestre de 2025"},"content":{"rendered":"<p><img loading=\"lazy\" decoding=\"async\" class=\"aligncenter wp-image-49945 \" src=\"https:\/\/atecordoba.org\/wp-content\/uploads\/2025\/08\/WhatsApp-Image-2025-08-05-at-13.27.45-2-1024x460.jpeg\" alt=\"\" width=\"605\" height=\"272\" srcset=\"https:\/\/atecordoba.org\/wp-content\/uploads\/2025\/08\/WhatsApp-Image-2025-08-05-at-13.27.45-2-1024x460.jpeg 1024w, https:\/\/atecordoba.org\/wp-content\/uploads\/2025\/08\/WhatsApp-Image-2025-08-05-at-13.27.45-2-300x135.jpeg 300w, https:\/\/atecordoba.org\/wp-content\/uploads\/2025\/08\/WhatsApp-Image-2025-08-05-at-13.27.45-2-768x345.jpeg 768w, https:\/\/atecordoba.org\/wp-content\/uploads\/2025\/08\/WhatsApp-Image-2025-08-05-at-13.27.45-2-1536x690.jpeg 1536w, https:\/\/atecordoba.org\/wp-content\/uploads\/2025\/08\/WhatsApp-Image-2025-08-05-at-13.27.45-2-750x337.jpeg 750w, https:\/\/atecordoba.org\/wp-content\/uploads\/2025\/08\/WhatsApp-Image-2025-08-05-at-13.27.45-2-1140x512.jpeg 1140w, https:\/\/atecordoba.org\/wp-content\/uploads\/2025\/08\/WhatsApp-Image-2025-08-05-at-13.27.45-2.jpeg 1600w\" sizes=\"auto, (max-width: 605px) 100vw, 605px\" \/>Hoy se llev\u00f3 adelante la audiencia paritaria de la Municipalidad de R\u00edo Primero, a los fines de alcanzar un acuerdo para el segundo semestre de 2025 que garantice un aumento salarial para los y las trabajadoras municipales de la localidad.<\/p>\n<p>En la oportunidad, participaron de la reuni\u00f3n la secretaria de Gobierno de la Municipalidad, Romina Villagr\u00e1n, por el Departamento Ejecutivo, y los secretarios Gremial y de Organizaci\u00f3n, Jorge Chalup y Javier Bracamonte, junto al delegado de ATE, Jos\u00e9 Baigorria, por nuestra organizaci\u00f3n.<\/p>\n<p>Las partes lograron un acuerdo que incluye un aumento no remunerativo conforme lo fijado por el \u00cdndice de Precios al Consumidor (IPC-INDEC) para el semestre julio-diciembre de 2025. A esta suma se le adiciona el pase al b\u00e1sico del monto no remunerativo del 8%, que ya vienen incorporados a los salarios del sector, en cuatro cuotas de 2% de julio a octubre, aplic\u00e1ndose la primera cuota junto a la segunda en los haberes del mes de agosto, debido a que los salarios de julio ya fueron abonados.<img loading=\"lazy\" decoding=\"async\" class=\"aligncenter wp-image-49946 \" src=\"https:\/\/atecordoba.org\/wp-content\/uploads\/2025\/08\/WhatsApp-Image-2025-08-05-at-13.27.45-1024x460.jpeg\" alt=\"\" width=\"608\" height=\"273\" srcset=\"https:\/\/atecordoba.org\/wp-content\/uploads\/2025\/08\/WhatsApp-Image-2025-08-05-at-13.27.45-1024x460.jpeg 1024w, https:\/\/atecordoba.org\/wp-content\/uploads\/2025\/08\/WhatsApp-Image-2025-08-05-at-13.27.45-300x135.jpeg 300w, https:\/\/atecordoba.org\/wp-content\/uploads\/2025\/08\/WhatsApp-Image-2025-08-05-at-13.27.45-768x345.jpeg 768w, https:\/\/atecordoba.org\/wp-content\/uploads\/2025\/08\/WhatsApp-Image-2025-08-05-at-13.27.45-750x337.jpeg 750w, https:\/\/atecordoba.org\/wp-content\/uploads\/2025\/08\/WhatsApp-Image-2025-08-05-at-13.27.45-1140x512.jpeg 1140w, https:\/\/atecordoba.org\/wp-content\/uploads\/2025\/08\/WhatsApp-Image-2025-08-05-at-13.27.45.jpeg 1280w\" sizes=\"auto, (max-width: 608px) 100vw, 608px\" \/><\/p>\n<p>Adem\u00e1s, el acuerdo paritario reglamentar\u00e1 el \u00edtem presentismo y puntualidad, subi\u00e9ndolo de 8% a 10%.<\/p>\n<p>Y se estableci\u00f3 un sistema de recategorizaciones del personal municipal, donde quedan fijados dos criterios: el primero para los y las trabajadoras pr\u00f3ximas a jubilarse (\u00faltimos 10 a\u00f1os de servicios) y el segundo para el personal de mandos medios.\u00a0 Al mismo tiempo la representaci\u00f3n gremial logr\u00f3 equiparar las categor\u00edas del sector salud municipal con el resto de los sectores de la administraci\u00f3n municipal.<\/p>\n<p>ATE solicit\u00f3, por \u00faltimo, que antes del env\u00edo del presupuesto 2026 el Departamento Ejecutivo llame a conformar una mesa de trabajo, a los fines de discutir categor\u00edas y pase a planta permanente para el pr\u00f3ximo a\u00f1os.<\/p>\n<p>Vale se\u00f1alar que el acuerdo fue sometido a la aprobaci\u00f3n de la asamblea de trabajadores y trabajadoras.<\/p>\n","protected":false},"excerpt":{"rendered":"<p>Hoy se llev\u00f3 adelante la audiencia paritaria de la Municipalidad de R\u00edo Primero, a los fines de alcanzar un acuerdo para el segundo semestre de 2025 que garantice un aumento salarial para los y las trabajadoras municipales de la localidad. En la oportunidad, participaron de la reuni\u00f3n la secretaria de Gobierno de la Municipalidad, Romina [&hellip;]<\/p>\n","protected":false},"author":7,"featured_media":49946,"comment_status":"open","ping_status":"open","sticky":false,"template":"","format":"standard","meta":{"_exactmetrics_skip_tracking":false,"_exactmetrics_sitenote_active":false,"_exactmetrics_sitenote_note":"","_exactmetrics_sitenote_category":0,"jnews-multi-image_gallery":[],"jnews_single_post":{"format":"standard","override":[{"template":"1","parallax":"1","fullscreen":"1","layout":"no-sidebar-narrow","sidebar":"default-sidebar","second_sidebar":"default-sidebar","sticky_sidebar":"1","share_position":"bottom","share_float_style":"share-monocrhome","show_share_counter":"1","show_view_counter":"1","show_post_meta":"1","show_post_author_image":"1","show_post_date":"1","post_date_format":"default","post_date_format_custom":"Y\/m\/d","show_post_category":"1","show_post_reading_time":"0","post_reading_time_wpm":"300","post_calculate_word_method":"str_word_count","show_zoom_button":"0","zoom_button_out_step":"2","zoom_button_in_step":"3","show_post_tag":"1","number_popup_post":"1","show_post_related":"1","show_inline_post_related":"0"}],"image_override":[{"single_post_thumbnail_size":"crop-500","single_post_gallery_size":"crop-500"}],"trending_post_position":"meta","trending_post_label":"Trending","sponsored_post_label":"Sponsored by","disable_ad":"0"},"jnews_primary_category":[],"jnews_social_meta":[],"jnews_review":[],"enable_review":"","type":"percentage","name":"","summary":"","brand":"","sku":"","good":[],"bad":[],"score_override":"","override_value":"","rating":[],"price":[],"jnews_override_counter":{"view_counter_number":"0","share_counter_number":"0","like_counter_number":"0","dislike_counter_number":"0"},"jnews_post_split":{"post_split":[{"template":"1","tag":"h2","numbering":"asc","mode":"normal","first":"0","enable_toc":"0","toc_type":"normal"}]},"footnotes":""},"categories":[20],"tags":[],"class_list":["post-49944","post","type-post","status-publish","format-standard","has-post-thumbnail","hentry","category-municipales"],"jetpack_featured_media_url":"https:\/\/atecordoba.org\/wp-content\/uploads\/2025\/08\/WhatsApp-Image-2025-08-05-at-13.27.45.jpeg","_links":{"self":[{"href":"https:\/\/atecordoba.org\/index.php?rest_route=\/wp\/v2\/posts\/49944","targetHints":{"allow":["GET"]}}],"collection":[{"href":"https:\/\/atecordoba.org\/index.php?rest_route=\/wp\/v2\/posts"}],"about":[{"href":"https:\/\/atecordoba.org\/index.php?rest_route=\/wp\/v2\/types\/post"}],"author":[{"embeddable":true,"href":"https:\/\/atecordoba.org\/index.php?rest_route=\/wp\/v2\/users\/7"}],"replies":[{"embeddable":true,"href":"https:\/\/atecordoba.org\/index.php?rest_route=%2Fwp%2Fv2%2Fcomments&post=49944"}],"version-history":[{"count":3,"href":"https:\/\/atecordoba.org\/index.php?rest_route=\/wp\/v2\/posts\/49944\/revisions"}],"predecessor-version":[{"id":49949,"href":"https:\/\/atecordoba.org\/index.php?rest_route=\/wp\/v2\/posts\/49944\/revisions\/49949"}],"wp:featuredmedia":[{"embeddable":true,"href":"https:\/\/atecordoba.org\/index.php?rest_route=\/wp\/v2\/media\/49946"}],"wp:attachment":[{"href":"https:\/\/atecordoba.org\/index.php?rest_route=%2Fwp%2Fv2%2Fmedia&parent=49944"}],"wp:term":[{"taxonomy":"category","embeddable":true,"href":"https:\/\/atecordoba.org\/index.php?rest_route=%2Fwp%2Fv2%2Fcategories&post=49944"},{"taxonomy":"post_tag","embeddable":true,"href":"https:\/\/atecordoba.org\/index.php?rest_route=%2Fwp%2Fv2%2Ftags&post=49944"}],"curies":[{"name":"wp","href":"https:\/\/api.w.org\/{rel}","templated":true}]}}