{"id":49935,"date":"2025-08-05T12:07:50","date_gmt":"2025-08-05T15:07:50","guid":{"rendered":"https:\/\/atecordoba.org\/?p=49935"},"modified":"2025-08-06T09:40:30","modified_gmt":"2025-08-06T12:40:30","slug":"ate-repudia-el-veto-de-milei-del-aumento-jubilatorio-y-la-emergencia-por-discapacidad","status":"publish","type":"post","link":"https:\/\/atecordoba.org\/?p=49935","title":{"rendered":"ATE repudia el veto de Milei al aumento jubilatorio y la emergencia por discapacidad"},"content":{"rendered":"<p><img loading=\"lazy\" decoding=\"async\" class=\"aligncenter wp-image-48874 size-full\" src=\"https:\/\/atecordoba.org\/wp-content\/uploads\/2025\/05\/fede-recorte.jpg\" alt=\"\" width=\"582\" height=\"401\" srcset=\"https:\/\/atecordoba.org\/wp-content\/uploads\/2025\/05\/fede-recorte.jpg 582w, https:\/\/atecordoba.org\/wp-content\/uploads\/2025\/05\/fede-recorte-300x207.jpg 300w\" sizes=\"auto, (max-width: 582px) 100vw, 582px\" \/>ATE C\u00f3rdoba repudia el veto de Milei a las leyes que dar\u00e1n un m\u00f3dico aumento a las jubilaciones nacionales y a la emergencia por discapacidad. La medida se conoci\u00f3 ayer y afecta a millones de jubilados y jubiladas, as\u00ed como a 1.2 millones de personas con discapacidades.<\/p>\n<p>Inmediatamente conocida la medida, ATE Nacional<a href=\"https:\/\/ate.org.ar\/250804-gobernadores-vetos\/\"> sali\u00f3 a exigir a los gobernadores<\/a> que garanticen el quorum en el Congreso para rechazar los vetos. En C\u00f3rdoba, Mart\u00edn Llaryora es uno de los mandatarios que deber\u00eda actuar con coherencia, atent\u00f3 el importante aumento que otorg\u00f3 a los jubilados provinciales. Adem\u00e1s, su ministra de Desarrollo Humano, Liliana Montero, dijo el fin de semana que\u00a0\u201cen C\u00f3rdoba, la discapacidad tiene derechos\u201d.<\/p>\n<p>Vale mencionar que el libertario <a href=\"https:\/\/atecordoba.org\/?p=49777\">hab\u00eda anunciado<\/a> la medida la semana pasada en la Sociedad Rural Argentina. As\u00ed, frente a las necesidades de nuestro pueblo, el Presidente prefiere favorecer por medio de la baja de retenciones, y con los recursos estatales 1250 millones de d\u00f3lares anuales, a los intereses que representa la entidad patronal agroganadena y de un plumazo les transfiri\u00f3 el equivalente a cinco meses de financiamiento universitario o a m\u00e1s de siete a\u00f1os de financiamiento del Hospital Garrahan.<\/p>\n<p>Claramente, Milei destruye el bienestar, pero que adem\u00e1s hipoteca la productividad futura de la econom\u00eda al desfinanciar el sistema previsional, cuyos beneficiarios vuelcan sus ingresos en el pa\u00eds y no fugan capitales al exterior, para privilegiar el aumento de la renta de la tierra. Los due\u00f1os de la tierra capturan una parte sustancial de la renta extraordinaria que deviene de la actividad agr\u00edcola y ganadera.<img loading=\"lazy\" decoding=\"async\" class=\"aligncenter wp-image-49936 \" src=\"https:\/\/atecordoba.org\/wp-content\/uploads\/2025\/08\/milei-veto-1024x546.jpg\" alt=\"\" width=\"598\" height=\"319\" srcset=\"https:\/\/atecordoba.org\/wp-content\/uploads\/2025\/08\/milei-veto-1024x546.jpg 1024w, https:\/\/atecordoba.org\/wp-content\/uploads\/2025\/08\/milei-veto-300x160.jpg 300w, https:\/\/atecordoba.org\/wp-content\/uploads\/2025\/08\/milei-veto-768x410.jpg 768w, https:\/\/atecordoba.org\/wp-content\/uploads\/2025\/08\/milei-veto-750x400.jpg 750w, https:\/\/atecordoba.org\/wp-content\/uploads\/2025\/08\/milei-veto-1140x608.jpg 1140w, https:\/\/atecordoba.org\/wp-content\/uploads\/2025\/08\/milei-veto.jpg 1200w\" sizes=\"auto, (max-width: 598px) 100vw, 598px\" \/><\/p>\n<p>En ese marco, el Secretario General de ATE y la CTA Aut\u00f3noma C\u00f3rdoba, Federico Giuliani, plante\u00f3 la necesidad de \u201cconfluir en un paro general que interpele al gobierno estafador de Milei\u201d, al tiempo que manifest\u00f3 el deseo de \u201cun pa\u00eds independiente de verdad, no la colonia que nos ofrece \u00e9l y su coro de alcahuetes\u201d.<\/p>\n<p>Y consider\u00f3 que para eso \u201chay que construir una fuerza pol\u00edtica que apunte a la unidad de los trabajadores ocupados y desocupados junto a los sectores sociales agredidos por este gobierno neofascista y cipayo, tras el objetivo com\u00fan de volver a sembrar justicia social en nuestra Patria\u201d.<\/p>\n<p>Adem\u00e1s, plante\u00f3 la importancia de generar un dispositivo multisectorial: \u201cCreemos firmemente en la construcci\u00f3n de un nuevo Movimiento Pol\u00edtico, Social y Cultural de Liberaci\u00f3n que se aprob\u00f3 en varios congresos de la CTA y no se concret\u00f3 pese a ese formidable intento que fue la Constituyente Social. Para nosotros no se trata de un enunciado, ni de crear un partido pol\u00edtico. Significa el desaf\u00edo de atreverse a pensar y conformar un espacio pol\u00edtico de nuevo tipo en el marco de una estrategia integral de poder popular\u201d.<\/p>\n","protected":false},"excerpt":{"rendered":"<p>ATE C\u00f3rdoba repudia el veto de Milei a las leyes que dar\u00e1n un m\u00f3dico aumento a las jubilaciones nacionales y a la emergencia por discapacidad. La medida se conoci\u00f3 ayer y afecta a millones de jubilados y jubiladas, as\u00ed como a 1.2 millones de personas con discapacidades. Inmediatamente conocida la medida, ATE Nacional sali\u00f3 a [&hellip;]<\/p>\n","protected":false},"author":7,"featured_media":49937,"comment_status":"open","ping_status":"open","sticky":false,"template":"","format":"standard","meta":{"_exactmetrics_skip_tracking":false,"_exactmetrics_sitenote_active":false,"_exactmetrics_sitenote_note":"","_exactmetrics_sitenote_category":0,"jnews-multi-image_gallery":[],"jnews_single_post":{"format":"standard","override":[{"template":"1","parallax":"1","fullscreen":"1","layout":"no-sidebar-narrow","sidebar":"default-sidebar","second_sidebar":"default-sidebar","sticky_sidebar":"1","share_position":"bottom","share_float_style":"share-monocrhome","show_share_counter":"1","show_view_counter":"1","show_post_meta":"1","show_post_author_image":"1","show_post_date":"1","post_date_format":"default","post_date_format_custom":"Y\/m\/d","show_post_category":"1","show_post_reading_time":"0","post_reading_time_wpm":"300","post_calculate_word_method":"str_word_count","show_zoom_button":"0","zoom_button_out_step":"2","zoom_button_in_step":"3","show_post_tag":"1","number_popup_post":"1","show_post_related":"1","show_inline_post_related":"0"}],"image_override":[{"single_post_thumbnail_size":"crop-500","single_post_gallery_size":"crop-500"}],"trending_post_position":"meta","trending_post_label":"Trending","sponsored_post_label":"Sponsored by","disable_ad":"0"},"jnews_primary_category":[],"jnews_social_meta":[],"jnews_review":[],"enable_review":"","type":"percentage","name":"","summary":"","brand":"","sku":"","good":[],"bad":[],"score_override":"","override_value":"","rating":[],"price":[],"jnews_override_counter":{"view_counter_number":"0","share_counter_number":"0","like_counter_number":"0","dislike_counter_number":"0"},"jnews_post_split":{"post_split":[{"template":"1","tag":"h2","numbering":"asc","mode":"normal","first":"0","enable_toc":"0","toc_type":"normal"}]},"footnotes":""},"categories":[10],"tags":[],"class_list":["post-49935","post","type-post","status-publish","format-standard","has-post-thumbnail","hentry","category-accion-politica"],"jetpack_featured_media_url":"https:\/\/atecordoba.org\/wp-content\/uploads\/2025\/08\/milei-discapacidad.jpeg","_links":{"self":[{"href":"https:\/\/atecordoba.org\/index.php?rest_route=\/wp\/v2\/posts\/49935","targetHints":{"allow":["GET"]}}],"collection":[{"href":"https:\/\/atecordoba.org\/index.php?rest_route=\/wp\/v2\/posts"}],"about":[{"href":"https:\/\/atecordoba.org\/index.php?rest_route=\/wp\/v2\/types\/post"}],"author":[{"embeddable":true,"href":"https:\/\/atecordoba.org\/index.php?rest_route=\/wp\/v2\/users\/7"}],"replies":[{"embeddable":true,"href":"https:\/\/atecordoba.org\/index.php?rest_route=%2Fwp%2Fv2%2Fcomments&post=49935"}],"version-history":[{"count":4,"href":"https:\/\/atecordoba.org\/index.php?rest_route=\/wp\/v2\/posts\/49935\/revisions"}],"predecessor-version":[{"id":49950,"href":"https:\/\/atecordoba.org\/index.php?rest_route=\/wp\/v2\/posts\/49935\/revisions\/49950"}],"wp:featuredmedia":[{"embeddable":true,"href":"https:\/\/atecordoba.org\/index.php?rest_route=\/wp\/v2\/media\/49937"}],"wp:attachment":[{"href":"https:\/\/atecordoba.org\/index.php?rest_route=%2Fwp%2Fv2%2Fmedia&parent=49935"}],"wp:term":[{"taxonomy":"category","embeddable":true,"href":"https:\/\/atecordoba.org\/index.php?rest_route=%2Fwp%2Fv2%2Fcategories&post=49935"},{"taxonomy":"post_tag","embeddable":true,"href":"https:\/\/atecordoba.org\/index.php?rest_route=%2Fwp%2Fv2%2Ftags&post=49935"}],"curies":[{"name":"wp","href":"https:\/\/api.w.org\/{rel}","templated":true}]}}