{"id":49928,"date":"2025-08-05T10:39:46","date_gmt":"2025-08-05T13:39:46","guid":{"rendered":"https:\/\/atecordoba.org\/?p=49928"},"modified":"2025-08-05T13:48:41","modified_gmt":"2025-08-05T16:48:41","slug":"audiencia-con-la-municipalidad-de-saldan-en-la-secretaria-de-trabajo","status":"publish","type":"post","link":"https:\/\/atecordoba.org\/?p=49928","title":{"rendered":"Audiencia con la Municipalidad de Sald\u00e1n en la Secretaria de Trabajo"},"content":{"rendered":"<p><img loading=\"lazy\" decoding=\"async\" class=\"aligncenter wp-image-49929 size-full\" src=\"https:\/\/atecordoba.org\/wp-content\/uploads\/2025\/08\/flyer-saldan-paritaria.jpg\" alt=\"\" width=\"512\" height=\"309\" srcset=\"https:\/\/atecordoba.org\/wp-content\/uploads\/2025\/08\/flyer-saldan-paritaria.jpg 512w, https:\/\/atecordoba.org\/wp-content\/uploads\/2025\/08\/flyer-saldan-paritaria-300x181.jpg 300w\" sizes=\"auto, (max-width: 512px) 100vw, 512px\" \/>Hoy 5 de agosto a las 10 horas se realizar\u00e1 en la Secretar\u00eda de Trabajo de la Provincia de C\u00f3rdoba una audiencia entre ATE y el Municipio de la localidad de Sald\u00e1n.<\/p>\n<p>La Secretar\u00eda de Trabajo de la Provincia convoc\u00f3 a nuestro gremio y al Departamento Ejecutivo de esa localidad del Gran C\u00f3rdoba a una audiencia oficial, con el objetivo de abordar la participaci\u00f3n formal del sindicato en la Mesa Paritaria Municipal.<\/p>\n<p>\u201cDesde ATE reafirmamos nuestro compromiso con las y los trabajadores municipales: Luchamos por salarios justos, recategorizaciones y condiciones laborales dignas. Porque la defensa de los derechos no se delega: Se organiza y se pelea\u201d, expres\u00f3 el Consejo Directivo Provincial.<\/p>\n<p>ATE ven\u00eda reclamando a la Municipalidad la convocatoria a la paritaria, en base al reconocimiento que obtuvo del Ejecutivo en funci\u00f3n de la cantidad de afiliados y afiliadas que vienen optando por nuestra representaci\u00f3n.<\/p>\n<p>El 28 de julio, tras una asamblea realizada en la puerta de la Municipalidad, la intendenta Carolina Cristori llam\u00f3 a la representaci\u00f3n de ATE para ratificar que iba a solicitar mediante nota a Trabajo que nuestro gremio sea convocado a la paritaria, ya que cuenta con la legitimidad, legalidad y representatividad suficiente para estar presente en esa instancia de negociaci\u00f3n.<\/p>\n<p>Para la paritaria ATE llevar\u00e1 una propuesta de aumento salarial y que la misma se haga extensiva al personal precarizado ya la resoluci\u00f3n municipal no incluye, con la idea que\u00a0ese sector reciba la compensaci\u00f3n correspondiente.<\/p>\n","protected":false},"excerpt":{"rendered":"<p>Hoy 5 de agosto a las 10 horas se realizar\u00e1 en la Secretar\u00eda de Trabajo de la Provincia de C\u00f3rdoba una audiencia entre ATE y el Municipio de la localidad de Sald\u00e1n. La Secretar\u00eda de Trabajo de la Provincia convoc\u00f3 a nuestro gremio y al Departamento Ejecutivo de esa localidad del Gran C\u00f3rdoba a una [&hellip;]<\/p>\n","protected":false},"author":7,"featured_media":49930,"comment_status":"open","ping_status":"open","sticky":false,"template":"","format":"standard","meta":{"_exactmetrics_skip_tracking":false,"_exactmetrics_sitenote_active":false,"_exactmetrics_sitenote_note":"","_exactmetrics_sitenote_category":0,"jnews-multi-image_gallery":[],"jnews_single_post":{"format":"standard","override":[{"template":"1","parallax":"1","fullscreen":"1","layout":"no-sidebar-narrow","sidebar":"default-sidebar","second_sidebar":"default-sidebar","sticky_sidebar":"1","share_position":"bottom","share_float_style":"share-monocrhome","show_share_counter":"1","show_view_counter":"1","show_post_meta":"1","show_post_author_image":"1","show_post_date":"1","post_date_format":"default","post_date_format_custom":"Y\/m\/d","show_post_category":"1","show_post_reading_time":"0","post_reading_time_wpm":"300","post_calculate_word_method":"str_word_count","show_zoom_button":"0","zoom_button_out_step":"2","zoom_button_in_step":"3","show_post_tag":"1","number_popup_post":"1","show_post_related":"1","show_inline_post_related":"0"}],"image_override":[{"single_post_thumbnail_size":"crop-500","single_post_gallery_size":"crop-500"}],"trending_post_position":"meta","trending_post_label":"Trending","sponsored_post_label":"Sponsored by","disable_ad":"0"},"jnews_primary_category":[],"jnews_social_meta":[],"jnews_review":[],"enable_review":"","type":"percentage","name":"","summary":"","brand":"","sku":"","good":[],"bad":[],"score_override":"","override_value":"","rating":[],"price":[],"jnews_override_counter":{"view_counter_number":"0","share_counter_number":"0","like_counter_number":"0","dislike_counter_number":"0"},"jnews_post_split":{"post_split":[{"template":"1","tag":"h2","numbering":"asc","mode":"normal","first":"0","enable_toc":"0","toc_type":"normal"}]},"footnotes":""},"categories":[20],"tags":[],"class_list":["post-49928","post","type-post","status-publish","format-standard","has-post-thumbnail","hentry","category-municipales"],"jetpack_featured_media_url":"https:\/\/atecordoba.org\/wp-content\/uploads\/2025\/08\/ministerio-de-trabajo.jpg","_links":{"self":[{"href":"https:\/\/atecordoba.org\/index.php?rest_route=\/wp\/v2\/posts\/49928","targetHints":{"allow":["GET"]}}],"collection":[{"href":"https:\/\/atecordoba.org\/index.php?rest_route=\/wp\/v2\/posts"}],"about":[{"href":"https:\/\/atecordoba.org\/index.php?rest_route=\/wp\/v2\/types\/post"}],"author":[{"embeddable":true,"href":"https:\/\/atecordoba.org\/index.php?rest_route=\/wp\/v2\/users\/7"}],"replies":[{"embeddable":true,"href":"https:\/\/atecordoba.org\/index.php?rest_route=%2Fwp%2Fv2%2Fcomments&post=49928"}],"version-history":[{"count":2,"href":"https:\/\/atecordoba.org\/index.php?rest_route=\/wp\/v2\/posts\/49928\/revisions"}],"predecessor-version":[{"id":49942,"href":"https:\/\/atecordoba.org\/index.php?rest_route=\/wp\/v2\/posts\/49928\/revisions\/49942"}],"wp:featuredmedia":[{"embeddable":true,"href":"https:\/\/atecordoba.org\/index.php?rest_route=\/wp\/v2\/media\/49930"}],"wp:attachment":[{"href":"https:\/\/atecordoba.org\/index.php?rest_route=%2Fwp%2Fv2%2Fmedia&parent=49928"}],"wp:term":[{"taxonomy":"category","embeddable":true,"href":"https:\/\/atecordoba.org\/index.php?rest_route=%2Fwp%2Fv2%2Fcategories&post=49928"},{"taxonomy":"post_tag","embeddable":true,"href":"https:\/\/atecordoba.org\/index.php?rest_route=%2Fwp%2Fv2%2Ftags&post=49928"}],"curies":[{"name":"wp","href":"https:\/\/api.w.org\/{rel}","templated":true}]}}