{"id":49923,"date":"2025-08-05T10:28:25","date_gmt":"2025-08-05T13:28:25","guid":{"rendered":"https:\/\/atecordoba.org\/?p=49923"},"modified":"2025-08-05T10:42:33","modified_gmt":"2025-08-05T13:42:33","slug":"desde-que-milei-es-presidente-se-destruyeron-mas-de-44-mil-empleos-estatales","status":"publish","type":"post","link":"https:\/\/atecordoba.org\/?p=49923","title":{"rendered":"Desde que Milei es presidente se destruyeron m\u00e1s de 44 mil empleos estatales"},"content":{"rendered":"<h6><img loading=\"lazy\" decoding=\"async\" class=\"aligncenter wp-image-49402 size-full\" src=\"https:\/\/atecordoba.org\/wp-content\/uploads\/2025\/07\/milei-culiadazo.jpg\" alt=\"\" width=\"631\" height=\"445\" srcset=\"https:\/\/atecordoba.org\/wp-content\/uploads\/2025\/07\/milei-culiadazo.jpg 631w, https:\/\/atecordoba.org\/wp-content\/uploads\/2025\/07\/milei-culiadazo-300x212.jpg 300w, https:\/\/atecordoba.org\/wp-content\/uploads\/2025\/07\/milei-culiadazo-120x86.jpg 120w\" sizes=\"auto, (max-width: 631px) 100vw, 631px\" \/>(fuente: ctacordoba.org)<\/h6>\n<p class=\"wp-block-heading has-medium-font-size\"><em>El \u00faltimo informe del INDEC revela que la plantilla total de la administraci\u00f3n p\u00fablica nacional, empresas y sociedades cay\u00f3 a 289.178 trabajadores estatales en junio de 2025. La reducci\u00f3n acumulada desde enero supera el 3,5%, impulsada por el ajuste en organismos estatales y empresas p\u00fablicas.<\/em><\/p>\n<p>El Instituto Nacional de Estad\u00edstica y Censos (INDEC) public\u00f3 su\u00a0informe mensual sobre la dotaci\u00f3n de personal en el sector p\u00fablico nacional, que incluye a la administraci\u00f3n central, organismos descentralizados, empresas estatales y sociedades con participaci\u00f3n del Estado.\u00a0A junio de 2025, el personal total estimado es de 289.178 trabajadores, lo que representa una\u00a0ca\u00edda de m\u00e1s de 10.000 empleos desde enero.<\/p>\n<p>La reducci\u00f3n es significativa: en enero, la dotaci\u00f3n total era de 299.963 personas. Se trata de una\u00a0baja del 3,6% en solo seis meses, en l\u00ednea con las pol\u00edticas de recorte impulsadas por el Ejecutivo Nacional y el Ministerio de Desregulaci\u00f3n y Transformaci\u00f3n del Estado.<\/p>\n<p>Los descensos afectan a todas las estructuras del Estado:<\/p>\n<ul>\n<li><strong>Administraci\u00f3n centralizada<\/strong>: pas\u00f3 de 44.036 personas en enero a 40.582 en junio (-7,8%).<\/li>\n<li><strong>Organismos descentralizados y desconcentrados<\/strong>: tambi\u00e9n muestran mermas, especialmente en sectores sensibles como salud, defensa y ciencia.<\/li>\n<li><strong>Empresas y sociedades del Estado<\/strong>: emplean actualmente 91.591 personas, con una reducci\u00f3n mensual del 0,8%.<img loading=\"lazy\" decoding=\"async\" class=\"aligncenter wp-image-49169 \" src=\"https:\/\/atecordoba.org\/wp-content\/uploads\/2025\/06\/WhatsApp-Image-2025-06-12-at-13.11.13-1024x768.jpeg\" alt=\"\" width=\"635\" height=\"477\" srcset=\"https:\/\/atecordoba.org\/wp-content\/uploads\/2025\/06\/WhatsApp-Image-2025-06-12-at-13.11.13-1024x768.jpeg 1024w, https:\/\/atecordoba.org\/wp-content\/uploads\/2025\/06\/WhatsApp-Image-2025-06-12-at-13.11.13-300x225.jpeg 300w, https:\/\/atecordoba.org\/wp-content\/uploads\/2025\/06\/WhatsApp-Image-2025-06-12-at-13.11.13-768x576.jpeg 768w, https:\/\/atecordoba.org\/wp-content\/uploads\/2025\/06\/WhatsApp-Image-2025-06-12-at-13.11.13-1536x1152.jpeg 1536w, https:\/\/atecordoba.org\/wp-content\/uploads\/2025\/06\/WhatsApp-Image-2025-06-12-at-13.11.13-750x563.jpeg 750w, https:\/\/atecordoba.org\/wp-content\/uploads\/2025\/06\/WhatsApp-Image-2025-06-12-at-13.11.13-1140x855.jpeg 1140w, https:\/\/atecordoba.org\/wp-content\/uploads\/2025\/06\/WhatsApp-Image-2025-06-12-at-13.11.13.jpeg 1600w\" sizes=\"auto, (max-width: 635px) 100vw, 635px\" \/><\/li>\n<\/ul>\n<p>Entre las empresas m\u00e1s afectadas se encuentran\u00a0<strong>Fabricaciones Militares (-1,5%)<\/strong>,\u00a0<strong>Corredores Viales S.A. (-2,4%)<\/strong>,\u00a0<strong>INTA (-0,7%)<\/strong>\u00a0y\u00a0<strong>Radio y Televisi\u00f3n Argentina S.E. (-0,5%)<\/strong>. En paralelo, entidades como\u00a0<strong>Aerol\u00edneas Argentinas S.A. (+0,1%)<\/strong>,\u00a0<strong>Correo Oficial de la Rep\u00fablica Argentina S.A. (+0,2%)<\/strong>\u00a0e\u00a0<strong>Intercargo (+0,6%)<\/strong>\u00a0mostraron leves aumentos.<\/p>\n<ul>\n<li><strong>Ministerio de Capital Humano<\/strong>: perdi\u00f3 m\u00e1s de 1.000 puestos entre ANSES, ANDIS y PAMI.<\/li>\n<li><strong>Ministerio de Econom\u00eda<\/strong>: registra ca\u00edda de personal en entes clave como la ANAC, CNRT y ENRE.<\/li>\n<li><strong>INTA e INTI<\/strong>, dependientes del \u00e1rea de ciencia y t\u00e9cnica, tambi\u00e9n sufrieron bajas en sus dotaciones.<\/li>\n<li><strong>CONICET<\/strong>, aunque mantiene su estructura, muestra una ligera retracci\u00f3n del 0,4%.<\/li>\n<\/ul>\n<p>Adem\u00e1s, el informe destaca que\u00a0560 trabajadores forman parte de organismos que no reportaron datos y fueron imputados estad\u00edsticamente, lo que podr\u00eda modificar las cifras en pr\u00f3ximas actualizaciones.<\/p>\n<p>El informe del INDEC refleja la ejecuci\u00f3n concreta de un ajuste estructural en el Estado nacional. La ca\u00edda de puestos de trabajo estatales no solo responde a retiros voluntarios o no renovaci\u00f3n de contratos, sino tambi\u00e9n a\u00a0reorganizaciones internas, cierres de programas y fusiones de organismos, seg\u00fan fuentes oficiales.<\/p>\n<p>Los gremios estatales han denunciado que estas medidas afectan la calidad de servicios p\u00fablicos, generan incertidumbre laboral y no est\u00e1n siendo compensadas por mejoras tecnol\u00f3gicas ni de eficiencia operativa.<\/p>\n","protected":false},"excerpt":{"rendered":"<p>(fuente: ctacordoba.org) El \u00faltimo informe del INDEC revela que la plantilla total de la administraci\u00f3n p\u00fablica nacional, empresas y sociedades cay\u00f3 a 289.178 trabajadores estatales en junio de 2025. La reducci\u00f3n acumulada desde enero supera el 3,5%, impulsada por el ajuste en organismos estatales y empresas p\u00fablicas. El Instituto Nacional de Estad\u00edstica y Censos (INDEC) [&hellip;]<\/p>\n","protected":false},"author":7,"featured_media":49509,"comment_status":"open","ping_status":"open","sticky":false,"template":"","format":"standard","meta":{"_exactmetrics_skip_tracking":false,"_exactmetrics_sitenote_active":false,"_exactmetrics_sitenote_note":"","_exactmetrics_sitenote_category":0,"jnews-multi-image_gallery":[],"jnews_single_post":{"format":"standard","override":[{"template":"1","parallax":"1","fullscreen":"1","layout":"no-sidebar-narrow","sidebar":"default-sidebar","second_sidebar":"default-sidebar","sticky_sidebar":"1","share_position":"bottom","share_float_style":"share-monocrhome","show_share_counter":"1","show_view_counter":"1","show_post_meta":"1","show_post_author_image":"1","show_post_date":"1","post_date_format":"default","post_date_format_custom":"Y\/m\/d","show_post_category":"1","show_post_reading_time":"0","post_reading_time_wpm":"300","post_calculate_word_method":"str_word_count","show_zoom_button":"0","zoom_button_out_step":"2","zoom_button_in_step":"3","show_post_tag":"1","number_popup_post":"1","show_post_related":"1","show_inline_post_related":"0"}],"image_override":[{"single_post_thumbnail_size":"crop-500","single_post_gallery_size":"crop-500"}],"trending_post_position":"meta","trending_post_label":"Trending","sponsored_post_label":"Sponsored by","disable_ad":"0"},"jnews_primary_category":[],"jnews_social_meta":[],"jnews_review":[],"enable_review":"","type":"percentage","name":"","summary":"","brand":"","sku":"","good":[],"bad":[],"score_override":"","override_value":"","rating":[],"price":[],"jnews_override_counter":{"view_counter_number":"0","share_counter_number":"0","like_counter_number":"0","dislike_counter_number":"0"},"jnews_post_split":{"post_split":[{"template":"1","tag":"h2","numbering":"asc","mode":"normal","first":"0","enable_toc":"0","toc_type":"normal"}]},"footnotes":""},"categories":[18],"tags":[],"class_list":["post-49923","post","type-post","status-publish","format-standard","has-post-thumbnail","hentry","category-nacionales"],"jetpack_featured_media_url":"https:\/\/atecordoba.org\/wp-content\/uploads\/2025\/07\/Agricultura-familiar.jpg","_links":{"self":[{"href":"https:\/\/atecordoba.org\/index.php?rest_route=\/wp\/v2\/posts\/49923","targetHints":{"allow":["GET"]}}],"collection":[{"href":"https:\/\/atecordoba.org\/index.php?rest_route=\/wp\/v2\/posts"}],"about":[{"href":"https:\/\/atecordoba.org\/index.php?rest_route=\/wp\/v2\/types\/post"}],"author":[{"embeddable":true,"href":"https:\/\/atecordoba.org\/index.php?rest_route=\/wp\/v2\/users\/7"}],"replies":[{"embeddable":true,"href":"https:\/\/atecordoba.org\/index.php?rest_route=%2Fwp%2Fv2%2Fcomments&post=49923"}],"version-history":[{"count":3,"href":"https:\/\/atecordoba.org\/index.php?rest_route=\/wp\/v2\/posts\/49923\/revisions"}],"predecessor-version":[{"id":49933,"href":"https:\/\/atecordoba.org\/index.php?rest_route=\/wp\/v2\/posts\/49923\/revisions\/49933"}],"wp:featuredmedia":[{"embeddable":true,"href":"https:\/\/atecordoba.org\/index.php?rest_route=\/wp\/v2\/media\/49509"}],"wp:attachment":[{"href":"https:\/\/atecordoba.org\/index.php?rest_route=%2Fwp%2Fv2%2Fmedia&parent=49923"}],"wp:term":[{"taxonomy":"category","embeddable":true,"href":"https:\/\/atecordoba.org\/index.php?rest_route=%2Fwp%2Fv2%2Fcategories&post=49923"},{"taxonomy":"post_tag","embeddable":true,"href":"https:\/\/atecordoba.org\/index.php?rest_route=%2Fwp%2Fv2%2Ftags&post=49923"}],"curies":[{"name":"wp","href":"https:\/\/api.w.org\/{rel}","templated":true}]}}