{"id":49918,"date":"2025-08-05T10:01:09","date_gmt":"2025-08-05T13:01:09","guid":{"rendered":"https:\/\/atecordoba.org\/?p=49918"},"modified":"2025-08-05T10:01:09","modified_gmt":"2025-08-05T13:01:09","slug":"analisis-la-devaluacion-el-aumento-de-los-combustibles-y-la-recesion-ponen-en-jaque-el-poder-adquisitivo","status":"publish","type":"post","link":"https:\/\/atecordoba.org\/?p=49918","title":{"rendered":"An\u00e1lisis: La devaluaci\u00f3n, el aumento de los combustibles y la recesi\u00f3n ponen en jaque el poder adquisitivo"},"content":{"rendered":"<h6><img loading=\"lazy\" decoding=\"async\" class=\"aligncenter wp-image-49919 \" src=\"https:\/\/atecordoba.org\/wp-content\/uploads\/2025\/08\/caida_del_salario.jpg\" alt=\"\" width=\"609\" height=\"360\" srcset=\"https:\/\/atecordoba.org\/wp-content\/uploads\/2025\/08\/caida_del_salario.jpg 960w, https:\/\/atecordoba.org\/wp-content\/uploads\/2025\/08\/caida_del_salario-300x177.jpg 300w, https:\/\/atecordoba.org\/wp-content\/uploads\/2025\/08\/caida_del_salario-768x454.jpg 768w, https:\/\/atecordoba.org\/wp-content\/uploads\/2025\/08\/caida_del_salario-750x443.jpg 750w\" sizes=\"auto, (max-width: 609px) 100vw, 609px\" \/>Por Carlos Rang, Consejo Directivo Provincial de ATE C\u00f3rdoba<\/h6>\n<p>La reciente devaluaci\u00f3n del peso argentino, impulsada por las medidas econ\u00f3micas del Gobierno, ha desatado una nueva crisis social que golpea con fuerza a la clase trabajadora en su conjunto.<\/p>\n<p>El aumento del d\u00f3lar y de la nafta funciona como un combo explosivo que el Gobierno y los sectores concentrados del poder econ\u00f3mico le imponen a los trabajadores y a los sectores de la producci\u00f3n. La suba de los combustibles, un insumo clave para la producci\u00f3n y la log\u00edstica, ha actuado como catalizador de una espiral inflacionaria que amenaza con llevarse por delante los magros aumentos salariales conseguidos en las \u00faltimas paritarias de algunos sectores y golpea m\u00e1s a los trabajadores informales y precarizados de las barriadas populares.<\/p>\n<p>El aumento del d\u00f3lar se traslada de manera inmediata a los precios de los bienes de consumo de la canasta b\u00e1sica de los sectores populares.<\/p>\n<p>Por su parte la apertura indiscriminada de las importaciones y el comercio electr\u00f3nico de las plataformas que, sumado a la recesi\u00f3n, destruyen al comercio. Esto genera una ola de despidos y un deterioro alarmante del poder de compra de los salarios. Las empresas, enfrentadas a costos de producci\u00f3n m\u00e1s altos, reducen sus m\u00e1rgenes de ganancia y, como primera medida, optan por la suspensi\u00f3n y el despido de personal.<\/p>\n<p>La devaluaci\u00f3n, si bien busca recomponer el equilibrio de la balanza comercial, tiene un costo social alt\u00edsimo. La p\u00e9rdida del poder adquisitivo del salario, la creciente informalidad laboral y el aumento del desempleo son consecuencias directas de una pol\u00edtica econ\u00f3mica que desde un primer momento prioriza el ajuste fiscal y el pago de intereses de la deuda, sobre las necesidades de las personas.<\/p>\n<p>Este impacto est\u00e1 generando una fuerte alarma en sectores de c\u00e1maras empresariales como la UIA, que vienen diciendo que se pierden 1500 puestos de trabajo por mes. La producci\u00f3n est\u00e1 bajando y los empresarios dicen que no pueden sostener los costos. Nosotros sabemos que la soluci\u00f3n no es achicar la planta de personal, sino defender el empleo y el salario. En el estado nacional un informe (CEPA) habla de m\u00e1s de 54 mil despidos y con paritarias a la baja.<\/p>\n<p>La preocupaci\u00f3n y la bronca ya se palpan en el ambiente y en los hogares del sector de los trabajadores, por los aumentos de los productos de la canasta b\u00e1sica en los supermercados, en las carnicer\u00edas, en las panader\u00edas y en las verduler\u00edas. Lo que ganamos cada vez nos alcanza para menos, esto es un nuevo ajuste brutal que pagamos siempre los que menos tenemos. La gota que viene a rebalsar el vaso es el veto de las 3 leyes sancionadas por el Senado el 10 de julio \u00faltimo: el aumento para las jubilaciones, la restituci\u00f3n de la moratoria previsional y la emergencia en discapacidad.<\/p>\n<p>La recesi\u00f3n, que ya ven\u00eda mostr\u00e1ndose en los indicadores econ\u00f3micos de los \u00faltimos meses, se profundiza ahora con la devaluaci\u00f3n. Los trabajadores que hist\u00f3ricamente hemos defendido la estabilidad laboral y el salario, debemos llamar a plenarios de delegados, con asambleas en los sectores de trabajo para movilizar y multiplicar en las f\u00e1bricas y los distintos centros de trabajo.<\/p>\n<p>Ya sabemos que este Gobierno t\u00edtere del imperialismo, no tiene la intenci\u00f3n de escuchar, esto nos obliga y nos empuja a organizarnos para ir a medidas de fuerzas con huelgas y la movilizaci\u00f3n callejera. Estas acciones deben tener como objetivo cambiar las correlaciones de fuerzas para poder torcer el rumbo para frenar la espiral inflacionaria, defender el trabajo y garantizar el poder adquisitivo de los salarios. No podemos permitir que el ajuste se lleve puesto a los trabajadores y se siga reprimarizando la econom\u00eda, el endeudamiento y la entrega de nuestra soberan\u00eda.<\/p>\n<p>Debemos defender nuestros derechos y nuestro futuro en las calles, en las f\u00e1bricas, en las Universidades y en los barrios. La crisis econ\u00f3mica pol\u00edtica y social se agudiza y la respuesta de los trabajadores no puede esperar.<\/p>\n","protected":false},"excerpt":{"rendered":"<p>Por Carlos Rang, Consejo Directivo Provincial de ATE C\u00f3rdoba La reciente devaluaci\u00f3n del peso argentino, impulsada por las medidas econ\u00f3micas del Gobierno, ha desatado una nueva crisis social que golpea con fuerza a la clase trabajadora en su conjunto. El aumento del d\u00f3lar y de la nafta funciona como un combo explosivo que el Gobierno [&hellip;]<\/p>\n","protected":false},"author":7,"featured_media":49919,"comment_status":"open","ping_status":"open","sticky":false,"template":"","format":"standard","meta":{"_exactmetrics_skip_tracking":false,"_exactmetrics_sitenote_active":false,"_exactmetrics_sitenote_note":"","_exactmetrics_sitenote_category":0,"jnews-multi-image_gallery":[],"jnews_single_post":[],"jnews_primary_category":[],"jnews_social_meta":[],"jnews_review":[],"enable_review":"","type":"","name":"","summary":"","brand":"","sku":"","good":[],"bad":[],"score_override":"","override_value":"","rating":[],"price":[],"jnews_override_counter":[],"jnews_post_split":[],"footnotes":""},"categories":[350],"tags":[],"class_list":["post-49918","post","type-post","status-publish","format-standard","has-post-thumbnail","hentry","category-opinion"],"jetpack_featured_media_url":"https:\/\/atecordoba.org\/wp-content\/uploads\/2025\/08\/caida_del_salario.jpg","_links":{"self":[{"href":"https:\/\/atecordoba.org\/index.php?rest_route=\/wp\/v2\/posts\/49918","targetHints":{"allow":["GET"]}}],"collection":[{"href":"https:\/\/atecordoba.org\/index.php?rest_route=\/wp\/v2\/posts"}],"about":[{"href":"https:\/\/atecordoba.org\/index.php?rest_route=\/wp\/v2\/types\/post"}],"author":[{"embeddable":true,"href":"https:\/\/atecordoba.org\/index.php?rest_route=\/wp\/v2\/users\/7"}],"replies":[{"embeddable":true,"href":"https:\/\/atecordoba.org\/index.php?rest_route=%2Fwp%2Fv2%2Fcomments&post=49918"}],"version-history":[{"count":1,"href":"https:\/\/atecordoba.org\/index.php?rest_route=\/wp\/v2\/posts\/49918\/revisions"}],"predecessor-version":[{"id":49920,"href":"https:\/\/atecordoba.org\/index.php?rest_route=\/wp\/v2\/posts\/49918\/revisions\/49920"}],"wp:featuredmedia":[{"embeddable":true,"href":"https:\/\/atecordoba.org\/index.php?rest_route=\/wp\/v2\/media\/49919"}],"wp:attachment":[{"href":"https:\/\/atecordoba.org\/index.php?rest_route=%2Fwp%2Fv2%2Fmedia&parent=49918"}],"wp:term":[{"taxonomy":"category","embeddable":true,"href":"https:\/\/atecordoba.org\/index.php?rest_route=%2Fwp%2Fv2%2Fcategories&post=49918"},{"taxonomy":"post_tag","embeddable":true,"href":"https:\/\/atecordoba.org\/index.php?rest_route=%2Fwp%2Fv2%2Ftags&post=49918"}],"curies":[{"name":"wp","href":"https:\/\/api.w.org\/{rel}","templated":true}]}}