{"id":49910,"date":"2025-08-04T14:50:07","date_gmt":"2025-08-04T17:50:07","guid":{"rendered":"https:\/\/atecordoba.org\/?p=49910"},"modified":"2025-08-04T14:59:43","modified_gmt":"2025-08-04T17:59:43","slug":"49910","status":"publish","type":"post","link":"https:\/\/atecordoba.org\/?p=49910","title":{"rendered":"Villa Cura Brochero: audiencia con la Municipalidad trat\u00f3 la agenda gremial de ATE"},"content":{"rendered":"<p><img loading=\"lazy\" decoding=\"async\" class=\"aligncenter wp-image-49911 \" src=\"https:\/\/atecordoba.org\/wp-content\/uploads\/2025\/08\/WhatsApp-Image-2025-08-04-at-13.45.23-1-1024x768.jpeg\" alt=\"\" width=\"607\" height=\"456\" srcset=\"https:\/\/atecordoba.org\/wp-content\/uploads\/2025\/08\/WhatsApp-Image-2025-08-04-at-13.45.23-1-1024x768.jpeg 1024w, https:\/\/atecordoba.org\/wp-content\/uploads\/2025\/08\/WhatsApp-Image-2025-08-04-at-13.45.23-1-300x225.jpeg 300w, https:\/\/atecordoba.org\/wp-content\/uploads\/2025\/08\/WhatsApp-Image-2025-08-04-at-13.45.23-1-768x576.jpeg 768w, https:\/\/atecordoba.org\/wp-content\/uploads\/2025\/08\/WhatsApp-Image-2025-08-04-at-13.45.23-1-1536x1152.jpeg 1536w, https:\/\/atecordoba.org\/wp-content\/uploads\/2025\/08\/WhatsApp-Image-2025-08-04-at-13.45.23-1-750x563.jpeg 750w, https:\/\/atecordoba.org\/wp-content\/uploads\/2025\/08\/WhatsApp-Image-2025-08-04-at-13.45.23-1-1140x855.jpeg 1140w, https:\/\/atecordoba.org\/wp-content\/uploads\/2025\/08\/WhatsApp-Image-2025-08-04-at-13.45.23-1.jpeg 1600w\" sizes=\"auto, (max-width: 607px) 100vw, 607px\" \/>ATE mantuvo hoy una audiencia con la Municipalidad de Villa Cura Brochero, donde participaron el secretario General de Gesti\u00f3n Gerardo Cuello y funcionarios de su equipo, por el Departamento Ejecutivo, mientras la delegaci\u00f3n estatal estuvo integrada por los delegados de ATE Gustavo Cohen y Jos\u00e9 Tapia, m\u00e1s la secretaria de Prensa Julia Giuliani, y sus parrs de Organizaci\u00f3n, Javier Bracamonte, y de Interior, Diego Ch\u00e1vez.<\/p>\n<p>En la ocasi\u00f3n se abord\u00f3 c\u00f3mo se encuentra el tr\u00e1mite sobre el proyecto de recategorizaci\u00f3n del personal de planta permanente de la Municipalidad, que el Ejecutivo presentar\u00e1 en el Concejo Deliberante. El funcionario ratific\u00f3 que las recategorizaciones tendr\u00e1n efecto retroactivo al mes de junio de 2025. <img loading=\"lazy\" decoding=\"async\" class=\"alignleft wp-image-49912 \" src=\"https:\/\/atecordoba.org\/wp-content\/uploads\/2025\/08\/WhatsApp-Image-2025-08-04-at-13.45.23-768x1024.jpeg\" alt=\"\" width=\"398\" height=\"531\" srcset=\"https:\/\/atecordoba.org\/wp-content\/uploads\/2025\/08\/WhatsApp-Image-2025-08-04-at-13.45.23-768x1024.jpeg 768w, https:\/\/atecordoba.org\/wp-content\/uploads\/2025\/08\/WhatsApp-Image-2025-08-04-at-13.45.23-225x300.jpeg 225w, https:\/\/atecordoba.org\/wp-content\/uploads\/2025\/08\/WhatsApp-Image-2025-08-04-at-13.45.23-1152x1536.jpeg 1152w, https:\/\/atecordoba.org\/wp-content\/uploads\/2025\/08\/WhatsApp-Image-2025-08-04-at-13.45.23-750x1000.jpeg 750w, https:\/\/atecordoba.org\/wp-content\/uploads\/2025\/08\/WhatsApp-Image-2025-08-04-at-13.45.23-1140x1520.jpeg 1140w, https:\/\/atecordoba.org\/wp-content\/uploads\/2025\/08\/WhatsApp-Image-2025-08-04-at-13.45.23.jpeg 1200w\" sizes=\"auto, (max-width: 398px) 100vw, 398px\" \/><\/p>\n<p>En otro punto de la agenda tratada, ATE consult\u00f3 sobre los uniformes de invierno del personal, para lo que la Comuna inform\u00f3 que requiere una fuerte inversi\u00f3n y que est\u00e1 trabajando para otorgar los mismos a la brevedad.<\/p>\n<p>Asimismo, las partes acordaron considerar para la pr\u00f3xima audiencia paritaria un aumento de los haberes del personal, para lo cual ATE propuso una recomposici\u00f3n del 15%, aplicable a los salarios de julio y agosto. Ante lo cual el ejecutivo se comprometi\u00f3 a considerarlo en el transcurso de las pr\u00f3ximas 48 horas para dar una respuesta.<\/p>\n<p><strong>Refrigerio<\/strong><\/p>\n<p>A continuaci\u00f3n ATE plante\u00f3 la necesidad que el refrigerio que entrega el Ejecutivo sea de productos saludables como fruta o pan integral y se establezca un aumento en el \u00edtem del 5% integrable para el b\u00e1sico salarial.<\/p>\n<p><strong>Proyectos de licencia<\/strong><\/p>\n<p>Por otro lado, nuestro gremio plante\u00f3 que enviar\u00e1 al Concejo Deliberante de la localidad dos proyectos de licencia, relacionados a v\u00edctimas de violencia de g\u00e9nero y por motivos sanitarios para el personal de salud, donde solicitar\u00e1\u00a0 que ambos sean incorporados como anexo al Estatuto Municipal.<\/p>\n<p><strong>Pr\u00f3xima audiencia<\/strong><\/p>\n<p>Superados todos los puntos de a la agenda abordada, qued\u00f3 establecida una pr\u00f3xima audiencia para el 4 de septiembre de 2025, a las 11 horas, donde se seguir\u00e1n tratando distintos temas, especialmente para analizar y continuar el proceso de entendimiento, atento a la tan dif\u00edcil situaci\u00f3n econ\u00f3mica en general y del municipio en particular, siempre atendiendo a las necesidades de toda la comunidad a trav\u00e9s de la acci\u00f3n social.<\/p>\n<p>&nbsp;<\/p>\n","protected":false},"excerpt":{"rendered":"<p>ATE mantuvo hoy una audiencia con la Municipalidad de Villa Cura Brochero, donde participaron el secretario General de Gesti\u00f3n Gerardo Cuello y funcionarios de su equipo, por el Departamento Ejecutivo, mientras la delegaci\u00f3n estatal estuvo integrada por los delegados de ATE Gustavo Cohen y Jos\u00e9 Tapia, m\u00e1s la secretaria de Prensa Julia Giuliani, y sus [&hellip;]<\/p>\n","protected":false},"author":7,"featured_media":49911,"comment_status":"open","ping_status":"open","sticky":false,"template":"","format":"standard","meta":{"_exactmetrics_skip_tracking":false,"_exactmetrics_sitenote_active":false,"_exactmetrics_sitenote_note":"","_exactmetrics_sitenote_category":0,"jnews-multi-image_gallery":[],"jnews_single_post":{"format":"standard","override":[{"template":"1","parallax":"1","fullscreen":"1","layout":"no-sidebar-narrow","sidebar":"default-sidebar","second_sidebar":"default-sidebar","sticky_sidebar":"1","share_position":"bottom","share_float_style":"share-monocrhome","show_share_counter":"1","show_view_counter":"1","show_post_meta":"1","show_post_author_image":"1","show_post_date":"1","post_date_format":"default","post_date_format_custom":"Y\/m\/d","show_post_category":"1","show_post_reading_time":"0","post_reading_time_wpm":"300","post_calculate_word_method":"str_word_count","show_zoom_button":"0","zoom_button_out_step":"2","zoom_button_in_step":"3","show_post_tag":"1","number_popup_post":"1","show_post_related":"1","show_inline_post_related":"0"}],"image_override":[{"single_post_thumbnail_size":"crop-500","single_post_gallery_size":"crop-500"}],"trending_post_position":"meta","trending_post_label":"Trending","sponsored_post_label":"Sponsored by","disable_ad":"0"},"jnews_primary_category":[],"jnews_social_meta":[],"jnews_review":[],"enable_review":"","type":"percentage","name":"","summary":"","brand":"","sku":"","good":[],"bad":[],"score_override":"","override_value":"","rating":[],"price":[],"jnews_override_counter":{"view_counter_number":"0","share_counter_number":"0","like_counter_number":"0","dislike_counter_number":"0"},"jnews_post_split":{"post_split":[{"template":"1","tag":"h2","numbering":"asc","mode":"normal","first":"0","enable_toc":"0","toc_type":"normal"}]},"footnotes":""},"categories":[20],"tags":[],"class_list":["post-49910","post","type-post","status-publish","format-standard","has-post-thumbnail","hentry","category-municipales"],"jetpack_featured_media_url":"https:\/\/atecordoba.org\/wp-content\/uploads\/2025\/08\/WhatsApp-Image-2025-08-04-at-13.45.23-1.jpeg","_links":{"self":[{"href":"https:\/\/atecordoba.org\/index.php?rest_route=\/wp\/v2\/posts\/49910","targetHints":{"allow":["GET"]}}],"collection":[{"href":"https:\/\/atecordoba.org\/index.php?rest_route=\/wp\/v2\/posts"}],"about":[{"href":"https:\/\/atecordoba.org\/index.php?rest_route=\/wp\/v2\/types\/post"}],"author":[{"embeddable":true,"href":"https:\/\/atecordoba.org\/index.php?rest_route=\/wp\/v2\/users\/7"}],"replies":[{"embeddable":true,"href":"https:\/\/atecordoba.org\/index.php?rest_route=%2Fwp%2Fv2%2Fcomments&post=49910"}],"version-history":[{"count":4,"href":"https:\/\/atecordoba.org\/index.php?rest_route=\/wp\/v2\/posts\/49910\/revisions"}],"predecessor-version":[{"id":49916,"href":"https:\/\/atecordoba.org\/index.php?rest_route=\/wp\/v2\/posts\/49910\/revisions\/49916"}],"wp:featuredmedia":[{"embeddable":true,"href":"https:\/\/atecordoba.org\/index.php?rest_route=\/wp\/v2\/media\/49911"}],"wp:attachment":[{"href":"https:\/\/atecordoba.org\/index.php?rest_route=%2Fwp%2Fv2%2Fmedia&parent=49910"}],"wp:term":[{"taxonomy":"category","embeddable":true,"href":"https:\/\/atecordoba.org\/index.php?rest_route=%2Fwp%2Fv2%2Fcategories&post=49910"},{"taxonomy":"post_tag","embeddable":true,"href":"https:\/\/atecordoba.org\/index.php?rest_route=%2Fwp%2Fv2%2Ftags&post=49910"}],"curies":[{"name":"wp","href":"https:\/\/api.w.org\/{rel}","templated":true}]}}