{"id":4991,"date":"2015-02-04T15:10:32","date_gmt":"2015-02-04T18:10:32","guid":{"rendered":"http:\/\/www.atecordoba.org\/?p=4991"},"modified":"2015-02-04T15:10:32","modified_gmt":"2015-02-04T18:10:32","slug":"plenario-de-delegados-provinciales-reclamo-5000-al-salario-basico","status":"publish","type":"post","link":"https:\/\/atecordoba.org\/?p=4991","title":{"rendered":"Plenario de delegados provinciales reclam\u00f3 $5000 al salario b\u00e1sico"},"content":{"rendered":"<p><em>El encuentro se llev\u00f3 a cabo hoy, en la sede de ATE, a partir de las 10 horas. Estuvieron presentes compa\u00f1eros delegados de todos los hospitales provinciales de C\u00f3rdoba Capital y del Ministerio de Desarrollo Social.<\/em><\/p>\n<figure id=\"attachment_3729\" aria-describedby=\"caption-attachment-3729\" style=\"width: 517px\" class=\"wp-caption aligncenter\"><a href=\"http:\/\/www.atecordoba.org\/wp-content\/uploads\/2013\/12\/111.png\"><img loading=\"lazy\" decoding=\"async\" alt=\"11\" height=\"388\" src=\"http:\/\/www.atecordoba.org\/wp-content\/uploads\/2013\/12\/111.png\" width=\"517\" class=\"wp-image-3729\"><\/a><figcaption id=\"caption-attachment-3729\" class=\"wp-caption-text\">Movilizaci\u00f3n de los hospitales provinciales (imagen de archivo)<\/figcaption><\/figure>\n<p>En la oportunidad se debati\u00f3 la propuesta de ATE para la discusi\u00f3n salarial, que se abrir\u00eda este mes a convocatoria del gobierno provincial. Los trabajadores reclamaron una recomposici\u00f3n de $5000 al salario b\u00e1sico inicial de todas las categor\u00edas, atento el desfasaje y la p\u00e9rdida de capacidad adquisitiva de los haberes &nbsp;durante el 2014, situaci\u00f3n reconocida por el propio gobernador De la Sota en su discurso de apertura de sesiones de la Legislatura del domingo pasado.<\/p>\n<p>As\u00ed mismo el plenario de delegados reclam\u00f3 la apertura de paritarias, mecanismo de negociaci\u00f3n que no se implement\u00f3 en los \u00faltimos a\u00f1os, conforme lo establece la ley provincial de paritarias N\u00ba 8329, ya que lo que viene sucediendo es la convocatoria a una mesa de negociaci\u00f3n salarial que deja afuera todo lo referido a las problem\u00e1ticas como la precarizaci\u00f3n laboral, la carrera administrativa y las condiciones de trabajo, entre otros puntos de inter\u00e9s para los trabajadores.<\/p>\n<p>En ese marco, ATE reclama que el salario inicial de todas las categor\u00edas se equipare a la canasta familiar, hoy estimada en alrededor de $13500; el pase a planta permanente de todos los trabajadores precarizados bajo las distintas modalidades de contrataci\u00f3n, que utiliza el gobierno provincial como bot\u00edn electoral, en \u00e9pocas de campa\u00f1a, para coaccionar a los trabajadores; y el 82% m\u00f3vil para los jubilados provincial que actualmente &nbsp;sufren la estafa de la ley 10078, que difiere las actualizaciones de haberes por seis meses.<\/p>\n<p>Asimismo, ATE exige el inmediato desprocesamiento de los compa\u00f1eros imputados por la justicia penal \u2013en el marco de un plan de lucha\u2013 y la nulidad de todo lo actuado en ese sentido. Estas medidas de corte penal apuntan a condicionar la discusi\u00f3n salarial en el sector provincial, corriendo el eje del debate. Pero ATE&nbsp;nunca dejar\u00e1 de luchar por los leg\u00edtimos reclamos en defensa del salario del trabajador, sus condiciones de trabajo y la defensa del sistema de salud p\u00fablico.<\/p>\n<p>Para ma\u00f1ana est\u00e1 previsto continuar con el debate en el Polo Sanitario, a partir de las 10 horas.<\/p>\n","protected":false},"excerpt":{"rendered":"<p>El encuentro se llev\u00f3 a cabo hoy, en la sede de ATE, a partir de las 10 horas. Estuvieron presentes compa\u00f1eros delegados de todos los hospitales provinciales de C\u00f3rdoba Capital y del Ministerio de Desarrollo Social. En la oportunidad se debati\u00f3 la propuesta de ATE para la discusi\u00f3n salarial, que se abrir\u00eda este mes a [&hellip;]<\/p>\n","protected":false},"author":1,"featured_media":19220,"comment_status":"open","ping_status":"open","sticky":false,"template":"","format":"standard","meta":{"_exactmetrics_skip_tracking":false,"_exactmetrics_sitenote_active":false,"_exactmetrics_sitenote_note":"","_exactmetrics_sitenote_category":0,"jnews-multi-image_gallery":[],"jnews_single_post":[],"jnews_primary_category":[],"jnews_social_meta":[],"jnews_review":[],"enable_review":"","type":"","name":"","summary":"","brand":"","sku":"","good":[],"bad":[],"score_override":"","override_value":"","rating":[],"price":[],"jnews_override_counter":[],"jnews_post_split":[],"footnotes":""},"categories":[7,8],"tags":[],"class_list":["post-4991","post","type-post","status-publish","format-standard","has-post-thumbnail","hentry","category-hospitales","category-provinciales"],"jetpack_featured_media_url":"https:\/\/atecordoba.org\/wp-content\/uploads\/2020\/05\/logo-nuevochico-e1561581322808.png","_links":{"self":[{"href":"https:\/\/atecordoba.org\/index.php?rest_route=\/wp\/v2\/posts\/4991","targetHints":{"allow":["GET"]}}],"collection":[{"href":"https:\/\/atecordoba.org\/index.php?rest_route=\/wp\/v2\/posts"}],"about":[{"href":"https:\/\/atecordoba.org\/index.php?rest_route=\/wp\/v2\/types\/post"}],"author":[{"embeddable":true,"href":"https:\/\/atecordoba.org\/index.php?rest_route=\/wp\/v2\/users\/1"}],"replies":[{"embeddable":true,"href":"https:\/\/atecordoba.org\/index.php?rest_route=%2Fwp%2Fv2%2Fcomments&post=4991"}],"version-history":[{"count":0,"href":"https:\/\/atecordoba.org\/index.php?rest_route=\/wp\/v2\/posts\/4991\/revisions"}],"wp:featuredmedia":[{"embeddable":true,"href":"https:\/\/atecordoba.org\/index.php?rest_route=\/wp\/v2\/media\/19220"}],"wp:attachment":[{"href":"https:\/\/atecordoba.org\/index.php?rest_route=%2Fwp%2Fv2%2Fmedia&parent=4991"}],"wp:term":[{"taxonomy":"category","embeddable":true,"href":"https:\/\/atecordoba.org\/index.php?rest_route=%2Fwp%2Fv2%2Fcategories&post=4991"},{"taxonomy":"post_tag","embeddable":true,"href":"https:\/\/atecordoba.org\/index.php?rest_route=%2Fwp%2Fv2%2Ftags&post=4991"}],"curies":[{"name":"wp","href":"https:\/\/api.w.org\/{rel}","templated":true}]}}