{"id":49882,"date":"2025-08-04T10:37:10","date_gmt":"2025-08-04T13:37:10","guid":{"rendered":"https:\/\/atecordoba.org\/?p=49882"},"modified":"2025-08-04T10:37:10","modified_gmt":"2025-08-04T13:37:10","slug":"la-ciencia-se-defiende-la-mesa-sindical-de-ciencia-y-tecnica-sale-a-la-calle-junto-a-jubilados-y-la-universidad","status":"publish","type":"post","link":"https:\/\/atecordoba.org\/?p=49882","title":{"rendered":"La Ciencia se defiende: la Mesa Sindical de Ciencia y T\u00e9cnica sale a la calle junto a jubilados y la universidad"},"content":{"rendered":"<p><img loading=\"lazy\" decoding=\"async\" class=\"aligncenter wp-image-49886 \" src=\"https:\/\/atecordoba.org\/wp-content\/uploads\/2025\/08\/WhatsApp-Image-2025-08-04-at-09.29.51-819x1024.jpeg\" alt=\"\" width=\"622\" height=\"778\" srcset=\"https:\/\/atecordoba.org\/wp-content\/uploads\/2025\/08\/WhatsApp-Image-2025-08-04-at-09.29.51-819x1024.jpeg 819w, https:\/\/atecordoba.org\/wp-content\/uploads\/2025\/08\/WhatsApp-Image-2025-08-04-at-09.29.51-240x300.jpeg 240w, https:\/\/atecordoba.org\/wp-content\/uploads\/2025\/08\/WhatsApp-Image-2025-08-04-at-09.29.51-768x960.jpeg 768w, https:\/\/atecordoba.org\/wp-content\/uploads\/2025\/08\/WhatsApp-Image-2025-08-04-at-09.29.51-750x938.jpeg 750w, https:\/\/atecordoba.org\/wp-content\/uploads\/2025\/08\/WhatsApp-Image-2025-08-04-at-09.29.51.jpeg 1080w\" sizes=\"auto, (max-width: 622px) 100vw, 622px\" \/>La mesa Sindical de Ciencia y T\u00e9cnica ser\u00e1 parte esta semana de protestas y movilizaciones callejeras en C\u00f3rdoba como las Ronda de las\/os Jubilados que se realiza en Plaza San Mart\u00edn, este pr\u00f3ximo mi\u00e9rcoles 6 de agosto, y los cortes de arterias de ingreso de la Ciudad Universitaria, en el marco del plan de lucha que desarrolla la comunidad universitaria en la UNC.<\/p>\n<p>As\u00ed, se unifican el reclamo por aumentos salariales de de nuestros jubilados, y en repudio al veto de Javier Milei a la ley que otorga un m\u00edsero aumento de sus haberes, con la defensa del presupuesto de la casa de estudios y en contra al veto del mandatario a la ley del Congreso que lo aumenta, con la lucha contra el vaciamiento del sector de Ciencia y T\u00e9cnica estatal, de los m\u00e1s calificados y eficiente de la regi\u00f3n, situaci\u00f3n que lo lleva a lograr un reconocimiento internacional.<\/p>\n<p>La Mesa Sindical agrupa organismos como CONAE, CONEA, Dioxitek, INTI, INTA, VENG y la Universidad Nacional de C\u00f3rdoba, junto a gremios sectoriales como Adiuc (docentes e investigadores universitarios) y Apinta (gremio de INTA seccional Manfredi) y FAGDUT (Universidad Tecnol\u00f3gica Nacional).<\/p>\n<p>Con los jubilados, la convocatoria a la protesta es el pr\u00f3ximo mi\u00e9rcoles a las 10.30 horas, mientras que al d\u00eda siguiente la medida de fuerza est\u00e1 llamada a partir de las 9.30 horas.<\/p>\n<p><strong>Vaciamiento<\/strong><\/p>\n<p>Desde la asunci\u00f3n del gobierno de Javier Milei y La Libertad Avanza, se ha desplegado un ataque sistem\u00e1tico contra el sistema nacional de Ciencia y Tecnolog\u00eda, incluidas las Universidades Nacionales, trat\u00e1ndolos como organismos prescindibles o innecesarios. Este enfoque ha derivado en una brutal reducci\u00f3n de la planta laboral, con 4040 despidos y renuncias forzadas en el SNCyT. Esta p\u00e9rdida no solo implica una disminuci\u00f3n de recursos<br \/>\nhumanos, sino tambi\u00e9n la p\u00e9rdida de conocimiento acumulado, experiencia t\u00e9cnica y capacidades estrat\u00e9gicas que son muy dif\u00edciles \u2014o incluso imposibles\u2014 de recuperar a corto o mediano plazo.<\/p>\n<p>Este desmantelamiento no es casual, sino coherente con el modelo de pa\u00eds que promueve el actual gobierno, basado en la provisi\u00f3n primaria de recursos naturales y energ\u00e9ticos como principal forma de inserci\u00f3n en el mercado global, en clara alineaci\u00f3n con intereses de potencias extranjeras como Estados Unidos e Israel. La estructura econ\u00f3mica lo demuestra: durante esta gesti\u00f3n, los sectores que m\u00e1s han crecido son el agropecuario<br \/>\n(+99 %) y la intermediaci\u00f3n financiera (+13,7 %), mientras que el sector industrial (clave para el desarrollo soberano y generacion de empleo estable y con derechos) cay\u00f3 un 15,8 %.<\/p>\n<p>La relaci\u00f3n entre la inversi\u00f3n en ciencia y tecnolog\u00eda y el desarrollo socioecon\u00f3mico es directa. No es casualidad que los pa\u00edses que m\u00e1s invierten en Investigaci\u00f3n y Desarrollo (I+D) sean tambi\u00e9n los m\u00e1s avanzados en esos aspectos:<\/p>\n<p><img loading=\"lazy\" decoding=\"async\" class=\"aligncenter wp-image-49885 size-full\" src=\"https:\/\/atecordoba.org\/wp-content\/uploads\/2025\/08\/inversion-ciencia-y-tecnologia.png\" alt=\"\" width=\"615\" height=\"168\" srcset=\"https:\/\/atecordoba.org\/wp-content\/uploads\/2025\/08\/inversion-ciencia-y-tecnologia.png 615w, https:\/\/atecordoba.org\/wp-content\/uploads\/2025\/08\/inversion-ciencia-y-tecnologia-300x82.png 300w\" sizes=\"auto, (max-width: 615px) 100vw, 615px\" \/><\/p>\n<p>Estas cifras dejan en evidencia que sin inversi\u00f3n p\u00fablica sostenida no hay desarrollo posible.<\/p>\n<p>El modelo que impulsa el gobierno nacional, junto con los bloques que han acompa\u00f1ado la Ley Bases o se negaron a dar qu\u00f3rum para derogar el DNU 70\/2023 \u2014como el PRO, la UCR y Hacemos por C\u00f3rdoba\u2014 es un modelo de exclusi\u00f3n, precarizaci\u00f3n y atraso. El reciente Decreto 462\/2025, parcialmente frenado por la Justicia, representa una nueva ofensiva contra el sistema cient\u00edfico y tecnol\u00f3gico. Es urgente que el Congreso lo rechace,<br \/>\ny que se exija el cumplimiento de la Ley de Financiamiento del Sistema Nacional de Ciencia, Tecnolog\u00eda e Innovaci\u00f3n (Ley 27.614).<\/p>\n<p>Este modelo condena a las generaciones presentes y futuras a empleos precarios, con bajos salarios y sin derechos laborales b\u00e1sicos, promoviendo un esquema de &#8220;econom\u00eda de plataformas&#8221; (como Rappi, Uber y similares) en lugar de un modelo de desarrollo soberano con trabajo calificado, industria nacional y valor agregado.<\/p>\n<p>Todos los pa\u00edses que lograron desarrollar sus econom\u00edas lo hicieron con inversi\u00f3n estatal en ciencia y tecnolog\u00eda, con participaci\u00f3n p\u00fablica en empresas estrat\u00e9gicas, y con un Estado capaz de orientar el desarrollo en funci\u00f3n del inter\u00e9s nacional. Es esa la senda que debemos defender.<\/p>\n","protected":false},"excerpt":{"rendered":"<p>La mesa Sindical de Ciencia y T\u00e9cnica ser\u00e1 parte esta semana de protestas y movilizaciones callejeras en C\u00f3rdoba como las Ronda de las\/os Jubilados que se realiza en Plaza San Mart\u00edn, este pr\u00f3ximo mi\u00e9rcoles 6 de agosto, y los cortes de arterias de ingreso de la Ciudad Universitaria, en el marco del plan de lucha [&hellip;]<\/p>\n","protected":false},"author":7,"featured_media":49887,"comment_status":"open","ping_status":"open","sticky":false,"template":"","format":"standard","meta":{"_exactmetrics_skip_tracking":false,"_exactmetrics_sitenote_active":false,"_exactmetrics_sitenote_note":"","_exactmetrics_sitenote_category":0,"jnews-multi-image_gallery":[],"jnews_single_post":[],"jnews_primary_category":[],"jnews_social_meta":[],"jnews_review":[],"enable_review":"","type":"","name":"","summary":"","brand":"","sku":"","good":[],"bad":[],"score_override":"","override_value":"","rating":[],"price":[],"jnews_override_counter":[],"jnews_post_split":[],"footnotes":""},"categories":[18],"tags":[],"class_list":["post-49882","post","type-post","status-publish","format-standard","has-post-thumbnail","hentry","category-nacionales"],"jetpack_featured_media_url":"https:\/\/atecordoba.org\/wp-content\/uploads\/2025\/08\/WhatsApp-Image-2025-08-04-at-09.29.51-1.jpeg","_links":{"self":[{"href":"https:\/\/atecordoba.org\/index.php?rest_route=\/wp\/v2\/posts\/49882","targetHints":{"allow":["GET"]}}],"collection":[{"href":"https:\/\/atecordoba.org\/index.php?rest_route=\/wp\/v2\/posts"}],"about":[{"href":"https:\/\/atecordoba.org\/index.php?rest_route=\/wp\/v2\/types\/post"}],"author":[{"embeddable":true,"href":"https:\/\/atecordoba.org\/index.php?rest_route=\/wp\/v2\/users\/7"}],"replies":[{"embeddable":true,"href":"https:\/\/atecordoba.org\/index.php?rest_route=%2Fwp%2Fv2%2Fcomments&post=49882"}],"version-history":[{"count":1,"href":"https:\/\/atecordoba.org\/index.php?rest_route=\/wp\/v2\/posts\/49882\/revisions"}],"predecessor-version":[{"id":49888,"href":"https:\/\/atecordoba.org\/index.php?rest_route=\/wp\/v2\/posts\/49882\/revisions\/49888"}],"wp:featuredmedia":[{"embeddable":true,"href":"https:\/\/atecordoba.org\/index.php?rest_route=\/wp\/v2\/media\/49887"}],"wp:attachment":[{"href":"https:\/\/atecordoba.org\/index.php?rest_route=%2Fwp%2Fv2%2Fmedia&parent=49882"}],"wp:term":[{"taxonomy":"category","embeddable":true,"href":"https:\/\/atecordoba.org\/index.php?rest_route=%2Fwp%2Fv2%2Fcategories&post=49882"},{"taxonomy":"post_tag","embeddable":true,"href":"https:\/\/atecordoba.org\/index.php?rest_route=%2Fwp%2Fv2%2Ftags&post=49882"}],"curies":[{"name":"wp","href":"https:\/\/api.w.org\/{rel}","templated":true}]}}