{"id":49873,"date":"2025-08-01T15:14:14","date_gmt":"2025-08-01T18:14:14","guid":{"rendered":"https:\/\/atecordoba.org\/?p=49873"},"modified":"2025-08-04T11:39:18","modified_gmt":"2025-08-04T14:39:18","slug":"ate-firma-un-convenio-con-la-clinica-che-guevara-y-afianza-su-politica-de-accion-social-con-proyeccion-a-la-patria-grande-que-impulsa-el-alba","status":"publish","type":"post","link":"https:\/\/atecordoba.org\/?p=49873","title":{"rendered":"ATE firma un convenio con la Cl\u00ednica Che Guevara y afianza su pol\u00edtica de acci\u00f3n social con proyecci\u00f3n a la Patria Grande que impulsa el ALBA"},"content":{"rendered":"<p><img loading=\"lazy\" decoding=\"async\" class=\"wp-image-49874 alignright\" src=\"https:\/\/atecordoba.org\/wp-content\/uploads\/2025\/08\/WhatsApp-Image-2025-08-01-at-10.52.34.jpeg\" alt=\"\" width=\"435\" height=\"326\" srcset=\"https:\/\/atecordoba.org\/wp-content\/uploads\/2025\/08\/WhatsApp-Image-2025-08-01-at-10.52.34.jpeg 360w, https:\/\/atecordoba.org\/wp-content\/uploads\/2025\/08\/WhatsApp-Image-2025-08-01-at-10.52.34-300x225.jpeg 300w\" sizes=\"auto, (max-width: 435px) 100vw, 435px\" \/>Con la firma de nuestro secretario General Federico Giuliani y de Claudia Camba, presidenta de la Fundaci\u00f3n UMMEP (Un Mundo Mejor Es Posible) que inaugur\u00f3 la cooperaci\u00f3n cubana en nuestro pa\u00eds, ATE y la CTAA C\u00f3rdoba suscribieron un convenio para la atenci\u00f3n de jubilados y jubiladas afiliadas con enfermedades oculares, como cataratas y pterigion, en la Cl\u00ednica Ernesto Che Guevara, ubicada en C\u00f3rdoba Capital.<\/p>\n<p>Estuvieron presentes tambi\u00e9n la secretaria Adjunta de ATE, Gabriela Alcoba, y el secretario de Acci\u00f3n Social, Agust\u00edn Bertone.<\/p>\n<p>El convenio busca estimular a trav\u00e9s de las \u2018pesquisas\u2019 pacientes con dolencias oculares que necesiten operarse de cataratas o pterigion, en especial en esta instancia con ATE PAMI, y propiciar para los que viven lejos y les cuesta venir a la ciudad, que puedan venir a la ciudad, alojarse el d\u00eda posterior a la operaci\u00f3n y poder irse sin gastos de hoteles y con una atenci\u00f3n humana de calidad.<\/p>\n<p><img loading=\"lazy\" decoding=\"async\" class=\"alignleft wp-image-49876 \" src=\"https:\/\/atecordoba.org\/wp-content\/uploads\/2025\/08\/WhatsApp-Image-2025-08-01-at-10.52.33-771x1024.jpeg\" alt=\"\" width=\"318\" height=\"423\" srcset=\"https:\/\/atecordoba.org\/wp-content\/uploads\/2025\/08\/WhatsApp-Image-2025-08-01-at-10.52.33-771x1024.jpeg 771w, https:\/\/atecordoba.org\/wp-content\/uploads\/2025\/08\/WhatsApp-Image-2025-08-01-at-10.52.33-226x300.jpeg 226w, https:\/\/atecordoba.org\/wp-content\/uploads\/2025\/08\/WhatsApp-Image-2025-08-01-at-10.52.33-768x1021.jpeg 768w, https:\/\/atecordoba.org\/wp-content\/uploads\/2025\/08\/WhatsApp-Image-2025-08-01-at-10.52.33-1156x1536.jpeg 1156w, https:\/\/atecordoba.org\/wp-content\/uploads\/2025\/08\/WhatsApp-Image-2025-08-01-at-10.52.33-750x997.jpeg 750w, https:\/\/atecordoba.org\/wp-content\/uploads\/2025\/08\/WhatsApp-Image-2025-08-01-at-10.52.33-1140x1515.jpeg 1140w, https:\/\/atecordoba.org\/wp-content\/uploads\/2025\/08\/WhatsApp-Image-2025-08-01-at-10.52.33.jpeg 1204w\" sizes=\"auto, (max-width: 318px) 100vw, 318px\" \/>Las cataratas son una opacidad en el cristalino del ojo que causa visi\u00f3n borrosa o nublada. El cristalino, normalmente transparente, se vuelve opaco, impidiendo que la luz pase correctamente y afectando la nitidez de la visi\u00f3n. Aunque el envejecimiento es la causa m\u00e1s com\u00fan, existen otros factores como enfermedades, medicamentos y lesiones. De no tratarse a tiempo la catarata lleva a la ceguera.<\/p>\n<p>En tanto, el pterigion, tambi\u00e9n conocido como \u201cu\u00f1a\u201d o \u201cpalmera en el ojo\u201d, es un crecimiento anormal de tejido que se extiende desde la conjuntiva (la membrana transparente que cubre la parte blanca del ojo) hacia la c\u00f3rnea (la superficie transparente del ojo).<\/p>\n<p>Actualmente es mucha la demanda para la atenci\u00f3n de estas afecciones, que los hospitales p\u00fablicos en la provincia no est\u00e1n alcanzando a cubrir. \u201cNosotros estamos operando pacientes de PAMI, pacientes sin obra social y pacientes de las comunidades ind\u00edgenas de Jujuy. Las intervenciones para quienes no cuentan con obra social est\u00e1n siendo solventadas con la cobertura que hace PAMI de sus afiliados, generando un circuito solidario de autofinanciaci\u00f3n. Son personas que pr\u00e1cticamente nadie est\u00e1 operando\u201d, explica Camba. Al a\u00f1o el centro de salud est\u00e1 realizando 300 operaciones al a\u00f1o y ya realiz\u00f3 15 mil intervenciones desde que comenz\u00f3 a atender pacientes en C\u00f3rdoba, 60 mil en todo el pa\u00eds.<\/p>\n<p>Giuliani explic\u00f3 el marco de la firma del convenio al afirmar que &#8220;estamos en un contexto pol\u00edtico adverso en Argentina, con un gobierno fascista, Javier Milei entiende la pol\u00edtica internacional desde una visi\u00f3n pro yanqui, OTAN y sionista, donde la Revoluci\u00f3n Cubana es sindicada como el enemigo. Incre\u00edblemente la integraron a la lista de \u2018pa\u00edses terroristas\u2019.\u00a0 \u00a0Para nosotros es importante poner en valor el trabajo de la Cl\u00ednica Che Guevara, ante las pol\u00edticas de ajuste de Milei donde el Estado se retira de la atenci\u00f3n sanitaria de nuestro pueblo. Tenemos un ejemplo muy valioso de atenci\u00f3n solidaria de la salud en la ciudad de C\u00f3rdoba&#8221;.<img loading=\"lazy\" decoding=\"async\" class=\"alignright wp-image-49877 \" src=\"https:\/\/atecordoba.org\/wp-content\/uploads\/2025\/08\/clinica.jpg\" alt=\"\" width=\"370\" height=\"374\" srcset=\"https:\/\/atecordoba.org\/wp-content\/uploads\/2025\/08\/clinica.jpg 526w, https:\/\/atecordoba.org\/wp-content\/uploads\/2025\/08\/clinica-297x300.jpg 297w, https:\/\/atecordoba.org\/wp-content\/uploads\/2025\/08\/clinica-75x75.jpg 75w\" sizes=\"auto, (max-width: 370px) 100vw, 370px\" \/><\/p>\n<p>&#8220;Desde ATE creemos que, m\u00e1s all\u00e1 de la relaci\u00f3n entre los Estados, tenemos que construir la solidaridad entre los pueblos. Me parece que eso es lo importante, por eso como ATE y CTAA firmamos un convenio que materializa el trabajo que venimos haciendo con el hospital hace cuatro a\u00f1os en algunos territorios. Con este convenio le estamos dando un nuevo envi\u00f3n a este v\u00ednculo&#8221;, agreg\u00f3.<\/p>\n<p>El dirigente arrib\u00f3 recientemente de un encuentro del ALBA (Alianza Bolivariana para los Pueblos de Am\u00e9rica) en Venezuela. &#8220;Nos queda claro que esta solidaridad que tejemos de abajo para arriba significa apostar al territorio, en un mensaje a la pol\u00edtica argentina que no se hizo aun la autocr\u00edtica respecto a por qu\u00e9 gan\u00f3 Milei y sigue construyendo compartimientos estancos para discutir candidaturas y no proyecto.\u00a0Para nosotros el proyecto es construir solidaridad, en este caso que el Hospital pueda realizar pesquisas con ATE y CTAA en los territorios y en sectores como los jubilados, muy castigados por la pol\u00edtica de Milei&#8221;.<\/p>\n<p><strong>Pesquisa y sentido<\/strong><\/p>\n<p>Claudia Camba asever\u00f3 que &#8220;en general hay jubilados que, si no tienen recursos, no van al oftalm\u00f3logo y se quedan ciegos. La pesquisa es buscar esos pacientes extramuros, salir a los territorios y revisar a la gente, para hacer un acompa\u00f1amiento hasta que logra su cirug\u00eda&#8221;.<\/p>\n<p><img loading=\"lazy\" decoding=\"async\" class=\"alignleft wp-image-49878 \" src=\"https:\/\/atecordoba.org\/wp-content\/uploads\/2025\/08\/WhatsApp-Image-2025-08-01-at-10.52.31-771x1024.jpeg\" alt=\"\" width=\"367\" height=\"487\" srcset=\"https:\/\/atecordoba.org\/wp-content\/uploads\/2025\/08\/WhatsApp-Image-2025-08-01-at-10.52.31-771x1024.jpeg 771w, https:\/\/atecordoba.org\/wp-content\/uploads\/2025\/08\/WhatsApp-Image-2025-08-01-at-10.52.31-226x300.jpeg 226w, https:\/\/atecordoba.org\/wp-content\/uploads\/2025\/08\/WhatsApp-Image-2025-08-01-at-10.52.31-768x1021.jpeg 768w, https:\/\/atecordoba.org\/wp-content\/uploads\/2025\/08\/WhatsApp-Image-2025-08-01-at-10.52.31-1156x1536.jpeg 1156w, https:\/\/atecordoba.org\/wp-content\/uploads\/2025\/08\/WhatsApp-Image-2025-08-01-at-10.52.31-750x997.jpeg 750w, https:\/\/atecordoba.org\/wp-content\/uploads\/2025\/08\/WhatsApp-Image-2025-08-01-at-10.52.31-1140x1515.jpeg 1140w, https:\/\/atecordoba.org\/wp-content\/uploads\/2025\/08\/WhatsApp-Image-2025-08-01-at-10.52.31.jpeg 1204w\" sizes=\"auto, (max-width: 367px) 100vw, 367px\" \/>Y record\u00f3 que &#8220;Fidel y Ch\u00e1vez dec\u00edan que el ALBA deb\u00eda estar construido desde los estado pero solo si es impulsado por los pueblos. La tarea que nos dieron en 2005, durante el encuentro en Mar del Plata Al Carajo el ALCA, es lograr que los pueblos empujen el ALBA. Y los pueblos se comprometieron, como sucedi\u00f3 en Bolivia donde las organizaciones de ese pa\u00eds se involucraron activamente. Miles de argentinos del NOA pudieron operarse as\u00ed. Frente al fascismo imperante proponemos la humanidad como forma de hacer salud p\u00fablica&#8221;.<\/p>\n<p><strong>Pol\u00edtica internacional y Patria Grande<\/strong><\/p>\n<p>En esa l\u00ednea, Giuliani fundament\u00f3 el convenio. &#8220;Al desmontar el sistema de salud p\u00fablica, Milei solo favorece a los millonarios del negocio de la salud privada. Esta iniciativa apunta a los compa\u00f1eros y compa\u00f1eras de los sectores populares que no tienen acceso para operarse estas patolog\u00edas&#8221;, dijo.<\/p>\n<p>Y destac\u00f3 el internacionalismo que ATE y la CTAA llevan adelante, que no es nuevo ni casualidad. &#8220;Es un proceso que lleva muchos a\u00f1os, donde venimos abrazando la causa de la Revoluci\u00f3n Cubana \u2013por eso armamos en R\u00edo Cuarto la Casa de la Amistad en Solidaridad con Cuba, H\u00e9roes de Artemisa, que cumpli\u00f3 ya siete a\u00f1os\u2013, como acompa\u00f1amos la causa de la Revoluci\u00f3n Bolivariana en Venezuela, y como denunciamos el genocidio sionista en Palestina&#8221;.<img loading=\"lazy\" decoding=\"async\" class=\"size-medium wp-image-49890 alignright\" src=\"https:\/\/atecordoba.org\/wp-content\/uploads\/2025\/08\/Captura-de-pantalla-2025-08-04-111352-241x300.png\" alt=\"\" width=\"241\" height=\"300\" srcset=\"https:\/\/atecordoba.org\/wp-content\/uploads\/2025\/08\/Captura-de-pantalla-2025-08-04-111352-241x300.png 241w, https:\/\/atecordoba.org\/wp-content\/uploads\/2025\/08\/Captura-de-pantalla-2025-08-04-111352.png 481w\" sizes=\"auto, (max-width: 241px) 100vw, 241px\" \/><\/p>\n<p>&#8220;Son tres ejes centrales hoy que nos movilizan. Como dec\u00eda Per\u00f3n, la verdadera pol\u00edtica es la pol\u00edtica internacional. Como dirigentes gremiales debemos romper con el estigma que solo podemos discutir salarios, convenios o puestos de trabajo. Claro que queremos recuperar a los miles de compa\u00f1eros despedidos pero tambi\u00e9n queremos discutir un proyecto pol\u00edtico de naci\u00f3n y tambi\u00e9n de Patria Grande&#8221;, mencion\u00f3.<\/p>\n<p>&#8220;No nos parece menor la pol\u00edtica que se imprime en Argentina a partir del gobierno de Milei, claramente alejada de los BRICS que plantean un mundo multipolar contra lo que imponen el imperio yanqui, occidente, la OTAN y el sionismo. Esa puja hoy no se puede dar desde el Estado argentino es importante hacerlo desde las organizaciones libres del pueblo.\u00a0Este es un granito de arena para que el ALBA vuelva a florecer desde C\u00f3rdoba y para la Argentina&#8221;, complet\u00f3 el secretario General de ATE y la CTAA C\u00f3rdoba.<\/p>\n<p>&nbsp;<\/p>\n","protected":false},"excerpt":{"rendered":"<p>Con la firma de nuestro secretario General Federico Giuliani y de Claudia Camba, presidenta de la Fundaci\u00f3n UMMEP (Un Mundo Mejor Es Posible) que inaugur\u00f3 la cooperaci\u00f3n cubana en nuestro pa\u00eds, ATE y la CTAA C\u00f3rdoba suscribieron un convenio para la atenci\u00f3n de jubilados y jubiladas afiliadas con enfermedades oculares, como cataratas y pterigion, en [&hellip;]<\/p>\n","protected":false},"author":7,"featured_media":49879,"comment_status":"open","ping_status":"open","sticky":false,"template":"","format":"standard","meta":{"_exactmetrics_skip_tracking":false,"_exactmetrics_sitenote_active":false,"_exactmetrics_sitenote_note":"","_exactmetrics_sitenote_category":0,"jnews-multi-image_gallery":[],"jnews_single_post":{"format":"standard","override":[{"template":"1","parallax":"1","fullscreen":"1","layout":"no-sidebar-narrow","sidebar":"default-sidebar","second_sidebar":"default-sidebar","sticky_sidebar":"1","share_position":"bottom","share_float_style":"share-monocrhome","show_share_counter":"1","show_view_counter":"1","show_post_meta":"1","show_post_author_image":"1","show_post_date":"1","post_date_format":"default","post_date_format_custom":"Y\/m\/d","show_post_category":"1","show_post_reading_time":"0","post_reading_time_wpm":"300","post_calculate_word_method":"str_word_count","show_zoom_button":"0","zoom_button_out_step":"2","zoom_button_in_step":"3","show_post_tag":"1","number_popup_post":"1","show_post_related":"1","show_inline_post_related":"0"}],"image_override":[{"single_post_thumbnail_size":"crop-500","single_post_gallery_size":"crop-500"}],"trending_post_position":"meta","trending_post_label":"Trending","sponsored_post_label":"Sponsored by","disable_ad":"0"},"jnews_primary_category":[],"jnews_social_meta":[],"jnews_review":[],"enable_review":"","type":"percentage","name":"","summary":"","brand":"","sku":"","good":[],"bad":[],"score_override":"","override_value":"","rating":[],"price":[],"jnews_override_counter":{"view_counter_number":"0","share_counter_number":"0","like_counter_number":"0","dislike_counter_number":"0"},"jnews_post_split":{"post_split":[{"template":"1","tag":"h2","numbering":"asc","mode":"normal","first":"0","enable_toc":"0","toc_type":"normal"}]},"footnotes":""},"categories":[75,108],"tags":[],"class_list":["post-49873","post","type-post","status-publish","format-standard","has-post-thumbnail","hentry","category-accion-social","category-internacional"],"jetpack_featured_media_url":"https:\/\/atecordoba.org\/wp-content\/uploads\/2025\/08\/WhatsApp-Image-2025-08-01-at-10.20.11-1.jpeg","_links":{"self":[{"href":"https:\/\/atecordoba.org\/index.php?rest_route=\/wp\/v2\/posts\/49873","targetHints":{"allow":["GET"]}}],"collection":[{"href":"https:\/\/atecordoba.org\/index.php?rest_route=\/wp\/v2\/posts"}],"about":[{"href":"https:\/\/atecordoba.org\/index.php?rest_route=\/wp\/v2\/types\/post"}],"author":[{"embeddable":true,"href":"https:\/\/atecordoba.org\/index.php?rest_route=\/wp\/v2\/users\/7"}],"replies":[{"embeddable":true,"href":"https:\/\/atecordoba.org\/index.php?rest_route=%2Fwp%2Fv2%2Fcomments&post=49873"}],"version-history":[{"count":4,"href":"https:\/\/atecordoba.org\/index.php?rest_route=\/wp\/v2\/posts\/49873\/revisions"}],"predecessor-version":[{"id":49891,"href":"https:\/\/atecordoba.org\/index.php?rest_route=\/wp\/v2\/posts\/49873\/revisions\/49891"}],"wp:featuredmedia":[{"embeddable":true,"href":"https:\/\/atecordoba.org\/index.php?rest_route=\/wp\/v2\/media\/49879"}],"wp:attachment":[{"href":"https:\/\/atecordoba.org\/index.php?rest_route=%2Fwp%2Fv2%2Fmedia&parent=49873"}],"wp:term":[{"taxonomy":"category","embeddable":true,"href":"https:\/\/atecordoba.org\/index.php?rest_route=%2Fwp%2Fv2%2Fcategories&post=49873"},{"taxonomy":"post_tag","embeddable":true,"href":"https:\/\/atecordoba.org\/index.php?rest_route=%2Fwp%2Fv2%2Ftags&post=49873"}],"curies":[{"name":"wp","href":"https:\/\/api.w.org\/{rel}","templated":true}]}}