{"id":49865,"date":"2025-08-01T12:33:01","date_gmt":"2025-08-01T15:33:01","guid":{"rendered":"https:\/\/atecordoba.org\/?p=49865"},"modified":"2025-08-01T12:33:01","modified_gmt":"2025-08-01T15:33:01","slug":"primer-encuentro-de-las-jornadas-sobre-derecho-laboral-y-derecho-colectivo-en-ate-cruz-del-eje","status":"publish","type":"post","link":"https:\/\/atecordoba.org\/?p=49865","title":{"rendered":"Primer encuentro de las \u201cJornadas sobre Derecho Laboral y Derecho Colectivo\u201d en ATE Cruz del Eje"},"content":{"rendered":"<p><img loading=\"lazy\" decoding=\"async\" class=\"aligncenter wp-image-49866 \" src=\"https:\/\/atecordoba.org\/wp-content\/uploads\/2025\/08\/5-1024x771.jpeg\" alt=\"\" width=\"603\" height=\"454\" srcset=\"https:\/\/atecordoba.org\/wp-content\/uploads\/2025\/08\/5-1024x771.jpeg 1024w, https:\/\/atecordoba.org\/wp-content\/uploads\/2025\/08\/5-300x226.jpeg 300w, https:\/\/atecordoba.org\/wp-content\/uploads\/2025\/08\/5-768x578.jpeg 768w, https:\/\/atecordoba.org\/wp-content\/uploads\/2025\/08\/5-1536x1156.jpeg 1536w, https:\/\/atecordoba.org\/wp-content\/uploads\/2025\/08\/5-750x564.jpeg 750w, https:\/\/atecordoba.org\/wp-content\/uploads\/2025\/08\/5-1140x858.jpeg 1140w, https:\/\/atecordoba.org\/wp-content\/uploads\/2025\/08\/5.jpeg 1600w\" sizes=\"auto, (max-width: 603px) 100vw, 603px\" \/>El pasado mi\u00e9rcoles 30 de Julio se realiz\u00f3 el Primer Encuentro de Formaci\u00f3n y Debate, organizado por la Seccional ATE Cruz del Eje, titulado &#8220;Jornadas sobre Derecho Laboral y Derecho Colectivo&#8221;.<\/p>\n<p>La actividad cont\u00f3 con el acompa\u00f1amiento de otros sindicatos y organizaciones sociales de la regi\u00f3n y tuvo la participaci\u00f3n como disertantes de Victoria Chabrando y Leandro Inchauspe (Facultad de Filosof\u00eda y Humanidades -UNC), el abogado Ricardo Seco (C\u00edrculo de Abogadas y Abogados Laboralistas de C\u00f3rdoba) y la letrada Mar\u00eda\u00a0 Marta Terragno (Equipo legal ATE y CAAL).<img loading=\"lazy\" decoding=\"async\" class=\"aligncenter wp-image-49867 \" src=\"https:\/\/atecordoba.org\/wp-content\/uploads\/2025\/08\/9-1024x461.jpeg\" alt=\"\" width=\"619\" height=\"279\" srcset=\"https:\/\/atecordoba.org\/wp-content\/uploads\/2025\/08\/9-1024x461.jpeg 1024w, https:\/\/atecordoba.org\/wp-content\/uploads\/2025\/08\/9-300x135.jpeg 300w, https:\/\/atecordoba.org\/wp-content\/uploads\/2025\/08\/9-768x346.jpeg 768w, https:\/\/atecordoba.org\/wp-content\/uploads\/2025\/08\/9-750x338.jpeg 750w, https:\/\/atecordoba.org\/wp-content\/uploads\/2025\/08\/9-1140x513.jpeg 1140w, https:\/\/atecordoba.org\/wp-content\/uploads\/2025\/08\/9.jpeg 1280w\" sizes=\"auto, (max-width: 619px) 100vw, 619px\" \/><\/p>\n<p>En primer lugar, los panelistas de la Universidad plantearon la necesidad de rescatar los postulados del intelectual Walter Benjamin, apuntando a comprender como el pasado incide de manera fundamental en nuestras pr\u00e1cticas presentes y para pensarnos hacia el futuro, en particular para las instancias de formaci\u00f3n dentro de los Sindicatos, desde una perspectiva de Derechos Humanos.<\/p>\n<p>Adem\u00e1s, los acad\u00e9micos presentaron la nueva publicaci\u00f3n \u201cMiseria Planificada. El plan econ\u00f3mico de la dictadura\u201d, de gran calidad en sus contenidos y dise\u00f1o gr\u00e1fico, producto resultante del ciclo de formaci\u00f3n pol\u00edtica para estudiantes y trabajadores \u201cMemorias para el Futuro\u201d realizado entre el 2022 y el 2024, organizado por el Foro Sindical de la Mesa de Trabajo por los Derechos Humanos de C\u00f3rdoba y la Facultad de Filosof\u00eda y Humanidades.<img loading=\"lazy\" decoding=\"async\" class=\"aligncenter wp-image-49868 \" src=\"https:\/\/atecordoba.org\/wp-content\/uploads\/2025\/08\/6-1024x768.jpeg\" alt=\"\" width=\"605\" height=\"454\" srcset=\"https:\/\/atecordoba.org\/wp-content\/uploads\/2025\/08\/6-1024x768.jpeg 1024w, https:\/\/atecordoba.org\/wp-content\/uploads\/2025\/08\/6-300x225.jpeg 300w, https:\/\/atecordoba.org\/wp-content\/uploads\/2025\/08\/6-768x576.jpeg 768w, https:\/\/atecordoba.org\/wp-content\/uploads\/2025\/08\/6-1536x1152.jpeg 1536w, https:\/\/atecordoba.org\/wp-content\/uploads\/2025\/08\/6-750x563.jpeg 750w, https:\/\/atecordoba.org\/wp-content\/uploads\/2025\/08\/6-1140x855.jpeg 1140w, https:\/\/atecordoba.org\/wp-content\/uploads\/2025\/08\/6.jpeg 1600w\" sizes=\"auto, (max-width: 605px) 100vw, 605px\" \/><\/p>\n<p>Seguidamente Ricardo Seco, que es ex juez de C\u00e1mara del Trabajo en Cruz del Eje, realiz\u00f3 una profunda y did\u00e1ctica exposici\u00f3n desde los or\u00edgenes de la legislaci\u00f3n de protecci\u00f3n laboral hasta nuestros d\u00edas, aportando important\u00edsimos conceptos y perspectivas fundamentales para fortalecer los conocimientos y la conciencia de las\/os trabajadores\/as, frente a la degradaci\u00f3n de los derechos laborales que viene ocurriendo en el marco del actual gobierno nacional.<\/p>\n<p>Por \u00faltimo, Mar\u00eda Terragno, autora del libro \u201cDerecho Laboral Feminista\u201d, abord\u00f3 de manera m\u00e1s detallada el enorme retroceso hist\u00f3rico y los impactos negativos en los propios cimientos de los derechos laborales, que se pretenden llevar adelante mediante diversos decretos presidenciales y la denominada \u201cLey Bases\u201d, impulsada por el gobierno de Javier Milei.<img loading=\"lazy\" decoding=\"async\" class=\"aligncenter wp-image-49869 \" src=\"https:\/\/atecordoba.org\/wp-content\/uploads\/2025\/08\/2-1024x915.jpg\" alt=\"\" width=\"617\" height=\"551\" srcset=\"https:\/\/atecordoba.org\/wp-content\/uploads\/2025\/08\/2-1024x915.jpg 1024w, https:\/\/atecordoba.org\/wp-content\/uploads\/2025\/08\/2-300x268.jpg 300w, https:\/\/atecordoba.org\/wp-content\/uploads\/2025\/08\/2-768x686.jpg 768w, https:\/\/atecordoba.org\/wp-content\/uploads\/2025\/08\/2-750x670.jpg 750w, https:\/\/atecordoba.org\/wp-content\/uploads\/2025\/08\/2.jpg 1076w\" sizes=\"auto, (max-width: 617px) 100vw, 617px\" \/><\/p>\n<p>En particular, Terragno se explay\u00f3 en los contenidos que fundamentan el reconocimiento del Empleo P\u00fablico dentro del \u00e1mbito jur\u00eddico de los Derechos Laborales, teniendo en cuenta tambi\u00e9n reflexiones desde una perspectiva de g\u00e9nero.<\/p>\n<p>Luego de las exposiciones se abri\u00f3 un espacio para el debate y el intercambio de reflexiones que result\u00f3 tambi\u00e9n de mucho valor para las y los participantes.<\/p>\n<p><strong>Pr\u00f3xima formaci\u00f3n<img loading=\"lazy\" decoding=\"async\" class=\"alignright wp-image-49870 \" src=\"https:\/\/atecordoba.org\/wp-content\/uploads\/2025\/08\/4-1024x1019.jpg\" alt=\"\" width=\"274\" height=\"273\" srcset=\"https:\/\/atecordoba.org\/wp-content\/uploads\/2025\/08\/4-1024x1019.jpg 1024w, https:\/\/atecordoba.org\/wp-content\/uploads\/2025\/08\/4-300x300.jpg 300w, https:\/\/atecordoba.org\/wp-content\/uploads\/2025\/08\/4-150x150.jpg 150w, https:\/\/atecordoba.org\/wp-content\/uploads\/2025\/08\/4-768x764.jpg 768w, https:\/\/atecordoba.org\/wp-content\/uploads\/2025\/08\/4-560x560.jpg 560w, https:\/\/atecordoba.org\/wp-content\/uploads\/2025\/08\/4-75x75.jpg 75w, https:\/\/atecordoba.org\/wp-content\/uploads\/2025\/08\/4-350x350.jpg 350w, https:\/\/atecordoba.org\/wp-content\/uploads\/2025\/08\/4-750x747.jpg 750w, https:\/\/atecordoba.org\/wp-content\/uploads\/2025\/08\/4.jpg 1076w\" sizes=\"auto, (max-width: 274px) 100vw, 274px\" \/><\/strong><\/p>\n<p>El pr\u00f3ximo mi\u00e9rcoles 13 de agosto tendr\u00e1 lugar el segundo encuentro de formaci\u00f3n y debate, a las 16 horas, en el sal\u00f3n de la UEPC de Cruz del Eje (calle Roca 366).<\/p>\n<p>En la oportunidad se abordar\u00e1n las tem\u00e1ticas:<\/p>\n<ul>\n<li>Derechos sindicales y colectivos ante la degradaci\u00f3n de la Justicia Social.<\/li>\n<li>Situaci\u00f3n de las mujeres y diversidades en el contexto actual.<\/li>\n<li>Causas jur\u00eddicas con incidencia en sectores municipales y provinciales.<\/li>\n<\/ul>\n<p>Expondr\u00e1n como disertantes el delegado regional de la Secretar\u00eda de Trabajo de C\u00f3rdoba, Ezequiel Abate Daga, la Secretaria de G\u00e9nero y Diversidad de ATE Nacional, Clarisa Gambera, el abogado de ATE, Eugenio Biafore, y la asesora legal de ATE Cruz del Eje, Julia Luna.<\/p>\n","protected":false},"excerpt":{"rendered":"<p>El pasado mi\u00e9rcoles 30 de Julio se realiz\u00f3 el Primer Encuentro de Formaci\u00f3n y Debate, organizado por la Seccional ATE Cruz del Eje, titulado &#8220;Jornadas sobre Derecho Laboral y Derecho Colectivo&#8221;. La actividad cont\u00f3 con el acompa\u00f1amiento de otros sindicatos y organizaciones sociales de la regi\u00f3n y tuvo la participaci\u00f3n como disertantes de Victoria Chabrando [&hellip;]<\/p>\n","protected":false},"author":7,"featured_media":49867,"comment_status":"open","ping_status":"open","sticky":false,"template":"","format":"standard","meta":{"_exactmetrics_skip_tracking":false,"_exactmetrics_sitenote_active":false,"_exactmetrics_sitenote_note":"","_exactmetrics_sitenote_category":0,"jnews-multi-image_gallery":[],"jnews_single_post":[],"jnews_primary_category":[],"jnews_social_meta":[],"jnews_review":[],"enable_review":"","type":"","name":"","summary":"","brand":"","sku":"","good":[],"bad":[],"score_override":"","override_value":"","rating":[],"price":[],"jnews_override_counter":[],"jnews_post_split":[],"footnotes":""},"categories":[88],"tags":[],"class_list":["post-49865","post","type-post","status-publish","format-standard","has-post-thumbnail","hentry","category-formacion"],"jetpack_featured_media_url":"https:\/\/atecordoba.org\/wp-content\/uploads\/2025\/08\/9.jpeg","_links":{"self":[{"href":"https:\/\/atecordoba.org\/index.php?rest_route=\/wp\/v2\/posts\/49865","targetHints":{"allow":["GET"]}}],"collection":[{"href":"https:\/\/atecordoba.org\/index.php?rest_route=\/wp\/v2\/posts"}],"about":[{"href":"https:\/\/atecordoba.org\/index.php?rest_route=\/wp\/v2\/types\/post"}],"author":[{"embeddable":true,"href":"https:\/\/atecordoba.org\/index.php?rest_route=\/wp\/v2\/users\/7"}],"replies":[{"embeddable":true,"href":"https:\/\/atecordoba.org\/index.php?rest_route=%2Fwp%2Fv2%2Fcomments&post=49865"}],"version-history":[{"count":1,"href":"https:\/\/atecordoba.org\/index.php?rest_route=\/wp\/v2\/posts\/49865\/revisions"}],"predecessor-version":[{"id":49871,"href":"https:\/\/atecordoba.org\/index.php?rest_route=\/wp\/v2\/posts\/49865\/revisions\/49871"}],"wp:featuredmedia":[{"embeddable":true,"href":"https:\/\/atecordoba.org\/index.php?rest_route=\/wp\/v2\/media\/49867"}],"wp:attachment":[{"href":"https:\/\/atecordoba.org\/index.php?rest_route=%2Fwp%2Fv2%2Fmedia&parent=49865"}],"wp:term":[{"taxonomy":"category","embeddable":true,"href":"https:\/\/atecordoba.org\/index.php?rest_route=%2Fwp%2Fv2%2Fcategories&post=49865"},{"taxonomy":"post_tag","embeddable":true,"href":"https:\/\/atecordoba.org\/index.php?rest_route=%2Fwp%2Fv2%2Ftags&post=49865"}],"curies":[{"name":"wp","href":"https:\/\/api.w.org\/{rel}","templated":true}]}}