{"id":49863,"date":"2025-08-01T11:14:35","date_gmt":"2025-08-01T14:14:35","guid":{"rendered":"https:\/\/atecordoba.org\/?p=49863"},"modified":"2025-08-01T11:14:35","modified_gmt":"2025-08-01T14:14:35","slug":"radio-nacional-un-ano-sin-paritarias-con-vaciamiento-y-caida-salarial","status":"publish","type":"post","link":"https:\/\/atecordoba.org\/?p=49863","title":{"rendered":"Radio Nacional: un a\u00f1o sin paritarias, con vaciamiento y ca\u00edda salarial"},"content":{"rendered":"<p><img loading=\"lazy\" decoding=\"async\" class=\"aligncenter wp-image-49859 \" src=\"https:\/\/atecordoba.org\/wp-content\/uploads\/2025\/08\/WhatsApp-Image-2025-08-01-at-09.41.59-2-1024x728.jpeg\" alt=\"\" width=\"618\" height=\"439\" \/>Hoy se cumple un a\u00f1o sin reuniones paritarias en Radio Nacional. La intervenci\u00f3n que design\u00f3 el Gobierno de Milei decidi\u00f3 atar la paritaria sectorial a la paritaria estatal, con el agravante que las y los trabajadores de la emisora arrastran un retraso salarial de m\u00e1s del 50% que no es atendido en la instancia correspondiente, seg\u00fan lo establece la paritaria en la radio, que tiene fuerza de ley.<\/p>\n<p>Esta ca\u00edda en los ingresos del sector exige la urgente recomposici\u00f3n salarial que viene planteando ATE, junto a los sindicatos sectoriales Cispren, Aatrac y Alecyt, a partir de un llamado inmediato a la paritaria de Radio Nacional.<\/p>\n<p><img loading=\"lazy\" decoding=\"async\" class=\"alignright wp-image-49860 \" src=\"https:\/\/atecordoba.org\/wp-content\/uploads\/2025\/08\/WhatsApp-Image-2025-08-01-at-09.41.59-3-1024x514.jpeg\" alt=\"\" width=\"409\" height=\"205\" srcset=\"https:\/\/atecordoba.org\/wp-content\/uploads\/2025\/08\/WhatsApp-Image-2025-08-01-at-09.41.59-3-1024x514.jpeg 1024w, https:\/\/atecordoba.org\/wp-content\/uploads\/2025\/08\/WhatsApp-Image-2025-08-01-at-09.41.59-3-300x151.jpeg 300w, https:\/\/atecordoba.org\/wp-content\/uploads\/2025\/08\/WhatsApp-Image-2025-08-01-at-09.41.59-3-768x385.jpeg 768w, https:\/\/atecordoba.org\/wp-content\/uploads\/2025\/08\/WhatsApp-Image-2025-08-01-at-09.41.59-3-1536x771.jpeg 1536w, https:\/\/atecordoba.org\/wp-content\/uploads\/2025\/08\/WhatsApp-Image-2025-08-01-at-09.41.59-3-360x180.jpeg 360w, https:\/\/atecordoba.org\/wp-content\/uploads\/2025\/08\/WhatsApp-Image-2025-08-01-at-09.41.59-3-750x376.jpeg 750w, https:\/\/atecordoba.org\/wp-content\/uploads\/2025\/08\/WhatsApp-Image-2025-08-01-at-09.41.59-3-1140x572.jpeg 1140w, https:\/\/atecordoba.org\/wp-content\/uploads\/2025\/08\/WhatsApp-Image-2025-08-01-at-09.41.59-3.jpeg 1600w\" sizes=\"auto, (max-width: 409px) 100vw, 409px\" \/>&#8220;Est\u00e1 situaci\u00f3n se suma al levantamiento de programaci\u00f3n local en las radios del interior para poner programas de Buenos Aires, con la intenci\u00f3n de bajar l\u00ednea discursiva, la no designaci\u00f3n de directores en el interior, la sustituci\u00f3n de la programaci\u00f3n de FM por la frecuencia de las FM de Buenos Aires (Nacional Rock y Folkl\u00f3rica), quite de horas extra que no permiten la movilidad para la cobertura de compa\u00f1eros en una emisora que ha perdido recursos humanos por el plan se retiros voluntarios de 2024&#8221;, explica el delegado de ATE, Gonzalo Puig.<\/p>\n<p>&#8220;La situaci\u00f3n es muy preocupante atento que en el mes de abril se efectiviz\u00f3 la decisi\u00f3n de que Radio y Televisi\u00f3n Argentina deje de ser una Sociedad del Estado para ser una Sociedad An\u00f3nima Unipersonal&#8221;, sostiene Puig.<\/p>\n<p>Todo eso se da en el contexto en el cual acaba de asumir un nuevo interventor que es vocero de la Sociedad Rural Argentina, situaci\u00f3n que exige la unidad de las y los trabajadores frente a un gobierno que impone un ajuste brutal en el Estado y que abandona las pol\u00edticas en materia de comunicaci\u00f3n p\u00fablicas, dejando el debate p\u00fablico en manos de las corporaciones medi\u00e1ticas.<\/p>\n","protected":false},"excerpt":{"rendered":"<p>Hoy se cumple un a\u00f1o sin reuniones paritarias en Radio Nacional. La intervenci\u00f3n que design\u00f3 el Gobierno de Milei decidi\u00f3 atar la paritaria sectorial a la paritaria estatal, con el agravante que las y los trabajadores de la emisora arrastran un retraso salarial de m\u00e1s del 50% que no es atendido en la instancia correspondiente, [&hellip;]<\/p>\n","protected":false},"author":7,"featured_media":49859,"comment_status":"open","ping_status":"open","sticky":false,"template":"","format":"standard","meta":{"_exactmetrics_skip_tracking":false,"_exactmetrics_sitenote_active":false,"_exactmetrics_sitenote_note":"","_exactmetrics_sitenote_category":0,"jnews-multi-image_gallery":[],"jnews_single_post":[],"jnews_primary_category":[],"jnews_social_meta":[],"jnews_review":[],"enable_review":"","type":"","name":"","summary":"","brand":"","sku":"","good":[],"bad":[],"score_override":"","override_value":"","rating":[],"price":[],"jnews_override_counter":[],"jnews_post_split":[],"footnotes":""},"categories":[18],"tags":[],"class_list":["post-49863","post","type-post","status-publish","format-standard","has-post-thumbnail","hentry","category-nacionales"],"jetpack_featured_media_url":"https:\/\/atecordoba.org\/wp-content\/uploads\/2025\/08\/WhatsApp-Image-2025-08-01-at-09.41.59-2-e1754057113697.jpeg","_links":{"self":[{"href":"https:\/\/atecordoba.org\/index.php?rest_route=\/wp\/v2\/posts\/49863","targetHints":{"allow":["GET"]}}],"collection":[{"href":"https:\/\/atecordoba.org\/index.php?rest_route=\/wp\/v2\/posts"}],"about":[{"href":"https:\/\/atecordoba.org\/index.php?rest_route=\/wp\/v2\/types\/post"}],"author":[{"embeddable":true,"href":"https:\/\/atecordoba.org\/index.php?rest_route=\/wp\/v2\/users\/7"}],"replies":[{"embeddable":true,"href":"https:\/\/atecordoba.org\/index.php?rest_route=%2Fwp%2Fv2%2Fcomments&post=49863"}],"version-history":[{"count":1,"href":"https:\/\/atecordoba.org\/index.php?rest_route=\/wp\/v2\/posts\/49863\/revisions"}],"predecessor-version":[{"id":49864,"href":"https:\/\/atecordoba.org\/index.php?rest_route=\/wp\/v2\/posts\/49863\/revisions\/49864"}],"wp:featuredmedia":[{"embeddable":true,"href":"https:\/\/atecordoba.org\/index.php?rest_route=\/wp\/v2\/media\/49859"}],"wp:attachment":[{"href":"https:\/\/atecordoba.org\/index.php?rest_route=%2Fwp%2Fv2%2Fmedia&parent=49863"}],"wp:term":[{"taxonomy":"category","embeddable":true,"href":"https:\/\/atecordoba.org\/index.php?rest_route=%2Fwp%2Fv2%2Fcategories&post=49863"},{"taxonomy":"post_tag","embeddable":true,"href":"https:\/\/atecordoba.org\/index.php?rest_route=%2Fwp%2Fv2%2Ftags&post=49863"}],"curies":[{"name":"wp","href":"https:\/\/api.w.org\/{rel}","templated":true}]}}