{"id":4985,"date":"2015-01-13T12:41:30","date_gmt":"2015-01-13T15:41:30","guid":{"rendered":"http:\/\/www.atecordoba.org\/?p=4985"},"modified":"2015-01-13T12:41:30","modified_gmt":"2015-01-13T15:41:30","slug":"asamblea-del-neuropsiquiatrico-celebro-la-marcha-atras-de-los-traslados","status":"publish","type":"post","link":"https:\/\/atecordoba.org\/?p=4985","title":{"rendered":"Asamblea del Neuropsiqui\u00e1trico celebr\u00f3 la marcha atr\u00e1s de los traslados"},"content":{"rendered":"<p><em>En la asamblea,&nbsp;convocada por ATE, trabajadores y organizaciones sociales celebraron que las psic\u00f3logas Burijovich y Berra mantengan sus puestos de trabajo en el hospital, tras rever el gobierno la decisi\u00f3n de la Direcci\u00f3n de Salud Mental de trasladar a ambas compa\u00f1eras.<\/em><\/p>\n<p><a href=\"http:\/\/www.atecordoba.org\/wp-content\/uploads\/2015\/01\/IMG_7496.jpg\"><img loading=\"lazy\" decoding=\"async\" alt=\"IMG_7496\" height=\"299\" src=\"http:\/\/www.atecordoba.org\/wp-content\/uploads\/2015\/01\/IMG_7496.jpg\" width=\"531\" class=\"aligncenter  wp-image-4987\"><\/a><\/p>\n<p>&nbsp;<\/p>\n<p>El debate dentro del hall del Neuropsiqui\u00e1trico cont\u00f3 con amplia concurrencia &nbsp;de organizaciones de la sociedad civil que apoyaron desde el comienzo a las psic\u00f3logas Jashele Burijovich y Cecilia Berra, afiliadas de nuestro gremio, que hab\u00edan sido notificadas a fines del a\u00f1o pasado del traslado desde el hospital a dos dispensarios de la ciudad.<\/p>\n<p>Se expresaron much\u00edsimas muestras de solidaridad con las dos trabajadoras al tiempo que se analiz\u00f3 el grave estado que afronta el sistema de salud mental provincial. En tal&nbsp;sentido, la asamblea resolvi\u00f3 mantenerse alerta, convocando a diversos sectores involucrados en la tem\u00e1tica para conformar una mesa de trabajo donde se avance en la discusi\u00f3n de los objetivos para lograr&nbsp;la instrumentaci\u00f3n de la Ley de Salud Mental provincial, buena en su texto pero sin aplicaci\u00f3n en tanto no se destinan los recursos necesarios para su implementaci\u00f3n.<\/p>\n<p>Ambas profesionales hab\u00edan participado de un grupo de trabajo que emiti\u00f3 un documento donde se critica duramente al gobierno provincial por el estado de los hospitales psiqui\u00e1tricos y la pol\u00edtica sanitaria en la materia.<\/p>\n<p style=\"\">La asamblea, coordinada por la delegada de ATE Julia Bobato, cont\u00f3 con la presencia de numerosos delegados de nuestra organizaci\u00f3n de otros hospital as\u00ed como de la administraci\u00f3n central. &#8220;El gobierno debe disponer de una vez por todas de los recursos necesarios para que el sistema de salud mental trabaje en condiciones, con los recursos humanos y la infraestructura imprescindible. Hoy se est\u00e1n violando los derechos humanos de los pacientes psiqui\u00e1tricos, que como todo ciudadano son sujetos de derecho&#8221;, dijo Daniel Pawluchuzk, secretario de Prensa de ATE al finalizar la actividad.<\/p>\n<p>Asimismo, ATE convoc\u00f3&nbsp;al apoyo a los trabajadores del Hospital de Ni\u00f1os imputados por un fiscal provincial, manteniendo el reclamo de que la justicia dicte la falta de m\u00e9rito de los compa\u00f1eros, que se concretar\u00e1 con una asamblea en dicho&nbsp;centro &nbsp;de salud el pr\u00f3ximo 5 de febrero, a las 10 horas.<\/p>\n","protected":false},"excerpt":{"rendered":"<p>En la asamblea,&nbsp;convocada por ATE, trabajadores y organizaciones sociales celebraron que las psic\u00f3logas Burijovich y Berra mantengan sus puestos de trabajo en el hospital, tras rever el gobierno la decisi\u00f3n de la Direcci\u00f3n de Salud Mental de trasladar a ambas compa\u00f1eras. &nbsp; El debate dentro del hall del Neuropsiqui\u00e1trico cont\u00f3 con amplia concurrencia &nbsp;de organizaciones [&hellip;]<\/p>\n","protected":false},"author":1,"featured_media":19220,"comment_status":"open","ping_status":"open","sticky":false,"template":"","format":"standard","meta":{"_exactmetrics_skip_tracking":false,"_exactmetrics_sitenote_active":false,"_exactmetrics_sitenote_note":"","_exactmetrics_sitenote_category":0,"jnews-multi-image_gallery":[],"jnews_single_post":[],"jnews_primary_category":[],"jnews_social_meta":[],"jnews_review":[],"enable_review":"","type":"","name":"","summary":"","brand":"","sku":"","good":[],"bad":[],"score_override":"","override_value":"","rating":[],"price":[],"jnews_override_counter":[],"jnews_post_split":[],"footnotes":""},"categories":[7,8,102],"tags":[],"class_list":["post-4985","post","type-post","status-publish","format-standard","has-post-thumbnail","hentry","category-hospitales","category-provinciales","category-salud-2"],"jetpack_featured_media_url":"https:\/\/atecordoba.org\/wp-content\/uploads\/2020\/05\/logo-nuevochico-e1561581322808.png","_links":{"self":[{"href":"https:\/\/atecordoba.org\/index.php?rest_route=\/wp\/v2\/posts\/4985","targetHints":{"allow":["GET"]}}],"collection":[{"href":"https:\/\/atecordoba.org\/index.php?rest_route=\/wp\/v2\/posts"}],"about":[{"href":"https:\/\/atecordoba.org\/index.php?rest_route=\/wp\/v2\/types\/post"}],"author":[{"embeddable":true,"href":"https:\/\/atecordoba.org\/index.php?rest_route=\/wp\/v2\/users\/1"}],"replies":[{"embeddable":true,"href":"https:\/\/atecordoba.org\/index.php?rest_route=%2Fwp%2Fv2%2Fcomments&post=4985"}],"version-history":[{"count":0,"href":"https:\/\/atecordoba.org\/index.php?rest_route=\/wp\/v2\/posts\/4985\/revisions"}],"wp:featuredmedia":[{"embeddable":true,"href":"https:\/\/atecordoba.org\/index.php?rest_route=\/wp\/v2\/media\/19220"}],"wp:attachment":[{"href":"https:\/\/atecordoba.org\/index.php?rest_route=%2Fwp%2Fv2%2Fmedia&parent=4985"}],"wp:term":[{"taxonomy":"category","embeddable":true,"href":"https:\/\/atecordoba.org\/index.php?rest_route=%2Fwp%2Fv2%2Fcategories&post=4985"},{"taxonomy":"post_tag","embeddable":true,"href":"https:\/\/atecordoba.org\/index.php?rest_route=%2Fwp%2Fv2%2Ftags&post=4985"}],"curies":[{"name":"wp","href":"https:\/\/api.w.org\/{rel}","templated":true}]}}