{"id":49844,"date":"2025-07-31T14:36:53","date_gmt":"2025-07-31T17:36:53","guid":{"rendered":"https:\/\/atecordoba.org\/?p=49844"},"modified":"2025-07-31T14:36:53","modified_gmt":"2025-07-31T17:36:53","slug":"la-justicia-reinstala-el-puesto-de-trabajo-a-delegado-de-ate-en-el-complejo-esperanza","status":"publish","type":"post","link":"https:\/\/atecordoba.org\/?p=49844","title":{"rendered":"La Justicia reinstala el puesto de trabajo a delegado de ATE en el Complejo Esperanza"},"content":{"rendered":"<p><img loading=\"lazy\" decoding=\"async\" class=\"aligncenter wp-image-49845 \" src=\"https:\/\/atecordoba.org\/wp-content\/uploads\/2025\/07\/2-1-768x1024.jpg\" alt=\"\" width=\"624\" height=\"832\" srcset=\"https:\/\/atecordoba.org\/wp-content\/uploads\/2025\/07\/2-1-768x1024.jpg 768w, https:\/\/atecordoba.org\/wp-content\/uploads\/2025\/07\/2-1-225x300.jpg 225w, https:\/\/atecordoba.org\/wp-content\/uploads\/2025\/07\/2-1-750x1000.jpg 750w, https:\/\/atecordoba.org\/wp-content\/uploads\/2025\/07\/2-1.jpg 960w\" sizes=\"auto, (max-width: 624px) 100vw, 624px\" \/>En un fallo firmado por la jueza de Conciliaci\u00f3n y Trabajo de Und\u00e9cima Nominaci\u00f3n,\u00a0Cynthia Alicia Coppa, ATE gan\u00f3 un nuevo proceso judicial al Gobierno de C\u00f3rdoba y logr\u00f3 la reinstalaci\u00f3n del delegado Sergio Piedras en el Complejo Esperanza, donde trabaja hace a\u00f1os y fue trasladado por convocar a una asamblea con las y los trabajadores del sector.<\/p>\n<p>El fallo es un nuevo hito contra la pol\u00edtica persecutoria y antisindical del gobierno, que en caso del Complejo Esperanza niega la legitimidad de ATE para ejercer la representaci\u00f3n de los trabajadores e incluso le niega al personal el derecho a organizarse gremialmente y peticionar ante las autoridades.<\/p>\n<p>Adem\u00e1s, la jueza reconoce el \u00e1mbito de representaci\u00f3n de ATE en el Complejo Esperanza, en el marco del amplio reconocimiento que ATE ostenta en el Estado provincial, fruto de los fallos de la Justicia Nacional del Trabajo y la Corte Suprema de Justicia de la Naci\u00f3n.<\/p>\n<p>&#8220;Piedras hab\u00eda sido trasladado, injusta y arbitrariamente, a la sede central de SENAF donde nunca se le otorg\u00f3 funci\u00f3n alguna. Ese traslado obedeci\u00f3 a una medida del gobierno absolutamente discriminatoria, persecutoria y antisindical, luego que se realizaran en el Complejo Esperanza diversas asambleas convocadas por ATE por razones gremiales que no son atendidas hist\u00f3ricamente por las autoridades de SENAF&#8221;, explic\u00f3 la abogada de ATE Mar\u00eda Marta Terragno.<\/p>\n<p>El gobierno argument\u00f3 que estos compa\u00f1eros no pod\u00edan realizar asambleas porque ten\u00edan funciones de seguridad en el establecimiento, asimil\u00e1ndolos a personal de guardia o policial.<\/p>\n<p><img loading=\"lazy\" decoding=\"async\" class=\"aligncenter wp-image-49846 size-full\" src=\"https:\/\/atecordoba.org\/wp-content\/uploads\/2025\/07\/sergio-piedras-complejo-esperanza.png\" alt=\"\" width=\"506\" height=\"230\" srcset=\"https:\/\/atecordoba.org\/wp-content\/uploads\/2025\/07\/sergio-piedras-complejo-esperanza.png 506w, https:\/\/atecordoba.org\/wp-content\/uploads\/2025\/07\/sergio-piedras-complejo-esperanza-300x136.png 300w\" sizes=\"auto, (max-width: 506px) 100vw, 506px\" \/><\/p>\n<p>Parad\u00f3jicamente, los compa\u00f1eros siempre reclamaron un convenio colectivo de trabajo particular que contemple sus condiciones laborales, dado que se encuentran enmarcados den la ley 7233 de personal administrativo que nada tiene que ver con las funciones que desempe\u00f1an, con jornadas rotativas y condiciones de trabajo diferentes a las de la Administraci\u00f3n Central. Por eso deben tener capacitaciones y recursos diferentes para poder trabajar con chicos y adolescentes en situaci\u00f3n de riesgo.<\/p>\n<p>&#8220;Pero este reclamo no atendido es invocado por la SENAF a los efectos de limitar la organizaci\u00f3n colectiva y sindical. Afortunadamente, la jueza hizo lugar a la demanda planteada por ATE y por Piedras y reconoci\u00f3 la legitimidad de ATE para su representaci\u00f3n como asi el derecho de los trabajadores y su delegado de poder organizarse, realizar asambleas y peticionar ante las autoridades por sus mejores condiciones de trabajo&#8221;, concluy\u00f3 Terragno.<\/p>\n","protected":false},"excerpt":{"rendered":"<p>En un fallo firmado por la jueza de Conciliaci\u00f3n y Trabajo de Und\u00e9cima Nominaci\u00f3n,\u00a0Cynthia Alicia Coppa, ATE gan\u00f3 un nuevo proceso judicial al Gobierno de C\u00f3rdoba y logr\u00f3 la reinstalaci\u00f3n del delegado Sergio Piedras en el Complejo Esperanza, donde trabaja hace a\u00f1os y fue trasladado por convocar a una asamblea con las y los trabajadores [&hellip;]<\/p>\n","protected":false},"author":7,"featured_media":49846,"comment_status":"open","ping_status":"open","sticky":false,"template":"","format":"standard","meta":{"_exactmetrics_skip_tracking":false,"_exactmetrics_sitenote_active":false,"_exactmetrics_sitenote_note":"","_exactmetrics_sitenote_category":0,"jnews-multi-image_gallery":[],"jnews_single_post":[],"jnews_primary_category":[],"jnews_social_meta":[],"jnews_review":[],"enable_review":"","type":"","name":"","summary":"","brand":"","sku":"","good":[],"bad":[],"score_override":"","override_value":"","rating":[],"price":[],"jnews_override_counter":[],"jnews_post_split":[],"footnotes":""},"categories":[8],"tags":[],"class_list":["post-49844","post","type-post","status-publish","format-standard","has-post-thumbnail","hentry","category-provinciales"],"jetpack_featured_media_url":"https:\/\/atecordoba.org\/wp-content\/uploads\/2025\/07\/sergio-piedras-complejo-esperanza.png","_links":{"self":[{"href":"https:\/\/atecordoba.org\/index.php?rest_route=\/wp\/v2\/posts\/49844","targetHints":{"allow":["GET"]}}],"collection":[{"href":"https:\/\/atecordoba.org\/index.php?rest_route=\/wp\/v2\/posts"}],"about":[{"href":"https:\/\/atecordoba.org\/index.php?rest_route=\/wp\/v2\/types\/post"}],"author":[{"embeddable":true,"href":"https:\/\/atecordoba.org\/index.php?rest_route=\/wp\/v2\/users\/7"}],"replies":[{"embeddable":true,"href":"https:\/\/atecordoba.org\/index.php?rest_route=%2Fwp%2Fv2%2Fcomments&post=49844"}],"version-history":[{"count":1,"href":"https:\/\/atecordoba.org\/index.php?rest_route=\/wp\/v2\/posts\/49844\/revisions"}],"predecessor-version":[{"id":49847,"href":"https:\/\/atecordoba.org\/index.php?rest_route=\/wp\/v2\/posts\/49844\/revisions\/49847"}],"wp:featuredmedia":[{"embeddable":true,"href":"https:\/\/atecordoba.org\/index.php?rest_route=\/wp\/v2\/media\/49846"}],"wp:attachment":[{"href":"https:\/\/atecordoba.org\/index.php?rest_route=%2Fwp%2Fv2%2Fmedia&parent=49844"}],"wp:term":[{"taxonomy":"category","embeddable":true,"href":"https:\/\/atecordoba.org\/index.php?rest_route=%2Fwp%2Fv2%2Fcategories&post=49844"},{"taxonomy":"post_tag","embeddable":true,"href":"https:\/\/atecordoba.org\/index.php?rest_route=%2Fwp%2Fv2%2Ftags&post=49844"}],"curies":[{"name":"wp","href":"https:\/\/api.w.org\/{rel}","templated":true}]}}