{"id":49835,"date":"2025-07-31T11:16:04","date_gmt":"2025-07-31T14:16:04","guid":{"rendered":"https:\/\/atecordoba.org\/?p=49835"},"modified":"2025-07-31T11:16:04","modified_gmt":"2025-07-31T14:16:04","slug":"ley-7625-afiliados-as-podran-realizar-consultas-individuales-online","status":"publish","type":"post","link":"https:\/\/atecordoba.org\/?p=49835","title":{"rendered":"Ley 7625: afiliados\/as podr\u00e1n realizar consultas individuales online"},"content":{"rendered":"<p><img loading=\"lazy\" decoding=\"async\" class=\"aligncenter wp-image-49836 \" src=\"https:\/\/atecordoba.org\/wp-content\/uploads\/2025\/07\/WhatsApp-Image-2025-07-31-at-09.14.10-3-819x1024.jpeg\" alt=\"\" width=\"610\" height=\"763\" \/><\/p>\n<p>\u00bfTen\u00e9s dudas sobre la reubicaci\u00f3n voluntaria seg\u00fan la Ley 7.625? En ATE C\u00f3rdoba preparamos un carrusel informativo con lo que necesit\u00e1s saber para defender tus derechos.<\/p>\n<p>Si quer\u00e9s realizar consultas sob re tu situaci\u00f3n individual, complet\u00e1 el formulario y nuestro equipo jur\u00eddico se comunicar\u00e1 con vos: \ud83d\udcf2 <a href=\"https:\/\/forms.gle\/dY7oV5TBUugMxJHH9\">https:\/\/forms.gle\/dY7oV5TBUugMxJHH9<\/a><\/p>\n<p>Quienes no est\u00e9n afiliados pueden completar el tr\u00e1mite de afiliaci\u00f3n para luego recibir el asesoramiento jur\u00eddico Y si todav\u00eda no est\u00e1s afiliado\/a a ATE descarg\u00e1 la ficha y sumate: <a href=\"https:\/\/atecordoba.org\/wp-content\/uploads\/2024\/09\/Ficha-Afiliacion-ATE-20211.pdf\">https:\/\/atecordoba.org\/wp-content\/uploads\/2024\/09\/Ficha-Afiliacion-ATE-20211.pdf\u00a0<\/a><\/p>\n<div id='gallery_1' class='gallery galleryid-49835 gallery-columns-4 gallery-size-thumbnail'><figure class='gallery-item'>\n                <div class='gallery-icon portrait'>\n                    <a href='https:\/\/atecordoba.org\/wp-content\/uploads\/2025\/07\/WhatsApp-Image-2025-07-31-at-09.14.10-1.jpeg'><img loading=\"lazy\" decoding=\"async\" width=\"150\" height=\"150\" src=\"\" class=\"attachment-thumbnail size-thumbnail lazyload\" alt=\"\" data-src=\"https:\/\/atecordoba.org\/wp-content\/uploads\/2025\/07\/WhatsApp-Image-2025-07-31-at-09.14.10-1-150x150.jpeg\" data-sizes=\"auto\" data-srcset=\"https:\/\/atecordoba.org\/wp-content\/uploads\/2025\/07\/WhatsApp-Image-2025-07-31-at-09.14.10-1-150x150.jpeg 150w, https:\/\/atecordoba.org\/wp-content\/uploads\/2025\/07\/WhatsApp-Image-2025-07-31-at-09.14.10-1-560x560.jpeg 560w, https:\/\/atecordoba.org\/wp-content\/uploads\/2025\/07\/WhatsApp-Image-2025-07-31-at-09.14.10-1-75x75.jpeg 75w, https:\/\/atecordoba.org\/wp-content\/uploads\/2025\/07\/WhatsApp-Image-2025-07-31-at-09.14.10-1-350x350.jpeg 350w\" data-expand=\"700\" \/><\/a>\n                <\/div><\/figure><figure class='gallery-item'>\n                <div class='gallery-icon portrait'>\n                    <a href='https:\/\/atecordoba.org\/wp-content\/uploads\/2025\/07\/WhatsApp-Image-2025-07-31-at-09.14.10-2.jpeg'><img loading=\"lazy\" decoding=\"async\" width=\"150\" height=\"150\" src=\"\" class=\"attachment-thumbnail size-thumbnail lazyload\" alt=\"\" data-src=\"https:\/\/atecordoba.org\/wp-content\/uploads\/2025\/07\/WhatsApp-Image-2025-07-31-at-09.14.10-2-150x150.jpeg\" data-sizes=\"auto\" data-srcset=\"https:\/\/atecordoba.org\/wp-content\/uploads\/2025\/07\/WhatsApp-Image-2025-07-31-at-09.14.10-2-150x150.jpeg 150w, https:\/\/atecordoba.org\/wp-content\/uploads\/2025\/07\/WhatsApp-Image-2025-07-31-at-09.14.10-2-560x560.jpeg 560w, https:\/\/atecordoba.org\/wp-content\/uploads\/2025\/07\/WhatsApp-Image-2025-07-31-at-09.14.10-2-75x75.jpeg 75w, https:\/\/atecordoba.org\/wp-content\/uploads\/2025\/07\/WhatsApp-Image-2025-07-31-at-09.14.10-2-350x350.jpeg 350w\" data-expand=\"700\" \/><\/a>\n                <\/div><\/figure><figure class='gallery-item'>\n                <div class='gallery-icon portrait'>\n                    <a href='https:\/\/atecordoba.org\/wp-content\/uploads\/2025\/07\/WhatsApp-Image-2025-07-31-at-09.14.10.jpeg'><img loading=\"lazy\" decoding=\"async\" width=\"150\" height=\"150\" src=\"\" class=\"attachment-thumbnail size-thumbnail lazyload\" alt=\"\" data-src=\"https:\/\/atecordoba.org\/wp-content\/uploads\/2025\/07\/WhatsApp-Image-2025-07-31-at-09.14.10-150x150.jpeg\" data-sizes=\"auto\" data-srcset=\"https:\/\/atecordoba.org\/wp-content\/uploads\/2025\/07\/WhatsApp-Image-2025-07-31-at-09.14.10-150x150.jpeg 150w, https:\/\/atecordoba.org\/wp-content\/uploads\/2025\/07\/WhatsApp-Image-2025-07-31-at-09.14.10-560x560.jpeg 560w, https:\/\/atecordoba.org\/wp-content\/uploads\/2025\/07\/WhatsApp-Image-2025-07-31-at-09.14.10-75x75.jpeg 75w, https:\/\/atecordoba.org\/wp-content\/uploads\/2025\/07\/WhatsApp-Image-2025-07-31-at-09.14.10-350x350.jpeg 350w\" data-expand=\"700\" \/><\/a>\n                <\/div><\/figure><figure class='gallery-item'>\n                <div class='gallery-icon portrait'>\n                    <a href='https:\/\/atecordoba.org\/wp-content\/uploads\/2025\/07\/WhatsApp-Image-2025-07-31-at-09.14.09.jpeg'><img loading=\"lazy\" decoding=\"async\" width=\"150\" height=\"150\" src=\"\" class=\"attachment-thumbnail size-thumbnail lazyload\" alt=\"\" data-src=\"https:\/\/atecordoba.org\/wp-content\/uploads\/2025\/07\/WhatsApp-Image-2025-07-31-at-09.14.09-150x150.jpeg\" data-sizes=\"auto\" data-srcset=\"https:\/\/atecordoba.org\/wp-content\/uploads\/2025\/07\/WhatsApp-Image-2025-07-31-at-09.14.09-150x150.jpeg 150w, https:\/\/atecordoba.org\/wp-content\/uploads\/2025\/07\/WhatsApp-Image-2025-07-31-at-09.14.09-560x560.jpeg 560w, https:\/\/atecordoba.org\/wp-content\/uploads\/2025\/07\/WhatsApp-Image-2025-07-31-at-09.14.09-75x75.jpeg 75w, https:\/\/atecordoba.org\/wp-content\/uploads\/2025\/07\/WhatsApp-Image-2025-07-31-at-09.14.09-350x350.jpeg 350w\" data-expand=\"700\" \/><\/a>\n                <\/div><\/figure><br style=\"clear: both\" \/>\n            <\/div>\n\n<p>&nbsp;<\/p>\n","protected":false},"excerpt":{"rendered":"<p>\u00bfTen\u00e9s dudas sobre la reubicaci\u00f3n voluntaria seg\u00fan la Ley 7.625? En ATE C\u00f3rdoba preparamos un carrusel informativo con lo que necesit\u00e1s saber para defender tus derechos. Si quer\u00e9s realizar consultas sob re tu situaci\u00f3n individual, complet\u00e1 el formulario y nuestro equipo jur\u00eddico se comunicar\u00e1 con vos: \ud83d\udcf2 https:\/\/forms.gle\/dY7oV5TBUugMxJHH9 Quienes no est\u00e9n afiliados pueden completar el [&hellip;]<\/p>\n","protected":false},"author":7,"featured_media":49836,"comment_status":"open","ping_status":"open","sticky":false,"template":"","format":"standard","meta":{"_exactmetrics_skip_tracking":false,"_exactmetrics_sitenote_active":false,"_exactmetrics_sitenote_note":"","_exactmetrics_sitenote_category":0,"jnews-multi-image_gallery":[],"jnews_single_post":[],"jnews_primary_category":[],"jnews_social_meta":[],"jnews_review":[],"enable_review":"","type":"","name":"","summary":"","brand":"","sku":"","good":[],"bad":[],"score_override":"","override_value":"","rating":[],"price":[],"jnews_override_counter":[],"jnews_post_split":[],"footnotes":""},"categories":[8],"tags":[],"class_list":["post-49835","post","type-post","status-publish","format-standard","has-post-thumbnail","hentry","category-provinciales"],"jetpack_featured_media_url":"https:\/\/atecordoba.org\/wp-content\/uploads\/2025\/07\/WhatsApp-Image-2025-07-31-at-09.14.10-3-e1753971354159.jpeg","_links":{"self":[{"href":"https:\/\/atecordoba.org\/index.php?rest_route=\/wp\/v2\/posts\/49835","targetHints":{"allow":["GET"]}}],"collection":[{"href":"https:\/\/atecordoba.org\/index.php?rest_route=\/wp\/v2\/posts"}],"about":[{"href":"https:\/\/atecordoba.org\/index.php?rest_route=\/wp\/v2\/types\/post"}],"author":[{"embeddable":true,"href":"https:\/\/atecordoba.org\/index.php?rest_route=\/wp\/v2\/users\/7"}],"replies":[{"embeddable":true,"href":"https:\/\/atecordoba.org\/index.php?rest_route=%2Fwp%2Fv2%2Fcomments&post=49835"}],"version-history":[{"count":1,"href":"https:\/\/atecordoba.org\/index.php?rest_route=\/wp\/v2\/posts\/49835\/revisions"}],"predecessor-version":[{"id":49841,"href":"https:\/\/atecordoba.org\/index.php?rest_route=\/wp\/v2\/posts\/49835\/revisions\/49841"}],"wp:featuredmedia":[{"embeddable":true,"href":"https:\/\/atecordoba.org\/index.php?rest_route=\/wp\/v2\/media\/49836"}],"wp:attachment":[{"href":"https:\/\/atecordoba.org\/index.php?rest_route=%2Fwp%2Fv2%2Fmedia&parent=49835"}],"wp:term":[{"taxonomy":"category","embeddable":true,"href":"https:\/\/atecordoba.org\/index.php?rest_route=%2Fwp%2Fv2%2Fcategories&post=49835"},{"taxonomy":"post_tag","embeddable":true,"href":"https:\/\/atecordoba.org\/index.php?rest_route=%2Fwp%2Fv2%2Ftags&post=49835"}],"curies":[{"name":"wp","href":"https:\/\/api.w.org\/{rel}","templated":true}]}}