{"id":49818,"date":"2025-07-29T13:54:11","date_gmt":"2025-07-29T16:54:11","guid":{"rendered":"https:\/\/atecordoba.org\/?p=49818"},"modified":"2025-07-29T13:54:11","modified_gmt":"2025-07-29T16:54:11","slug":"salsipuedes-el-ejecutivo-abre-el-dialogo-y-se-levantan-las-asambleas-tras-ocho-jornadas-de-protesta","status":"publish","type":"post","link":"https:\/\/atecordoba.org\/?p=49818","title":{"rendered":"Salsipuedes: el Ejecutivo abre el di\u00e1logo y se levantan las asambleas tras ocho jornadas de protesta"},"content":{"rendered":"<p><img loading=\"lazy\" decoding=\"async\" class=\"aligncenter wp-image-49819 \" src=\"https:\/\/atecordoba.org\/wp-content\/uploads\/2025\/07\/WhatsApp-Image-2025-07-29-at-13.24.25-2-1024x768.jpeg\" alt=\"\" width=\"603\" height=\"453\" \/>Tras ocho d\u00edas consecutivos de conflicto gremial, ATE mantuvo esta ma\u00f1ana una audiencia con el Ejecutivo municipal para destrabar la situaci\u00f3n que atraviesan las y los trabajadores municipales.<\/p>\n<p>La delegaci\u00f3n de nuestro gremio estuvo integrada por el secretario de Organizaci\u00f3n del Consejo Directivo Provincial, Javier Bracamonte, su par de DDHH, C\u00e9sar Theaux, y los delegados municipales Vladimir Su\u00e1rez y Luis Tapia.<img loading=\"lazy\" decoding=\"async\" class=\"aligncenter wp-image-49820 \" src=\"https:\/\/atecordoba.org\/wp-content\/uploads\/2025\/07\/WhatsApp-Image-2025-07-29-at-13.24.25-1-1024x769.jpeg\" alt=\"\" width=\"623\" height=\"468\" srcset=\"https:\/\/atecordoba.org\/wp-content\/uploads\/2025\/07\/WhatsApp-Image-2025-07-29-at-13.24.25-1-1024x769.jpeg 1024w, https:\/\/atecordoba.org\/wp-content\/uploads\/2025\/07\/WhatsApp-Image-2025-07-29-at-13.24.25-1-300x225.jpeg 300w, https:\/\/atecordoba.org\/wp-content\/uploads\/2025\/07\/WhatsApp-Image-2025-07-29-at-13.24.25-1-768x577.jpeg 768w, https:\/\/atecordoba.org\/wp-content\/uploads\/2025\/07\/WhatsApp-Image-2025-07-29-at-13.24.25-1-1536x1153.jpeg 1536w, https:\/\/atecordoba.org\/wp-content\/uploads\/2025\/07\/WhatsApp-Image-2025-07-29-at-13.24.25-1-2048x1537.jpeg 2048w, https:\/\/atecordoba.org\/wp-content\/uploads\/2025\/07\/WhatsApp-Image-2025-07-29-at-13.24.25-1-750x563.jpeg 750w, https:\/\/atecordoba.org\/wp-content\/uploads\/2025\/07\/WhatsApp-Image-2025-07-29-at-13.24.25-1-1140x856.jpeg 1140w\" sizes=\"auto, (max-width: 623px) 100vw, 623px\" \/><\/p>\n<p>Al t\u00e9rmino de la audiencia los compa\u00f1eros destacaron el avance en la negociaciones, donde el secretario de Gobierno municipal, Jos\u00e9 Convina, acompa\u00f1ado por el concejal oficialista Osvaldo Mart\u00ednez, se comprometi\u00f3 a brindar respuestas esta semana a la propuesta de recomposici\u00f3n salarial de ATE, por lo que se decidi\u00f3 levantar las asambleas hasta evaluar el cumplimiento de lo acordado.<\/p>\n<p>&#8220;Desde ATE sostenemos: el conflicto no termina, pero el di\u00e1logo es un paso fundamental para avanzar en soluciones reales para las y los trabajadores&#8221;, resumieron los delegados Su\u00e1rez y Tapia.<\/p>\n","protected":false},"excerpt":{"rendered":"<p>Tras ocho d\u00edas consecutivos de conflicto gremial, ATE mantuvo esta ma\u00f1ana una audiencia con el Ejecutivo municipal para destrabar la situaci\u00f3n que atraviesan las y los trabajadores municipales. La delegaci\u00f3n de nuestro gremio estuvo integrada por el secretario de Organizaci\u00f3n del Consejo Directivo Provincial, Javier Bracamonte, su par de DDHH, C\u00e9sar Theaux, y los delegados [&hellip;]<\/p>\n","protected":false},"author":7,"featured_media":49819,"comment_status":"open","ping_status":"open","sticky":false,"template":"","format":"standard","meta":{"_exactmetrics_skip_tracking":false,"_exactmetrics_sitenote_active":false,"_exactmetrics_sitenote_note":"","_exactmetrics_sitenote_category":0,"jnews-multi-image_gallery":[],"jnews_single_post":[],"jnews_primary_category":[],"jnews_social_meta":[],"jnews_review":[],"enable_review":"","type":"","name":"","summary":"","brand":"","sku":"","good":[],"bad":[],"score_override":"","override_value":"","rating":[],"price":[],"jnews_override_counter":[],"jnews_post_split":[],"footnotes":""},"categories":[20],"tags":[],"class_list":["post-49818","post","type-post","status-publish","format-standard","has-post-thumbnail","hentry","category-municipales"],"jetpack_featured_media_url":"https:\/\/atecordoba.org\/wp-content\/uploads\/2025\/07\/WhatsApp-Image-2025-07-29-at-13.24.25-2-scaled-e1753807483267.jpeg","_links":{"self":[{"href":"https:\/\/atecordoba.org\/index.php?rest_route=\/wp\/v2\/posts\/49818","targetHints":{"allow":["GET"]}}],"collection":[{"href":"https:\/\/atecordoba.org\/index.php?rest_route=\/wp\/v2\/posts"}],"about":[{"href":"https:\/\/atecordoba.org\/index.php?rest_route=\/wp\/v2\/types\/post"}],"author":[{"embeddable":true,"href":"https:\/\/atecordoba.org\/index.php?rest_route=\/wp\/v2\/users\/7"}],"replies":[{"embeddable":true,"href":"https:\/\/atecordoba.org\/index.php?rest_route=%2Fwp%2Fv2%2Fcomments&post=49818"}],"version-history":[{"count":1,"href":"https:\/\/atecordoba.org\/index.php?rest_route=\/wp\/v2\/posts\/49818\/revisions"}],"predecessor-version":[{"id":49821,"href":"https:\/\/atecordoba.org\/index.php?rest_route=\/wp\/v2\/posts\/49818\/revisions\/49821"}],"wp:featuredmedia":[{"embeddable":true,"href":"https:\/\/atecordoba.org\/index.php?rest_route=\/wp\/v2\/media\/49819"}],"wp:attachment":[{"href":"https:\/\/atecordoba.org\/index.php?rest_route=%2Fwp%2Fv2%2Fmedia&parent=49818"}],"wp:term":[{"taxonomy":"category","embeddable":true,"href":"https:\/\/atecordoba.org\/index.php?rest_route=%2Fwp%2Fv2%2Fcategories&post=49818"},{"taxonomy":"post_tag","embeddable":true,"href":"https:\/\/atecordoba.org\/index.php?rest_route=%2Fwp%2Fv2%2Ftags&post=49818"}],"curies":[{"name":"wp","href":"https:\/\/api.w.org\/{rel}","templated":true}]}}