{"id":49814,"date":"2025-07-29T11:37:57","date_gmt":"2025-07-29T14:37:57","guid":{"rendered":"https:\/\/atecordoba.org\/?p=49814"},"modified":"2025-07-29T11:37:57","modified_gmt":"2025-07-29T14:37:57","slug":"rio-ceballos-el-intendente-lemos-dilata-el-reconocimiento-de-ate-en-un-claro-ataque-a-la-libertad-sindical-y-el-ejercicio-democratico-de-la-representacion-de-las-os-municipales","status":"publish","type":"post","link":"https:\/\/atecordoba.org\/?p=49814","title":{"rendered":"R\u00edo Ceballos: el intendente Lemos dilata el reconocimiento de ATE en un claro ataque a la libertad sindical y el ejercicio democr\u00e1tico de la representaci\u00f3n de las\/os municipales"},"content":{"rendered":"<p><img loading=\"lazy\" decoding=\"async\" class=\"aligncenter wp-image-49815 size-full\" src=\"https:\/\/atecordoba.org\/wp-content\/uploads\/2025\/07\/MUNI-RIO-CEBALLOS.jpg\" alt=\"\" width=\"580\" height=\"340\" srcset=\"https:\/\/atecordoba.org\/wp-content\/uploads\/2025\/07\/MUNI-RIO-CEBALLOS.jpg 580w, https:\/\/atecordoba.org\/wp-content\/uploads\/2025\/07\/MUNI-RIO-CEBALLOS-300x176.jpg 300w\" sizes=\"auto, (max-width: 580px) 100vw, 580px\" \/>El intendente de la localidad de R\u00edo Ceballos, Ezequiel Lemos, es otro de los patrones de estancia del interior provincial que le niega a las y los municipales el derecho a optar libremente por el sindicato para que los represente.<\/p>\n<p>Desde marzo pasado dilata el reconocimiento de ATE, a pesar de que nuestro gremio present\u00f3 oportunamente toda la documentaci\u00f3n que respalda a la cantidad de municipales afiliados, dando cuenta que las y los trabajadores nos eligen como su organizaci\u00f3n sindical.<\/p>\n<p>Vale mencionar que ATE cuenta con la personer\u00eda gremial N\u00ba2, la m\u00e1s antigua del pa\u00eds, y que tanto la Justicia del Trabajo como la Corte Suprema de Justicia de la Naci\u00f3n ya emiti\u00f3 el fallo garantizando el derecho de las y los estatales de la provincia, sean municipales, provinciales y nacionales, para elegir a ATE como su sindicato, conforme lo establecido por la Constituci\u00f3n Nacional, la legislaci\u00f3n nacional en materia laboral en el Estado y los tratados internacionales.<\/p>\n<p>En consecuencia el Consejo Directivo Provincial de ATE C\u00f3rdoba insta al intendente Lemos a cumplir con las leyes, respetar la legislaci\u00f3n vigente y evitar el da\u00f1o patrimonial a la Municipalidad y a los vecinos de R\u00edo Ceballos que podr\u00eda significar una resoluci\u00f3n por v\u00eda judicial de este conflicto, absolutamente innecesario, dado que cada municipio de C\u00f3rdoba que intent\u00f3 obturar el derecho de las y los estatales a elegir libremente su representaci\u00f3n sindical termin\u00f3 condenado.<\/p>\n<p>En un acto de coherencia con los supuestos principios democr\u00e1ticos que su partido pol\u00edtico suele enarbolar reclamamos al intendente Lemos reconocimiento de ATE en la Municipalidad de R\u00edo Ceballos, para que por medio del di\u00e1logo podamos trabajar por la mejora de la calidad de vida de las y los municipales.<\/p>\n","protected":false},"excerpt":{"rendered":"<p>El intendente de la localidad de R\u00edo Ceballos, Ezequiel Lemos, es otro de los patrones de estancia del interior provincial que le niega a las y los municipales el derecho a optar libremente por el sindicato para que los represente. Desde marzo pasado dilata el reconocimiento de ATE, a pesar de que nuestro gremio present\u00f3 [&hellip;]<\/p>\n","protected":false},"author":7,"featured_media":49815,"comment_status":"open","ping_status":"open","sticky":false,"template":"","format":"standard","meta":{"_exactmetrics_skip_tracking":false,"_exactmetrics_sitenote_active":false,"_exactmetrics_sitenote_note":"","_exactmetrics_sitenote_category":0,"jnews-multi-image_gallery":[],"jnews_single_post":[],"jnews_primary_category":[],"jnews_social_meta":[],"jnews_review":[],"enable_review":"","type":"","name":"","summary":"","brand":"","sku":"","good":[],"bad":[],"score_override":"","override_value":"","rating":[],"price":[],"jnews_override_counter":[],"jnews_post_split":[],"footnotes":""},"categories":[20],"tags":[],"class_list":["post-49814","post","type-post","status-publish","format-standard","has-post-thumbnail","hentry","category-municipales"],"jetpack_featured_media_url":"https:\/\/atecordoba.org\/wp-content\/uploads\/2025\/07\/MUNI-RIO-CEBALLOS.jpg","_links":{"self":[{"href":"https:\/\/atecordoba.org\/index.php?rest_route=\/wp\/v2\/posts\/49814","targetHints":{"allow":["GET"]}}],"collection":[{"href":"https:\/\/atecordoba.org\/index.php?rest_route=\/wp\/v2\/posts"}],"about":[{"href":"https:\/\/atecordoba.org\/index.php?rest_route=\/wp\/v2\/types\/post"}],"author":[{"embeddable":true,"href":"https:\/\/atecordoba.org\/index.php?rest_route=\/wp\/v2\/users\/7"}],"replies":[{"embeddable":true,"href":"https:\/\/atecordoba.org\/index.php?rest_route=%2Fwp%2Fv2%2Fcomments&post=49814"}],"version-history":[{"count":1,"href":"https:\/\/atecordoba.org\/index.php?rest_route=\/wp\/v2\/posts\/49814\/revisions"}],"predecessor-version":[{"id":49816,"href":"https:\/\/atecordoba.org\/index.php?rest_route=\/wp\/v2\/posts\/49814\/revisions\/49816"}],"wp:featuredmedia":[{"embeddable":true,"href":"https:\/\/atecordoba.org\/index.php?rest_route=\/wp\/v2\/media\/49815"}],"wp:attachment":[{"href":"https:\/\/atecordoba.org\/index.php?rest_route=%2Fwp%2Fv2%2Fmedia&parent=49814"}],"wp:term":[{"taxonomy":"category","embeddable":true,"href":"https:\/\/atecordoba.org\/index.php?rest_route=%2Fwp%2Fv2%2Fcategories&post=49814"},{"taxonomy":"post_tag","embeddable":true,"href":"https:\/\/atecordoba.org\/index.php?rest_route=%2Fwp%2Fv2%2Ftags&post=49814"}],"curies":[{"name":"wp","href":"https:\/\/api.w.org\/{rel}","templated":true}]}}