{"id":4981,"date":"2015-01-12T14:02:31","date_gmt":"2015-01-12T17:02:31","guid":{"rendered":"http:\/\/www.atecordoba.org\/?p=4981"},"modified":"2015-01-12T14:02:31","modified_gmt":"2015-01-12T17:02:31","slug":"ate-logro-revertir-los-traslados-del-hospital-neuropsiquiatrico","status":"publish","type":"post","link":"https:\/\/atecordoba.org\/?p=4981","title":{"rendered":"ATE logr\u00f3 revertir los traslados del Hospital Neuropsiqui\u00e1trico"},"content":{"rendered":"<p><em>Tras una gesti\u00f3n de nuestro gremio con altas autoridades del Ministerio de Salud, la Direcci\u00f3n General de Salud Mental dej\u00f3 sin efecto el traslado de las afiliadas de ATE Jurijovich y Berra, profesionales de reconocida trayectoria en el Hospital Neuropsiqui\u00e1trico.<\/em><\/p>\n<figure id=\"attachment_4982\" aria-describedby=\"caption-attachment-4982\" style=\"width: 563px\" class=\"wp-caption aligncenter\"><a href=\"http:\/\/www.atecordoba.org\/wp-content\/uploads\/2015\/01\/IMG_7452.jpg\"><img loading=\"lazy\" decoding=\"async\" class=\"wp-image-4982\" src=\"http:\/\/www.atecordoba.org\/wp-content\/uploads\/2015\/01\/IMG_7452.jpg\" alt=\"IMG_7452\" width=\"563\" height=\"317\" \/><\/a><figcaption id=\"caption-attachment-4982\" class=\"wp-caption-text\">Cecilia Berra y Jashle Burijovich, durante una asamblea.<\/figcaption><\/figure>\n<p>&nbsp;<\/p>\n<p>La noticia se supo el fin de semana pasado, pero reci\u00e9n hoy se notific\u00f3 oficialmente: Jashele Jurijovich y Cecilia Berra continuar\u00e1n desempe\u00f1ando funciones en el Hospital Neuropsiqui\u00e1trico.<\/p>\n<p>La medida es fruto de las gestiones realizadas la semana pasado por ATE, cuando el secretario de Prensa, Daniel Pawluchuzk, mantuvo una reuni\u00f3n con alta autoridades de la cartera laboral, que se comprometieron a revisar los mencionados traslados. Ambas profesionales son afiliadas de nuestro gremio desde 2013 y lograron generar un amplio abanico de solidaridad para mantener su lugar de trabajo, contando con el apoyo de organizaciones como la UTS, el Colegio de Psic\u00f3logos y la Universidad Nacional de C\u00f3rdoba.<\/p>\n<p>El pasado mi\u00e9rcoles 7 de enero, Pawluchuzk se reuni\u00f3n en la sede del Ministerio con autoridades de dicho organismo donde se inici\u00f3 el camino para restablecer la paz social en el Hospital Neuropsiqui\u00e1trico, que finalmente deriv\u00f3 en la resoluci\u00f3n del director de Salud Mental, Osvaldo Navarro.<\/p>\n<p>Desde un primer momento ATE rechaz\u00f3 el traslado y los delegados de nuestro gremio en el nosocomio convocaron a asambleas donde los trabajadores expresaron su respaldo a las dos compa\u00f1eras, as\u00ed como pacientes y diversas organizaciones.<\/p>\n<p>ATE saluda la actitud del Ministerio, que revierte una medida intempestiva y arbitraria de parte de la Direcci\u00f3n de Salud Mental y restablece el di\u00e1logo en la instituci\u00f3n para afrontar las graves deficiencias en la atenci\u00f3n que deben solucionarse, para beneficio de los pacientes y los trabajadores.<\/p>\n<figure id=\"attachment_4983\" aria-describedby=\"caption-attachment-4983\" style=\"width: 546px\" class=\"wp-caption aligncenter\"><a href=\"http:\/\/www.atecordoba.org\/wp-content\/uploads\/2015\/01\/nota-navarro-escaneada.png\"><img loading=\"lazy\" decoding=\"async\" class=\"wp-image-4983\" src=\"http:\/\/www.atecordoba.org\/wp-content\/uploads\/2015\/01\/nota-navarro-escaneada.png\" alt=\"nota navarro escaneada\" width=\"546\" height=\"558\" \/><\/a><figcaption id=\"caption-attachment-4983\" class=\"wp-caption-text\">Nota de la Direcci\u00f3n de Salud Mental de la Provincia, informando que revierte los traslados.<\/figcaption><\/figure>\n","protected":false},"excerpt":{"rendered":"<p>Tras una gesti\u00f3n de nuestro gremio con altas autoridades del Ministerio de Salud, la Direcci\u00f3n General de Salud Mental dej\u00f3 sin efecto el traslado de las afiliadas de ATE Jurijovich y Berra, profesionales de reconocida trayectoria en el Hospital Neuropsiqui\u00e1trico. &nbsp; La noticia se supo el fin de semana pasado, pero reci\u00e9n hoy se notific\u00f3 [&hellip;]<\/p>\n","protected":false},"author":1,"featured_media":19220,"comment_status":"open","ping_status":"open","sticky":false,"template":"","format":"standard","meta":{"_exactmetrics_skip_tracking":false,"_exactmetrics_sitenote_active":false,"_exactmetrics_sitenote_note":"","_exactmetrics_sitenote_category":0,"jnews-multi-image_gallery":[],"jnews_single_post":[],"jnews_primary_category":[],"jnews_social_meta":[],"jnews_review":[],"enable_review":"","type":"","name":"","summary":"","brand":"","sku":"","good":[],"bad":[],"score_override":"","override_value":"","rating":[],"price":[],"jnews_override_counter":[],"jnews_post_split":[],"footnotes":""},"categories":[7,8,102],"tags":[],"class_list":["post-4981","post","type-post","status-publish","format-standard","has-post-thumbnail","hentry","category-hospitales","category-provinciales","category-salud-2"],"jetpack_featured_media_url":"https:\/\/atecordoba.org\/wp-content\/uploads\/2020\/05\/logo-nuevochico-e1561581322808.png","_links":{"self":[{"href":"https:\/\/atecordoba.org\/index.php?rest_route=\/wp\/v2\/posts\/4981","targetHints":{"allow":["GET"]}}],"collection":[{"href":"https:\/\/atecordoba.org\/index.php?rest_route=\/wp\/v2\/posts"}],"about":[{"href":"https:\/\/atecordoba.org\/index.php?rest_route=\/wp\/v2\/types\/post"}],"author":[{"embeddable":true,"href":"https:\/\/atecordoba.org\/index.php?rest_route=\/wp\/v2\/users\/1"}],"replies":[{"embeddable":true,"href":"https:\/\/atecordoba.org\/index.php?rest_route=%2Fwp%2Fv2%2Fcomments&post=4981"}],"version-history":[{"count":0,"href":"https:\/\/atecordoba.org\/index.php?rest_route=\/wp\/v2\/posts\/4981\/revisions"}],"wp:featuredmedia":[{"embeddable":true,"href":"https:\/\/atecordoba.org\/index.php?rest_route=\/wp\/v2\/media\/19220"}],"wp:attachment":[{"href":"https:\/\/atecordoba.org\/index.php?rest_route=%2Fwp%2Fv2%2Fmedia&parent=4981"}],"wp:term":[{"taxonomy":"category","embeddable":true,"href":"https:\/\/atecordoba.org\/index.php?rest_route=%2Fwp%2Fv2%2Fcategories&post=4981"},{"taxonomy":"post_tag","embeddable":true,"href":"https:\/\/atecordoba.org\/index.php?rest_route=%2Fwp%2Fv2%2Ftags&post=4981"}],"curies":[{"name":"wp","href":"https:\/\/api.w.org\/{rel}","templated":true}]}}