{"id":49808,"date":"2025-07-29T10:37:34","date_gmt":"2025-07-29T13:37:34","guid":{"rendered":"https:\/\/atecordoba.org\/?p=49808"},"modified":"2025-07-29T10:37:34","modified_gmt":"2025-07-29T13:37:34","slug":"la-justicia-volvio-a-dar-la-razon-a-ate-y-frena-el-cierre-del-inti","status":"publish","type":"post","link":"https:\/\/atecordoba.org\/?p=49808","title":{"rendered":"La Justicia volvi\u00f3 a dar la raz\u00f3n a ATE y frena el cierre del INTI"},"content":{"rendered":"<p><img loading=\"lazy\" decoding=\"async\" class=\"aligncenter wp-image-49810 \" src=\"https:\/\/atecordoba.org\/wp-content\/uploads\/2025\/07\/WhatsApp-Image-2025-07-18-at-14.12.39-1-1024x769.jpeg\" alt=\"\" width=\"621\" height=\"466\" srcset=\"https:\/\/atecordoba.org\/wp-content\/uploads\/2025\/07\/WhatsApp-Image-2025-07-18-at-14.12.39-1-1024x769.jpeg 1024w, https:\/\/atecordoba.org\/wp-content\/uploads\/2025\/07\/WhatsApp-Image-2025-07-18-at-14.12.39-1-300x225.jpeg 300w, https:\/\/atecordoba.org\/wp-content\/uploads\/2025\/07\/WhatsApp-Image-2025-07-18-at-14.12.39-1-768x577.jpeg 768w, https:\/\/atecordoba.org\/wp-content\/uploads\/2025\/07\/WhatsApp-Image-2025-07-18-at-14.12.39-1-1536x1153.jpeg 1536w, https:\/\/atecordoba.org\/wp-content\/uploads\/2025\/07\/WhatsApp-Image-2025-07-18-at-14.12.39-1-2048x1537.jpeg 2048w, https:\/\/atecordoba.org\/wp-content\/uploads\/2025\/07\/WhatsApp-Image-2025-07-18-at-14.12.39-1-750x563.jpeg 750w, https:\/\/atecordoba.org\/wp-content\/uploads\/2025\/07\/WhatsApp-Image-2025-07-18-at-14.12.39-1-1140x856.jpeg 1140w\" sizes=\"auto, (max-width: 621px) 100vw, 621px\" \/>El Juzgado Federal Civil Comercial y Contencioso Administrativo N\u00b02 de San Mart\u00edn fall\u00f3 a favor de ATE y orden\u00f3 al Gobierno que se abstenga de ejecutar cualquier acto administrativo que derive de la aplicaci\u00f3n del decreto 462\/25 que afecte al Instituto Nacional de Tecnolog\u00eda Industrial (INTI).<\/p>\n<p>De esta forma, la Justicia Nacional dio la raz\u00f3n a nuestro sindicato que hab\u00eda presentado una medida cautelar, impugnando el DNU impulsado por el ministro Federico\u00a0Sturzenegger por configurar una desviaci\u00f3n de poder que ocultar\u00eda una disoluci\u00f3n, desfederalizaci\u00f3n, y vaciamiento del INTI, expresamente vedado por el art. 3 de la ley 27.742.<\/p>\n<p>El fallo ordena al gobierno de Milei que &#8220;se abstenga de ejecutar cualquier acto administrativo, que derive de la<br \/>\naplicaci\u00f3n del decreto N\u00b0462\/2025, incluyendo reubicaciones, traslados, cesant\u00edas, suspensiones, pases a disponibilidad de personal o supresi\u00f3n de estructuras vinculadas al Instituto Nacional de Tecnolog\u00eda Industrial (INTI)&#8221;. <img loading=\"lazy\" decoding=\"async\" class=\"aligncenter wp-image-49811 size-full\" src=\"https:\/\/atecordoba.org\/wp-content\/uploads\/2025\/07\/inti-flyer-18-7-p-1.png\" alt=\"\" width=\"481\" height=\"239\" srcset=\"https:\/\/atecordoba.org\/wp-content\/uploads\/2025\/07\/inti-flyer-18-7-p-1.png 481w, https:\/\/atecordoba.org\/wp-content\/uploads\/2025\/07\/inti-flyer-18-7-p-1-300x149.png 300w, https:\/\/atecordoba.org\/wp-content\/uploads\/2025\/07\/inti-flyer-18-7-p-1-360x180.png 360w\" sizes=\"auto, (max-width: 481px) 100vw, 481px\" \/><\/p>\n<p>El planteo de ATE logr\u00f3 la validaci\u00f3n judicial trav\u00e9s del equipo de abogados del Consejo Directivo Nacional de ATE y con el valioso aporte del Secretario Legal y T\u00e9cnico de nuestra Junta Interna, Dr. Mariano Ortiz Cairo, una contundente medida cautelar de m\u00e1s de 80 p\u00e1ginas acorde al ataque que recibido el conjunto de trabajadores con la publicaci\u00f3n del DNU 462\/25.\u00a0La vigencia de esta medida se extender\u00e1 por el t\u00e9rmino de seis meses.<\/p>\n<p>El secretario General de ATE Nacional, Rodolfo Aguiar, celebr\u00f3 el fallo que fustig\u00f3 al p<span class=\"css-1jxf684 r-bcqeeo r-1ttztb7 r-qvutc0 r-poiln3\">residente Milei: &#8220;<\/span><span class=\"css-1jxf684 r-bcqeeo r-1ttztb7 r-qvutc0 r-poiln3\">para asegurar el plan colonial que le encargaron, usted se propone aniquilar la industria y la producci\u00f3n, pero no va poder&#8221;.\u00a0<\/span><\/p>\n<p>En esa l\u00ednea, el dirigente tambi\u00e9n se acord\u00f3 del ministro Sturzenegger y lo acus\u00f3 de ser &#8220;bastante in\u00fatil&#8221;.\u00a0<span class=\"css-1jxf684 r-bcqeeo r-1ttztb7 r-qvutc0 r-poiln3\">&#8220;Ni las facultades delegadas supieron utilizar. Uno por uno vamos a voltear tus decretos truchos&#8221;, concluy\u00f3.<\/span><\/p>\n<p>Sigamos haciendo grande con afiliaci\u00f3n y participaci\u00f3n. Nuestra ATE es la \u00fanica herramienta gremial que defiende con responsabilidad y trabajo a los y las estatales.<\/p>\n<a href=\"https:\/\/atecordoba.org\/wp-content\/uploads\/2025\/07\/Medida-Cautelar-INTI.pdf\" class=\"pdfemb-viewer\" style=\"\" data-width=\"max\" data-height=\"max\" data-toolbar=\"bottom\" data-toolbar-fixed=\"off\">Medida Cautelar INTI<\/a>\n","protected":false},"excerpt":{"rendered":"<p>El Juzgado Federal Civil Comercial y Contencioso Administrativo N\u00b02 de San Mart\u00edn fall\u00f3 a favor de ATE y orden\u00f3 al Gobierno que se abstenga de ejecutar cualquier acto administrativo que derive de la aplicaci\u00f3n del decreto 462\/25 que afecte al Instituto Nacional de Tecnolog\u00eda Industrial (INTI). De esta forma, la Justicia Nacional dio la raz\u00f3n [&hellip;]<\/p>\n","protected":false},"author":7,"featured_media":49811,"comment_status":"open","ping_status":"open","sticky":false,"template":"","format":"standard","meta":{"_exactmetrics_skip_tracking":false,"_exactmetrics_sitenote_active":false,"_exactmetrics_sitenote_note":"","_exactmetrics_sitenote_category":0,"jnews-multi-image_gallery":[],"jnews_single_post":[],"jnews_primary_category":[],"jnews_social_meta":[],"jnews_review":[],"enable_review":"","type":"","name":"","summary":"","brand":"","sku":"","good":[],"bad":[],"score_override":"","override_value":"","rating":[],"price":[],"jnews_override_counter":[],"jnews_post_split":[],"footnotes":""},"categories":[18],"tags":[],"class_list":["post-49808","post","type-post","status-publish","format-standard","has-post-thumbnail","hentry","category-nacionales"],"jetpack_featured_media_url":"https:\/\/atecordoba.org\/wp-content\/uploads\/2025\/07\/inti-flyer-18-7-p-1.png","_links":{"self":[{"href":"https:\/\/atecordoba.org\/index.php?rest_route=\/wp\/v2\/posts\/49808","targetHints":{"allow":["GET"]}}],"collection":[{"href":"https:\/\/atecordoba.org\/index.php?rest_route=\/wp\/v2\/posts"}],"about":[{"href":"https:\/\/atecordoba.org\/index.php?rest_route=\/wp\/v2\/types\/post"}],"author":[{"embeddable":true,"href":"https:\/\/atecordoba.org\/index.php?rest_route=\/wp\/v2\/users\/7"}],"replies":[{"embeddable":true,"href":"https:\/\/atecordoba.org\/index.php?rest_route=%2Fwp%2Fv2%2Fcomments&post=49808"}],"version-history":[{"count":1,"href":"https:\/\/atecordoba.org\/index.php?rest_route=\/wp\/v2\/posts\/49808\/revisions"}],"predecessor-version":[{"id":49812,"href":"https:\/\/atecordoba.org\/index.php?rest_route=\/wp\/v2\/posts\/49808\/revisions\/49812"}],"wp:featuredmedia":[{"embeddable":true,"href":"https:\/\/atecordoba.org\/index.php?rest_route=\/wp\/v2\/media\/49811"}],"wp:attachment":[{"href":"https:\/\/atecordoba.org\/index.php?rest_route=%2Fwp%2Fv2%2Fmedia&parent=49808"}],"wp:term":[{"taxonomy":"category","embeddable":true,"href":"https:\/\/atecordoba.org\/index.php?rest_route=%2Fwp%2Fv2%2Fcategories&post=49808"},{"taxonomy":"post_tag","embeddable":true,"href":"https:\/\/atecordoba.org\/index.php?rest_route=%2Fwp%2Fv2%2Ftags&post=49808"}],"curies":[{"name":"wp","href":"https:\/\/api.w.org\/{rel}","templated":true}]}}